{"id":1251,"date":"2013-06-07T14:26:48","date_gmt":"2013-06-07T18:56:48","guid":{"rendered":"http:\/\/gradadigital.com\/home\/?p=1251"},"modified":"2013-06-07T14:47:39","modified_gmt":"2013-06-07T19:17:39","slug":"edgar-jimenez-no-seguira-vistiendo-la-camiseta-del-caracas-fc","status":"publish","type":"post","link":"http:\/\/gradadigital.com\/home\/edgar-jimenez-no-seguira-vistiendo-la-camiseta-del-caracas-fc\/","title":{"rendered":"Edgar Jim\u00e9nez no seguir\u00e1 vistiendo la camiseta del Caracas FC"},"content":{"rendered":"<p style=\"text-align: center;\"><img decoding=\"async\" alt=\"http:\/\/www.gradadigital.com\/principal\/images\/stories\/edgar_jimenez_caracas_03042012.jpg\" src=\"http:\/\/www.gradadigital.com\/principal\/images\/stories\/edgar_jimenez_caracas_03042012.jpg\" \/><\/p>\n<p style=\"text-align: justify;\"><strong>Prensa Caracas FC &#8211;<\/strong> Caracas F\u00fatbol Club y Edgar Jim\u00e9nez decidieron rescindir, de mutuo acuerdo, el contrato que estaba en vigencia y culminaba el 31 de mayo de 2015, convirti\u00e9ndose en la novena baja del equipo de cara a la temporada 2013-14.<\/p>\n<p style=\"text-align: justify;\">Jim\u00e9nez fue uno de los jugadores que creci\u00f3 en la instituci\u00f3n avile\u00f1a y su talento se hizo sentir r\u00e1pidamente en las divisiones inferiores (temporada 2001-02), al punto de abrirse camino hacia el equipo principal y con el tiempo portando la banda como capit\u00e1n.<\/p>\n<p style=\"text-align: justify;\">Defendi\u00f3 los colores del rojo con entrega absoluta, con t\u00edtulos en la categor\u00eda Sub-20 y en el equipo de Primera Divisi\u00f3n, tambi\u00e9n festej\u00f3 en Copa Venezuela (2009) y se convirti\u00f3 en el jugador con m\u00e1s presencias dentro del equipo en Copa Libertadores de Am\u00e9rica.<\/p>\n<p style=\"text-align: justify;\">Por su entrega y profesionalismo durante su tiempo de servicio con la instituci\u00f3n le deseamos todo el \u00e9xito en sus pr\u00f3ximos retos y metas trazadas a mediano y largo plazo.<\/p>\n","protected":false},"excerpt":{"rendered":"<p>Prensa Caracas FC &#8211; Caracas F\u00fatbol Club y Edgar Jim\u00e9nez decidieron rescindir, de mutuo acuerdo, el contrato que estaba en vigencia y culminaba el 31 de mayo de 2015, convirti\u00e9ndose en la novena baja del equipo de cara a la temporada 2013-14. Jim\u00e9nez fue uno de los jugadores que creci\u00f3 en la instituci\u00f3n avile\u00f1a y &#8230;<\/p>\n","protected":false},"author":3,"featured_media":1252,"comment_status":"closed","ping_status":"closed","sticky":false,"template":"","format":"standard","meta":{"footnotes":""},"categories":[9,5,31],"tags":[],"class_list":["post-1251","post","type-post","status-publish","format-standard","has-post-thumbnail","hentry","category-caracas-fc","category-futbol-nacional","category-primera-division"],"_links":{"self":[{"href":"http:\/\/gradadigital.com\/home\/wp-json\/wp\/v2\/posts\/1251","targetHints":{"allow":["GET"]}}],"collection":[{"href":"http:\/\/gradadigital.com\/home\/wp-json\/wp\/v2\/posts"}],"about":[{"href":"http:\/\/gradadigital.com\/home\/wp-json\/wp\/v2\/types\/post"}],"author":[{"embeddable":true,"href":"http:\/\/gradadigital.com\/home\/wp-json\/wp\/v2\/users\/3"}],"replies":[{"embeddable":true,"href":"http:\/\/gradadigital.com\/home\/wp-json\/wp\/v2\/comments?post=1251"}],"version-history":[{"count":2,"href":"http:\/\/gradadigital.com\/home\/wp-json\/wp\/v2\/posts\/1251\/revisions"}],"predecessor-version":[{"id":1254,"href":"http:\/\/gradadigital.com\/home\/wp-json\/wp\/v2\/posts\/1251\/revisions\/1254"}],"wp:featuredmedia":[{"embeddable":true,"href":"http:\/\/gradadigital.com\/home\/wp-json\/wp\/v2\/media\/1252"}],"wp:attachment":[{"href":"http:\/\/gradadigital.com\/home\/wp-json\/wp\/v2\/media?parent=1251"}],"wp:term":[{"taxonomy":"category","embeddable":true,"href":"http:\/\/gradadigital.com\/home\/wp-json\/wp\/v2\/categories?post=1251"},{"taxonomy":"post_tag","embeddable":true,"href":"http:\/\/gradadigital.com\/home\/wp-json\/wp\/v2\/tags?post=1251"}],"curies":[{"name":"wp","href":"https:\/\/api.w.org\/{rel}","templated":true}]}}