{"id":12489,"date":"2014-05-28T18:20:34","date_gmt":"2014-05-28T22:50:34","guid":{"rendered":"http:\/\/gradadigital.com\/home\/?p=12489"},"modified":"2014-05-28T18:48:25","modified_gmt":"2014-05-28T23:18:25","slug":"especial-los-secretos-detras-del-septimo-titulo-de-noel-sanvicente-trabajo-para-alcanzar-los-resultados","status":"publish","type":"post","link":"http:\/\/gradadigital.com\/home\/especial-los-secretos-detras-del-septimo-titulo-de-noel-sanvicente-trabajo-para-alcanzar-los-resultados\/","title":{"rendered":"ESPECIAL | Los secretos detr\u00e1s del s\u00e9ptimo t\u00edtulo de Noel Sanvicente: \u00abTrabajo para alcanzar los resultados\u00bb"},"content":{"rendered":"<p style=\"text-align: center;\"><img loading=\"lazy\" decoding=\"async\" class=\"alignnone size-full wp-image-12495\" src=\"http:\/\/gradadigital.com\/home\/wp-content\/uploads\/2014\/05\/noel_sanvicente_especial_zamora_mineros_28052014.jpg\" alt=\"noel_sanvicente_especial_zamora_mineros_28052014\" width=\"682\" height=\"396\" srcset=\"http:\/\/gradadigital.com\/home\/wp-content\/uploads\/2014\/05\/noel_sanvicente_especial_zamora_mineros_28052014.jpg 682w, http:\/\/gradadigital.com\/home\/wp-content\/uploads\/2014\/05\/noel_sanvicente_especial_zamora_mineros_28052014-300x174.jpg 300w\" sizes=\"auto, (max-width: 682px) 100vw, 682px\" \/><\/p>\n<p style=\"text-align: justify;\"><strong>Miguel Vallenilla &#8211;<\/strong> Cuenta la leyenda que en San Felix, Estado Bol\u00edvar, naci\u00f3 el t\u00e9cnico m\u00e1s ganador de Venezuela\u2026 De esta manera iniciar\u00e1 en un futuro lejano la historia de Noel Sanvicente, estratega que vive el d\u00eda a d\u00eda con la mente puesta en el trabajo inalcanzable, en el an\u00e1lisis de los juegos, en perfilar al jugador, y en hacerles creer a sus disc\u00edpulos que todo es posible.<\/p>\n<p style=\"text-align: justify;\">No es m\u00e1s que un hombre que se despierta lo m\u00e1s temprano que la mayor\u00eda, y es el \u00faltimo en retirarse. Accionando los aspersores de la cancha de Tavacare, se asegura que se encuentre en perfectas condiciones, pues all\u00ed se est\u00e1n formando el presente y futuro de cada jugador que hace vida en Barinas. En sus ojos consigue el sue\u00f1o de un nuevo atleta, algunos de ellos obstaculizados, y \u00e9l se encarga de mostrarle el camino para hacerlo real.<\/p>\n<p style=\"text-align: justify;\">En sus manos ha formado gran cantidad de protagonistas que han hecho brillar al f\u00fatbol venezolano tanto dentro como fuera de nuestras fronteras. Y entre sue\u00f1o y sue\u00f1o, \u00e9l tambi\u00e9n guarda profundamente un lugar que late por La Vinotinto. El momento llegar\u00e1. Nadie sabe c\u00f3mo y cu\u00e1ndo, pero ser\u00eda casi que una maldad pensar que el hoy siete veces campe\u00f3n de Venezuela no pueda alcanzarlo. Digamos entonces, que el momento le llegar\u00e1, y como \u00e9l ha compartido: \u201cel de arriba todo lo mira\u201d.<\/p>\n<p style=\"text-align: justify;\">Hoy, el nuevamente campe\u00f3n, sonr\u00ede una vez m\u00e1s junto a su familia, esa sonrisa que se ha colmado en cada rinc\u00f3n de Barinas, como \u00e9l mismo ha dominado, los llanos se hacen sentir. Es la segunda estrella. Lo crey\u00f3, lo luch\u00f3, sus jugadores creyeron, lo lucharon, y hoy la vuelta han podido dar. A continuaci\u00f3n, los secretos de Sanvicente detr\u00e1s de su s\u00e9ptimo t\u00edtulo junto a GradaDigital. No hay metas inalcanzables, si logros qu\u00e9 buscar.<\/p>\n<p style=\"text-align: center;\"><img loading=\"lazy\" decoding=\"async\" class=\"alignnone size-full wp-image-12496\" src=\"http:\/\/gradadigital.com\/home\/wp-content\/uploads\/2014\/05\/noel_sanvicente_especial_zamora_28052014_2.jpg\" alt=\"noel_sanvicente_especial_zamora_28052014_2\" width=\"682\" height=\"396\" srcset=\"http:\/\/gradadigital.com\/home\/wp-content\/uploads\/2014\/05\/noel_sanvicente_especial_zamora_28052014_2.jpg 682w, http:\/\/gradadigital.com\/home\/wp-content\/uploads\/2014\/05\/noel_sanvicente_especial_zamora_28052014_2-300x174.jpg 300w\" sizes=\"auto, (max-width: 682px) 100vw, 682px\" \/><\/p>\n<p style=\"text-align: justify; padding-left: 60px;\"><em><strong>\u00bfEs el t\u00edtulo m\u00e1s sufrido y a la vez el m\u00e1s especial?<\/strong><\/em><br \/>\n<em>Dicen por ah\u00ed que nadie es profeta en su tierra. Un Guayan\u00e9s se lleva un t\u00edtulo ante su gente. Por primera vez estuvo toda mi familia. Desde el sobrino, el primo, el nieto, mam\u00e1, abuelo, t\u00edo, amistades, y mi esposa y mis dos hijos. Cu\u00f1ados, el suegro la suegra. Por primera vez pasa estoy y por esa raz\u00f3n este t\u00edtulo me es tan especial y me es tan importante. Estar ante mi gente.<\/em><\/p>\n<p style=\"text-align: justify; padding-left: 60px;\"><em><strong>Adem\u00e1s \u2026<\/strong><\/em><br \/>\n<em>Por primera vez mi hijo lo est\u00e1 viviendo totalmente diferente. Est\u00e1 jugando f\u00fatbol, lo hace muy bien, le va bien en los estudios. Y me dijo \u201cpap\u00e1 ll\u00e9vate esto (licras con los que juega) que te va a dar suerte para que seas campe\u00f3n\u201d, as\u00ed que estoy contento por vivirlo con Noel Alejandro, y toda la familia que fue a apoyarme.<\/em><\/p>\n<p style=\"text-align: center;\"><img loading=\"lazy\" decoding=\"async\" class=\"alignnone size-full wp-image-12493\" src=\"http:\/\/gradadigital.com\/home\/wp-content\/uploads\/2014\/05\/noel_sanvicente_especial_zamora_28052014_4.jpg\" alt=\"noel_sanvicente_especial_zamora_28052014_4\" width=\"682\" height=\"396\" srcset=\"http:\/\/gradadigital.com\/home\/wp-content\/uploads\/2014\/05\/noel_sanvicente_especial_zamora_28052014_4.jpg 682w, http:\/\/gradadigital.com\/home\/wp-content\/uploads\/2014\/05\/noel_sanvicente_especial_zamora_28052014_4-300x174.jpg 300w\" sizes=\"auto, (max-width: 682px) 100vw, 682px\" \/><\/p>\n<p style=\"text-align: justify; padding-left: 60px;\"><em><strong>\u00bfPor qu\u00e9 el Zamora sufri\u00f3 tanto?<\/strong><\/em><br \/>\n<em>M\u00e9rito al rival que no nos dej\u00f3, y creo que el \u00e1rbitro (Juan Soto) dej\u00f3 pegar demasiado. Ellos impusieron su jerarqu\u00eda, su veteran\u00eda, su experiencia, y que las cosas se nos estaban escapando por no tener tampoco la contundencia de parte del arbitraje. El rival jug\u00f3, mantuvo la pelota, la posesi\u00f3n, pero lo importante era dar la vuelta y pudimos conseguirlo.<\/em><\/p>\n<p style=\"text-align: justify; padding-left: 60px;\"><em><strong>El proyecto le est\u00e1 dando frutos<\/strong><\/em><br \/>\n<em>Tuve la oportunidad de ir a T\u00e1chira por m\u00e1s dinero, y me qued\u00e9 con un equipo modesto que acept\u00f3 un proyecto, y ese proyecto le acaba de dar dos estrellas y dos Torneos Clausuras. Quiere decir que las cosas se hacen por buen camino, y que el mayor logro que podemos hacer es crear infraestructura<\/em><\/p>\n<p style=\"text-align: justify; padding-left: 60px;\"><em><strong>\u00bfCu\u00e1l fue la clave para alcanzar el t\u00edtulo?<\/strong><\/em><br \/>\n<em>Se impuso el localista, el que sac\u00f3 m\u00e1s ventaja de local. Ten\u00eda que salir un vencedor y salimos nosotros. Se impuso un equipo ante uno de mucha jerarqu\u00eda, con muy buenos jugadores, y que econ\u00f3micamente nos sobrepasa de aqu\u00ed a Barinas.<\/em><\/p>\n<p style=\"text-align: justify; padding-left: 60px;\"><em><strong>Antes del encuentro, \u00bfqu\u00e9 se pensaba?<\/strong><\/em><br \/>\n<em>Una final son 180 minutos. Ten\u00edamos una ventaja donde sab\u00edamos que \u00edbamos a vivir un partido distinto, donde tienen una gran cantidad de partidos seguidos ganando, invictos. Hab\u00eda que tener serenidad, trabajar el partido, buscar las cosas que ten\u00edamos para tratar de hacer una buena presentaci\u00f3n.<\/em><\/p>\n<p style=\"text-align: justify; padding-left: 60px;\"><em><strong>Fue clave el juego en Barinas<\/strong><\/em><br \/>\n<em>La idea era ganar, mantener el arco en cero. Se gan\u00f3 y con una cantidad abultada que no se esperaba. En una final es raro que se d\u00e9 una cantidad de goles as\u00ed. Est\u00e1bamos conscientes que ah\u00ed empez\u00f3 pero no terminaba en Barinas.<\/em><\/p>\n<p style=\"text-align: center;\"><img loading=\"lazy\" decoding=\"async\" class=\"alignnone size-full wp-image-12492\" src=\"http:\/\/gradadigital.com\/home\/wp-content\/uploads\/2014\/05\/noel_sanvicente_especial_zamora_28052014_5.jpg\" alt=\"noel_sanvicente_especial_zamora_28052014_5\" width=\"682\" height=\"396\" srcset=\"http:\/\/gradadigital.com\/home\/wp-content\/uploads\/2014\/05\/noel_sanvicente_especial_zamora_28052014_5.jpg 682w, http:\/\/gradadigital.com\/home\/wp-content\/uploads\/2014\/05\/noel_sanvicente_especial_zamora_28052014_5-300x174.jpg 300w\" sizes=\"auto, (max-width: 682px) 100vw, 682px\" \/><\/p>\n<p style=\"text-align: justify; padding-left: 60px;\"><em><strong>Y antes, el ag\u00f3nico triunfo ante el Zulia para lograr el Clausura<\/strong><\/em><br \/>\n<em>En el f\u00fatbol dos m\u00e1s dos no son cuatro. Imagina, el partido que supuestamente estaba m\u00e1s f\u00e1cil vino siendo el m\u00e1s dif\u00edcil. Y el que vino siendo m\u00e1s dif\u00edcil fue el m\u00e1s f\u00e1cil en resultado (ida de la final). Nunca dejamos de creer en nosotros. Ese gol de Falc\u00f3n es muestra de que somos un equipo que da todo hasta \u00faltimo momento.<\/em><\/p>\n<p style=\"text-align: justify; padding-left: 60px;\"><em><strong>\u00bfPor qu\u00e9 alcanzaron disputar la final?<\/strong><\/em><br \/>\n<em>Hay que estar conscientes de que llegamos por m\u00e9rito a esa fiesta, a la final. Que hab\u00eda que vivirlo trabajando, sin hacer nada distinto. Concentrado, sin dejarse llevar por lo que dice la gente. Fue un a\u00f1o de trabajo. La idea era entrar en una Copa internacional, sabiendo que jug\u00e1bamos una Copa Libertadores e iba a ser dif\u00edcil con el desgaste que el equipo ten\u00eda. Se lleg\u00f3 dependiendo de nosotros, ante un rival que poco ten\u00eda que perder, s\u00ed much\u00edsimo que ganar, y que se dio hasta \u00faltima hora por la misma ansiedad.<\/em><\/p>\n<p style=\"text-align: justify; padding-left: 60px;\"><em><strong>\u00bfSiente que lleg\u00f3 con mayor madurez tras la cantidad de finales que ya hab\u00eda disputado?<\/strong><\/em><br \/>\n<em>Uno va adquiriendo esa madurez y a lo mejor lo vive de una manera distinta. Pero quienes est\u00e1n metidos en esto saben que quienes est\u00e1n empezando tienen mucha ansiedad, y con la experiencia que uno tiene se trata de manejar y aportar (a los jugadores).<\/em><\/p>\n<p style=\"text-align: center;\"><img loading=\"lazy\" decoding=\"async\" class=\"alignnone size-full wp-image-12499\" src=\"http:\/\/gradadigital.com\/home\/wp-content\/uploads\/2014\/05\/noel_sanvicente_especial_zamora_richard_paez_28052014.jpg\" alt=\"noel_sanvicente_especial_zamora_richard_paez_28052014\" width=\"682\" height=\"396\" srcset=\"http:\/\/gradadigital.com\/home\/wp-content\/uploads\/2014\/05\/noel_sanvicente_especial_zamora_richard_paez_28052014.jpg 682w, http:\/\/gradadigital.com\/home\/wp-content\/uploads\/2014\/05\/noel_sanvicente_especial_zamora_richard_paez_28052014-300x174.jpg 300w\" sizes=\"auto, (max-width: 682px) 100vw, 682px\" \/><\/p>\n<p style=\"text-align: justify; padding-left: 60px;\"><em><strong>Muchos hablaron del episodio en el Clausura entre Richard P\u00e1ez y usted. \u00bfQu\u00e9 pudieron expresarse en ese afectuoso saludo en el encuentro de ida?<\/strong><\/em><br \/>\n<em>Siempre he tenido respeto y admiraci\u00f3n por Richard. El saludo que me mostr\u00f3 fue con mucha sinceridad. Para mi es el t\u00e9cnico que nos abri\u00f3 el camino a los entrenadores venezolanos. Antes dirig\u00edan muchos extranjeros y lleg\u00f3 a la selecci\u00f3n y nos sembr\u00f3 la semilla de que nos importara la Vinotinto, y las cosas que pasaron, ya es pasado. Aquello fue por intensidad del juego, y si a m\u00ed me pidieran un voto para saber qui\u00e9n debe agarrar a la selecci\u00f3n, sin pensarlo dos veces mi nombre ser\u00eda Richard P\u00e1ez. Estoy seguro que lo de \u00e9l fue con mucho cari\u00f1o. Uno siente cuando una persona te va a abrazar o hablar, y lo que \u00e9l me dijo fueron palabras muy bonitas, e igualmente yo hacia \u00e9l.<\/em><\/p>\n<p style=\"text-align: justify; padding-left: 60px;\"><em><strong>Como ha cambiado el Zamora, de un equipo poco conocido, a ser admirado<\/strong><\/em><br \/>\n<em>La idea era llenar un estadio. Lo hicimos en los primeros dos semestres. Esta vez volvimos a hacerlo, es un equipo que va en crecimiento. El barin\u00e9s se est\u00e1 entusiasmando. Tengo la experiencia de que a\u00f1os atr\u00e1s muchos no quer\u00edan ir al estadio por todas las cosas que pasaban, pero que ven que las cosas van por buen camino, y la gente se anota con los ganadores.<\/em><\/p>\n<p style=\"text-align: justify; padding-left: 60px;\"><em><strong>Adem\u00e1s se ha ganado un importante aprecio de la afici\u00f3n<\/strong><\/em><br \/>\n<em>En todos los partidos de local, y de visitante me lo hacen saber. La gente me tiene un respeto y cari\u00f1o hacia mi persona y al equipo. No ha sido solo por jugar la final, sino toda la temporada. Es bonito cuando tienes un respaldo y confianza de la gente que te acompa\u00f1a.<\/em><\/p>\n<p style=\"text-align: center;\"><img loading=\"lazy\" decoding=\"async\" class=\"alignnone size-full wp-image-12494\" src=\"http:\/\/gradadigital.com\/home\/wp-content\/uploads\/2014\/05\/noel_sanvicente_especial_zamora_28052014_3.jpg\" alt=\"noel_sanvicente_especial_zamora_28052014_3\" width=\"682\" height=\"396\" srcset=\"http:\/\/gradadigital.com\/home\/wp-content\/uploads\/2014\/05\/noel_sanvicente_especial_zamora_28052014_3.jpg 682w, http:\/\/gradadigital.com\/home\/wp-content\/uploads\/2014\/05\/noel_sanvicente_especial_zamora_28052014_3-300x174.jpg 300w\" sizes=\"auto, (max-width: 682px) 100vw, 682px\" \/><\/p>\n<p style=\"text-align: justify; padding-left: 60px;\"><em><strong>A\u00f1o tras a\u00f1o cuando gana una estrella, se le consulta si es su tope<\/strong><\/em><br \/>\n<em>No s\u00e9 si estoy en mi tope. Solo s\u00e9 que trabajo para alcanzar los resultados. El trabajo te da la seguridad de que hiciste las cosas bien, que los muchachos tienen las herramientas para jugar.<\/em><\/p>\n<p style=\"text-align: justify; padding-left: 60px;\"><em><strong>\u00bfPudo haber temor en los jugadores en este encuentro tan decisivo?<\/strong><\/em><br \/>\n<em>Creo que el deportista no tiene miedo, y s\u00ed ansiedad. Cuando uno entra a la cancha se te olvida todo. Tengo un grupo de trabajo que hace las cosas bien. Hablo del utilero hasta el Presidente del equipo. Y cuando un grupo est\u00e1 bien, hay mucha probabilidad de que las cosas salgan como uno lo piensa.<\/em><\/p>\n<p style=\"text-align: justify; padding-left: 60px;\"><em><strong>Otra vez el Zamora debi\u00f3 cerrar una final de visitante<\/strong><\/em><br \/>\n<em>El destino quiso que Zamora cerrara de visitante, y para ser campe\u00f3n se necesita sacar el resultado afuera y adentro.<\/em><\/p>\n<p style=\"text-align: justify; padding-left: 60px;\"><em><strong>\u00bfSe puede sacar \u201cventaja\u201d cuando en Mineros de Guayana hab\u00edan jugadores que pasaron por sus manos?<\/strong><\/em><br \/>\n<em>As\u00ed dir\u00e1n ellos, que pod\u00edan conocerme o saber c\u00f3mo pienso yo. Creo que es relativo. Lo que no cambia es que tengo mucha amistad con muchos de ellos, que nos brindamos much\u00edsimas alegr\u00edas, que fueron excelentes profesionales y me siento orgulloso de verlos del otro lado haciendo cosas por nuestro f\u00fatbol, y que esa amistad seguir\u00e1.<\/em><\/p>\n<p style=\"text-align: justify; padding-left: 60px;\"><em><strong>La mentalidad del jugador del Zamora es una mentalidad ganadora<\/strong><\/em><br \/>\n<em>Fuimos a cambiarle la mentalidad. El \u201cno se puede\u201d por \u201cs\u00ed\u201d. Que sean gerentes de su cuerpo, que se sientan profesionales. Que para ellos crecer, necesita crecer la directiva, porque ellos deben tener una estabilidad para que solo puedan pensar y visualizar el f\u00fatbol.<\/em><\/p>\n<p style=\"text-align: center;\"><img loading=\"lazy\" decoding=\"async\" class=\"alignnone size-full wp-image-12497\" src=\"http:\/\/gradadigital.com\/home\/wp-content\/uploads\/2014\/05\/noel_sanvicente_especial_zamora_28052014.jpg\" alt=\"noel_sanvicente_especial_zamora_28052014\" width=\"682\" height=\"396\" srcset=\"http:\/\/gradadigital.com\/home\/wp-content\/uploads\/2014\/05\/noel_sanvicente_especial_zamora_28052014.jpg 682w, http:\/\/gradadigital.com\/home\/wp-content\/uploads\/2014\/05\/noel_sanvicente_especial_zamora_28052014-300x174.jpg 300w\" sizes=\"auto, (max-width: 682px) 100vw, 682px\" \/><\/p>\n<p style=\"text-align: justify; padding-left: 60px;\"><em><strong>\u00bfEn qu\u00e9 han cambiado?<\/strong><\/em><br \/>\n<em>Tengo un grupo que piensa diferente. A lo mejor no al cien por ciento, pero que s\u00ed piensa diferente, y que uno debe aprovechar esta carrera corta. De sacar a su familia hacia adelante, y ganando se consiguen buenos contratos, vienen cosas importantes que te dan un status diferente.<\/em><\/p>\n<p style=\"text-align: justify; padding-left: 60px;\"><em><strong>\u00bfCu\u00e1l es la clave que deben seguir sus jugadores?<\/strong><\/em><br \/>\n<em>Se debe tener mucho sacrificio, mucha humildad. Que el trabajo del d\u00eda a d\u00eda te lleva algo para tu casa. El Pedro de hoy es distinto al que yo conoc\u00eda antes. El Falc\u00f3n, el Vargas, el Murillo. Hablamos de jugadores que estaban en un equipo que peleaba en la mitad de tabla y que hoy son competitivos. Hoy en d\u00eda ellos pueden decir que pelean por premios, que obtienen premios por partidos y metas alcanzadas.<\/em><\/p>\n<p style=\"text-align: justify; padding-left: 60px;\"><em><strong>\u00bfY esa profesionalizaci\u00f3n se basa en qu\u00e9?<\/strong><\/em><br \/>\n<em>El f\u00fatbol tambi\u00e9n es dinero. Muchos dir\u00e1n que no es as\u00ed, pero mientras m\u00e1s ganas, consigues mayores cosas. Uno juega para divertirse, pero ellos eligieron una profesi\u00f3n, y en esta profesi\u00f3n mientras m\u00e1s ganes, mayor importancia tendr\u00e1s para otros equipos, te har\u00e1n mejores contratos, obtendr\u00e1s mejores premios. Y detr\u00e1s de eso hay muchas cositas que te hacen crecer.<\/em><\/p>\n<p style=\"text-align: justify; padding-left: 60px;\"><em><strong>Finalizado el torneo, con el t\u00edtulo en sus manos \u00bfqu\u00e9 se dice ahora?<\/strong><\/em><br \/>\n<em>Que disfruten de sus vacaciones. No era lo mismo ir de vacaciones con una sonrisa que una con tristeza. La idea es seguir creciendo y seguir trabajando. Viene lo m\u00e1s importante del a\u00f1o que no son los partidos, sino la pretemporada. Hay que tratar de hacer una buena base para lo que viene. Ellos pueden hacer lo que no hicieron, pero deben ser profesionales, que disfruten con sus familias sin hacer lo contrario a un profesional y con las bater\u00edas recargadas para trabajar duro. Es la clave.<\/em><\/p>\n<p style=\"text-align: center;\"><img loading=\"lazy\" decoding=\"async\" class=\"alignnone size-full wp-image-12498\" src=\"http:\/\/gradadigital.com\/home\/wp-content\/uploads\/2014\/05\/noel_sanvicente_especial_zamora_28052014_6.jpg\" alt=\"noel_sanvicente_especial_zamora_28052014_6\" width=\"682\" height=\"396\" srcset=\"http:\/\/gradadigital.com\/home\/wp-content\/uploads\/2014\/05\/noel_sanvicente_especial_zamora_28052014_6.jpg 682w, http:\/\/gradadigital.com\/home\/wp-content\/uploads\/2014\/05\/noel_sanvicente_especial_zamora_28052014_6-300x174.jpg 300w\" sizes=\"auto, (max-width: 682px) 100vw, 682px\" \/><\/p>\n<p style=\"text-align: justify; padding-left: 60px;\"><em><strong>\u00bfLa cancha de Tavacare es la joya de Sanvicente?<\/strong><\/em><br \/>\n<em>Puede ser. Cuando llegu\u00e9 no estaba en buenas condiciones. Estaba muy dura. Mand\u00e9 a arreglar algunas cosas. El coraz\u00f3n del Tavacare es el riego, y que cuando no estoy yo, tiene que estar varias personas encargadas. Contrat\u00e9 a un se\u00f1or para que est\u00e9 pendiente. Dicen que es la ni\u00f1a de mis ojos porque estoy pendiente que sea una buena cancha. Eso hace que el jugador se sienta en mejores condiciones para trabajar. Lo bonito es que ya no es solo \u201cChita\u201d, sino que todos se comprometen en cuidarla.<\/em><\/p>\n<p style=\"text-align: justify; padding-left: 60px;\"><em><strong>Ya son siete estrellas como director t\u00e9cnico. \u00bfQu\u00e9 m\u00e1s debe convencer Sanvicente para ser llamado a la Selecci\u00f3n?<\/strong><\/em><br \/>\n<em>Hoy me veo muy lejos de la selecci\u00f3n, porque ir a la selecci\u00f3n significa que ellos se adapten a m\u00ed, no que yo me adapte a ellos.<\/em><\/p>\n<p style=\"text-align: justify; padding-left: 60px;\"><em><strong>\u00bfLe entristece algo sobre el tema de la Selecci\u00f3n?<\/strong><\/em><br \/>\n<em>Han hablado con gente que est\u00e1n a ocho, nueve horas en avi\u00f3n, y yo que estoy a cuarenta y cinco minutos, ni una mirada. Quiere decir que no estoy en sus planes. El d\u00eda de ma\u00f1ana cuando me toque ir, voy a hacerlo orgullosamente.<\/em><\/p>\n<p style=\"text-align: center;\"><img loading=\"lazy\" decoding=\"async\" class=\"alignnone size-full wp-image-12490\" src=\"http:\/\/gradadigital.com\/home\/wp-content\/uploads\/2014\/05\/noel_sanvicente_especial_caracas_28052014.jpg\" alt=\"noel_sanvicente_especial_caracas_28052014\" width=\"682\" height=\"396\" srcset=\"http:\/\/gradadigital.com\/home\/wp-content\/uploads\/2014\/05\/noel_sanvicente_especial_caracas_28052014.jpg 682w, http:\/\/gradadigital.com\/home\/wp-content\/uploads\/2014\/05\/noel_sanvicente_especial_caracas_28052014-300x174.jpg 300w\" sizes=\"auto, (max-width: 682px) 100vw, 682px\" \/><\/p>\n<p style=\"text-align: justify; padding-left: 60px;\"><em><strong>\u00bfEsta s\u00e9ptima estrella c\u00f3mo la percibe?<\/strong><\/em><br \/>\n<em>Puedo decir que en el Caracas se creci\u00f3 con un grupo de aficionados que eran muy pocos y despu\u00e9s tuvimos la cantidad de llenar un estadio, pudo haber sido mi tope por las cosas que se lograron, as\u00ed que lo veo como etapas diferentes. Todo tiene un significativo importante para mi vida estando en el f\u00fatbol. Me caso con las ideas del cuerpo t\u00e9cnico porque no es solo \u201cChita\u201d.<\/em><\/p>\n<p style=\"text-align: justify; padding-left: 60px;\"><em><strong>Ahora debe lidiar con la reestructuraci\u00f3n del plantel<\/strong><\/em><br \/>\n<em>Cada vez las cosas se ponen m\u00e1s dif\u00edciles. Ya se nos fue \u201cGaby\u201d Torres, y ahora se nos van jugadores\u00a0 que ten\u00edan cuatro semestres con nosotros, pero eso es lo bonito, que tendr\u00e1n oportunidades otros.<\/em><\/p>\n<p style=\"text-align: justify; padding-left: 60px;\"><em><strong>\u00bfEso c\u00f3mo lo toma el plantel?<\/strong><\/em><br \/>\n<em>El grupo para m\u00ed no tiene techo. Hoy los jugadores ven como un espejo la salida de varios jugadores. De eso se trata.<\/em><\/p>\n<p style=\"text-align: center;\"><img loading=\"lazy\" decoding=\"async\" class=\"alignnone size-full wp-image-12491\" src=\"http:\/\/gradadigital.com\/home\/wp-content\/uploads\/2014\/05\/noel_sanvicente_especial_zamora_juan_falcon_28052014.jpg\" alt=\"noel_sanvicente_especial_zamora_juan_falcon_28052014\" width=\"682\" height=\"396\" srcset=\"http:\/\/gradadigital.com\/home\/wp-content\/uploads\/2014\/05\/noel_sanvicente_especial_zamora_juan_falcon_28052014.jpg 682w, http:\/\/gradadigital.com\/home\/wp-content\/uploads\/2014\/05\/noel_sanvicente_especial_zamora_juan_falcon_28052014-300x174.jpg 300w\" sizes=\"auto, (max-width: 682px) 100vw, 682px\" \/><\/p>\n<p style=\"text-align: justify; padding-left: 60px;\"><strong>Q<em>u\u00e9 dif\u00edcil debi\u00f3 haber sido los d\u00edas para Juan Falc\u00f3n, que a pesar de todo, se mostr\u00f3 fortalecido. \u00bfC\u00f3mo percibi\u00f3 lo que ocurri\u00f3?<\/em><\/strong><br \/>\n<em>El f\u00fatbol es bonito porque siempre hay algo para analizar. Yo lo analizo desde este punto. Uno a cero, no se han sacado el golpe del gol, seguimos presionando, el que le da la pelota a Romo no tiene donde tocarla porque los posibles receptores est\u00e1n marcados, en un estadio full, se encuentra a pocos metros presionando Falc\u00f3n, el gesto de Romo es \u201cpara, para, para\u201d, es lo que dice Falc\u00f3n y lo que se ve, el \u00e1rbitro dice \u201cjuegue\u201d, y \u00e9l piensa que le roba la pelota. Yo digo que la pelota la ten\u00edan ellos, porque estando desgarrado Romo con la experiencia que tiene, deb\u00eda tirarse antes, o tirarse antes de que le tiraran la pelota. Y la idea era que cada vez que Romo tuviera la pelota, hab\u00eda que estar un jugador presion\u00e1ndolo.<\/em><\/p>\n<p style=\"text-align: justify; padding-left: 60px;\"><em><strong>El mayor apoyo a su jugador \u201conce\u201d<\/strong><\/em><br \/>\n<em>S\u00e9 que Falcon es una persona muy noble, que nunca va a buscar sacar ventaja, y que otros quieran decir otra cosa, bueno\u2026 yo hablo por el m\u00edo. Lo veo como entrenador, ellos estaban atontados y hab\u00eda que presionarlos con pocos metros, un estadio lleno. \u00bfPor qu\u00e9 se la lanza el defensor?<\/em><\/p>\n<p style=\"text-align: justify; padding-left: 60px;\"><em><strong>\u00bfCay\u00f3 mal el trato que recibi\u00f3 su jugador?<\/strong><\/em><br \/>\n<em>Hay gente que opina sin analizar, sino con maldad. Otros lo analizan con bien, y ya est\u00e1 hecho. S\u00e9 que es dif\u00edcil como lo tomen, Falc\u00f3n se sinti\u00f3 muy triste, pero hab\u00eda que pasar la p\u00e1gina para la vuelta.<\/em><\/p>\n<p style=\"text-align: justify;\">El t\u00e9cnico m\u00e1s ganador descansa ahora con la mente puesta en el siguiente torneo, junto a su sue\u00f1o Vinotinto. Y el secreto de sus \u00e9xitos parece m\u00e1s sencillo de lo pensado: trabajo.<\/p>\n","protected":false},"excerpt":{"rendered":"<p>Miguel Vallenilla &#8211; Cuenta la leyenda que en San Felix, Estado Bol\u00edvar, naci\u00f3 el t\u00e9cnico m\u00e1s ganador de Venezuela\u2026 De esta manera iniciar\u00e1 en un futuro lejano la historia de Noel Sanvicente, estratega que vive el d\u00eda a d\u00eda con la mente puesta en el trabajo inalcanzable, en el an\u00e1lisis de los juegos, en perfilar &#8230;<\/p>\n","protected":false},"author":4,"featured_media":12495,"comment_status":"closed","ping_status":"closed","sticky":false,"template":"","format":"standard","meta":{"footnotes":""},"categories":[32,43,27,5,31,21],"tags":[69,715,713,288,284,714,118,716,698,221],"class_list":["post-12489","post","type-post","status-publish","format-standard","has-post-thumbnail","hentry","category-especial","category-fotos","category-video","category-futbol-nacional","category-primera-division","category-zamora-fc","tag-barinas","tag-campeonatos","tag-clave","tag-entrevista","tag-especial-2","tag-exito","tag-noel-sanvicente","tag-siete-veces-campeon","tag-titulos","tag-zamora"],"_links":{"self":[{"href":"http:\/\/gradadigital.com\/home\/wp-json\/wp\/v2\/posts\/12489","targetHints":{"allow":["GET"]}}],"collection":[{"href":"http:\/\/gradadigital.com\/home\/wp-json\/wp\/v2\/posts"}],"about":[{"href":"http:\/\/gradadigital.com\/home\/wp-json\/wp\/v2\/types\/post"}],"author":[{"embeddable":true,"href":"http:\/\/gradadigital.com\/home\/wp-json\/wp\/v2\/users\/4"}],"replies":[{"embeddable":true,"href":"http:\/\/gradadigital.com\/home\/wp-json\/wp\/v2\/comments?post=12489"}],"version-history":[{"count":2,"href":"http:\/\/gradadigital.com\/home\/wp-json\/wp\/v2\/posts\/12489\/revisions"}],"predecessor-version":[{"id":12501,"href":"http:\/\/gradadigital.com\/home\/wp-json\/wp\/v2\/posts\/12489\/revisions\/12501"}],"wp:featuredmedia":[{"embeddable":true,"href":"http:\/\/gradadigital.com\/home\/wp-json\/wp\/v2\/media\/12495"}],"wp:attachment":[{"href":"http:\/\/gradadigital.com\/home\/wp-json\/wp\/v2\/media?parent=12489"}],"wp:term":[{"taxonomy":"category","embeddable":true,"href":"http:\/\/gradadigital.com\/home\/wp-json\/wp\/v2\/categories?post=12489"},{"taxonomy":"post_tag","embeddable":true,"href":"http:\/\/gradadigital.com\/home\/wp-json\/wp\/v2\/tags?post=12489"}],"curies":[{"name":"wp","href":"https:\/\/api.w.org\/{rel}","templated":true}]}}