{"id":12313,"date":"2014-05-24T18:01:49","date_gmt":"2014-05-24T22:31:49","guid":{"rendered":"http:\/\/gradadigital.com\/home\/?p=12313"},"modified":"2014-05-24T18:01:49","modified_gmt":"2014-05-24T22:31:49","slug":"sergio-ramos-nos-debiamos-ese-abrazo","status":"publish","type":"post","link":"http:\/\/gradadigital.com\/home\/sergio-ramos-nos-debiamos-ese-abrazo\/","title":{"rendered":"Sergio Ramos: \u00abNos deb\u00edamos ese abrazo\u00bb"},"content":{"rendered":"<p style=\"text-align: center;\"><a href=\"http:\/\/gradadigital.com\/home\/wp-content\/uploads\/2014\/05\/iker_casillas_sergio_ramos_realmadrid_atlmadrid_24052014.jpg\"><img loading=\"lazy\" decoding=\"async\" class=\"alignnone size-full wp-image-12293\" src=\"http:\/\/gradadigital.com\/home\/wp-content\/uploads\/2014\/05\/iker_casillas_sergio_ramos_realmadrid_atlmadrid_24052014.jpg\" alt=\"iker_casillas_sergio_ramos_realmadrid_atlmadrid_24052014\" width=\"596\" height=\"346\" srcset=\"http:\/\/gradadigital.com\/home\/wp-content\/uploads\/2014\/05\/iker_casillas_sergio_ramos_realmadrid_atlmadrid_24052014.jpg 596w, http:\/\/gradadigital.com\/home\/wp-content\/uploads\/2014\/05\/iker_casillas_sergio_ramos_realmadrid_atlmadrid_24052014-300x174.jpg 300w\" sizes=\"auto, (max-width: 596px) 100vw, 596px\" \/><\/a><\/p>\n<p style=\"text-align: justify;\"><strong>EFE, LISBOA.<\/strong>&#8211; Sergio Ramos, cuyo gol en el minuto 93 permiti\u00f3 al Real Madrid empatar el partido con el Atl\u00e9tico de Madrid para imponerse definitivamente por 4-1 en la pr\u00f3rroga, afirm\u00f3 que el equipo ha hecho hoy historia y que se merec\u00edan la &#8216;D\u00e9cima&#8217; \u00abdespu\u00e9s de tantos a\u00f1os\u00bb.<\/p>\n<p style=\"text-align: justify;\">\u00abHa sido incre\u00edble. Ese gol no es m\u00edo, es de todos los madridistas, de mi familia, de mi mujer y de mi ni\u00f1o y se lo dedico tambi\u00e9n a mi abuelo\u00bb, dijo el defensa sevillano a TVE.<\/p>\n<p style=\"text-align: justify;\">Ramos destac\u00f3 que el Atl\u00e9tico ha sido un \u00abgrand\u00edsimo rival y un campe\u00f3n de Liga merecido\u00bb. Sobre el abrazo que le dio al portero Iker Casillas al empatar coment\u00f3: \u00abDespu\u00e9s de vivir lo malo y lo bueno en mil\u00e9simas de segundo nos deb\u00edamos ese abrazo\u00bb.<\/p>\n<p style=\"text-align: justify;\">\u00abViva el Madrid, Viva Camas, Viva Andaluc\u00eda y Viva Espa\u00f1a\u00bb, dijo efusivamente Ramos.<\/p>\n","protected":false},"excerpt":{"rendered":"<p>EFE, LISBOA.&#8211; Sergio Ramos, cuyo gol en el minuto 93 permiti\u00f3 al Real Madrid empatar el partido con el Atl\u00e9tico de Madrid para imponerse definitivamente por 4-1 en la pr\u00f3rroga, afirm\u00f3 que el equipo ha hecho hoy historia y que se merec\u00edan la &#8216;D\u00e9cima&#8217; \u00abdespu\u00e9s de tantos a\u00f1os\u00bb. \u00abHa sido incre\u00edble. Ese gol no es &#8230;<\/p>\n","protected":false},"author":4,"featured_media":12293,"comment_status":"closed","ping_status":"closed","sticky":false,"template":"","format":"standard","meta":{"footnotes":""},"categories":[36],"tags":[513,126,693,413,695],"class_list":["post-12313","post","type-post","status-publish","format-standard","has-post-thumbnail","hentry","category-internacional","tag-atletico-de-madrid","tag-champions-league","tag-liga-de-campeones","tag-real-madrid","tag-sergio-ramos"],"_links":{"self":[{"href":"http:\/\/gradadigital.com\/home\/wp-json\/wp\/v2\/posts\/12313","targetHints":{"allow":["GET"]}}],"collection":[{"href":"http:\/\/gradadigital.com\/home\/wp-json\/wp\/v2\/posts"}],"about":[{"href":"http:\/\/gradadigital.com\/home\/wp-json\/wp\/v2\/types\/post"}],"author":[{"embeddable":true,"href":"http:\/\/gradadigital.com\/home\/wp-json\/wp\/v2\/users\/4"}],"replies":[{"embeddable":true,"href":"http:\/\/gradadigital.com\/home\/wp-json\/wp\/v2\/comments?post=12313"}],"version-history":[{"count":1,"href":"http:\/\/gradadigital.com\/home\/wp-json\/wp\/v2\/posts\/12313\/revisions"}],"predecessor-version":[{"id":12314,"href":"http:\/\/gradadigital.com\/home\/wp-json\/wp\/v2\/posts\/12313\/revisions\/12314"}],"wp:featuredmedia":[{"embeddable":true,"href":"http:\/\/gradadigital.com\/home\/wp-json\/wp\/v2\/media\/12293"}],"wp:attachment":[{"href":"http:\/\/gradadigital.com\/home\/wp-json\/wp\/v2\/media?parent=12313"}],"wp:term":[{"taxonomy":"category","embeddable":true,"href":"http:\/\/gradadigital.com\/home\/wp-json\/wp\/v2\/categories?post=12313"},{"taxonomy":"post_tag","embeddable":true,"href":"http:\/\/gradadigital.com\/home\/wp-json\/wp\/v2\/tags?post=12313"}],"curies":[{"name":"wp","href":"https:\/\/api.w.org\/{rel}","templated":true}]}}