{"id":12242,"date":"2014-05-22T11:37:00","date_gmt":"2014-05-22T16:07:00","guid":{"rendered":"http:\/\/gradadigital.com\/home\/?p=12242"},"modified":"2014-05-22T11:40:39","modified_gmt":"2014-05-22T16:10:39","slug":"columna-sin-saldo-para-llamar-a-sanvicente","status":"publish","type":"post","link":"http:\/\/gradadigital.com\/home\/columna-sin-saldo-para-llamar-a-sanvicente\/","title":{"rendered":"COLUMNA | Sin saldo para llamar a Sanvicente"},"content":{"rendered":"<p style=\"text-align: center;\"><img loading=\"lazy\" decoding=\"async\" class=\"alignnone size-full wp-image-12243\" src=\"http:\/\/gradadigital.com\/home\/wp-content\/uploads\/2014\/05\/esquivel_sanvicente_22052014.jpg\" alt=\"esquivel_sanvicente_22052014\" width=\"682\" height=\"396\" srcset=\"http:\/\/gradadigital.com\/home\/wp-content\/uploads\/2014\/05\/esquivel_sanvicente_22052014.jpg 682w, http:\/\/gradadigital.com\/home\/wp-content\/uploads\/2014\/05\/esquivel_sanvicente_22052014-300x174.jpg 300w\" sizes=\"auto, (max-width: 682px) 100vw, 682px\" \/><\/p>\n<p style=\"text-align: justify;\"><strong>Miguel Vallenilla &#8211;\u00a0<\/strong>Pasan los d\u00edas, pasan los meses, y han pasado casi siete a\u00f1os desde que Rafael Esquivel hablara por \u00faltima vez con Noel Sanvicente. Al menos as\u00ed lo da a entender el m\u00e1ximo dirigente del f\u00fatbol venezolano al referirse a que la conversaci\u00f3n que estableci\u00f3 con el hoy entrenador del Zamora FC, fue \u201cen aquel tiempo\u201d.<\/p>\n<p style=\"text-align: justify;\">Sin duda alguna, y m\u00e1s all\u00e1 de la cordialidad que ha mostrado Esquivel por reconocer el trabajo de Sanvicente, deja pistas, conscientes o inconscientes, de que el estratega guayan\u00e9s no es de su inter\u00e9s en lo m\u00e1s m\u00ednimo. Es cierto, Esquivel no tiene el cien por ciento de la obligaci\u00f3n sobre la determinaci\u00f3n del futuro seleccionador Vinotinto, pero es bastante conocido que su voz tiene m\u00e1s peso que cualquier otro actor encargado de la escogencia.<\/p>\n<p style=\"text-align: justify;\">A Manuel Plasencia lo llamaron para ponerle al tanto de que estaba en planes para que se hiciera cargo de la selecci\u00f3n como estratega interino. El mismo Presidente ha manifestado que ha hecho conversaciones con candidatos extranjeros. \u00bfQu\u00e9 queda m\u00e1s cerca? \u00bfEst\u00e1 Barinas m\u00e1s lejos que Argentina, Costa Rica, Colombia o Paraguay?. \u00a0A todas estas, a modo de humor, el saldo parece no ser suficiente para una llamada telef\u00f3nica.<\/p>\n<p style=\"text-align: justify;\">Se debe dejar claro un punto. Comunicarse con un entrenador no es igual a que ese ser\u00e1 el elegido. Comunicarse con un entrenador es conocer su plan de trabajo, c\u00f3mo se encuentran sus ideas luego de varios a\u00f1os, manifestarle que es uno de los candidatos. El reconocimiento no rebaja a nadie.<\/p>\n<p style=\"text-align: justify;\">El Presidente ha pedido paciencia, esa misma paciencia que ha ido caminando durante ya 27 a\u00f1os. Sin duda todo evolucion\u00f3. Lo que antes no era exigido, hoy s\u00ed. Lo que antes era ut\u00f3pico, hoy se cree, pero para realmente pensar en creer, hace falta una base de planificaci\u00f3n, estrategias y orden, esa misma que Esquivel ha asegurado que no se ha perdido, pues el tiempo sin entrenador no estar\u00eda pasando factura.<\/p>\n<p style=\"text-align: justify;\">Hoy, Juan Arango dej\u00f3 el f\u00fatbol alem\u00e1n y no sabe si volver\u00e1 a la selecci\u00f3n. Tom\u00e1s Rinc\u00f3n, pieza vital, se encuentra sin equipo. Varios legionarios m\u00e1s se encuentran sin actividad, y un torneo local manchado por el mal orden del mismo, decisiones pol\u00e9micas y tard\u00edas, y tal parece que el futuro seleccionador Vinotinto no tiene la obligaci\u00f3n de preocuparse por estas situaciones.<\/p>\n","protected":false},"excerpt":{"rendered":"<p>Miguel Vallenilla &#8211;\u00a0Pasan los d\u00edas, pasan los meses, y han pasado casi siete a\u00f1os desde que Rafael Esquivel hablara por \u00faltima vez con Noel Sanvicente. Al menos as\u00ed lo da a entender el m\u00e1ximo dirigente del f\u00fatbol venezolano al referirse a que la conversaci\u00f3n que estableci\u00f3 con el hoy entrenador del Zamora FC, fue \u201cen &#8230;<\/p>\n","protected":false},"author":4,"featured_media":12243,"comment_status":"closed","ping_status":"closed","sticky":false,"template":"","format":"standard","meta":{"footnotes":""},"categories":[5,31,40,3,21],"tags":[680,118,447],"class_list":["post-12242","post","type-post","status-publish","format-standard","has-post-thumbnail","hentry","category-futbol-nacional","category-primera-division","category-seleccion-nacional-mayores","category-seleccion-nacional","category-zamora-fc","tag-columna","tag-noel-sanvicente","tag-rafael-esquivel"],"_links":{"self":[{"href":"http:\/\/gradadigital.com\/home\/wp-json\/wp\/v2\/posts\/12242","targetHints":{"allow":["GET"]}}],"collection":[{"href":"http:\/\/gradadigital.com\/home\/wp-json\/wp\/v2\/posts"}],"about":[{"href":"http:\/\/gradadigital.com\/home\/wp-json\/wp\/v2\/types\/post"}],"author":[{"embeddable":true,"href":"http:\/\/gradadigital.com\/home\/wp-json\/wp\/v2\/users\/4"}],"replies":[{"embeddable":true,"href":"http:\/\/gradadigital.com\/home\/wp-json\/wp\/v2\/comments?post=12242"}],"version-history":[{"count":2,"href":"http:\/\/gradadigital.com\/home\/wp-json\/wp\/v2\/posts\/12242\/revisions"}],"predecessor-version":[{"id":12245,"href":"http:\/\/gradadigital.com\/home\/wp-json\/wp\/v2\/posts\/12242\/revisions\/12245"}],"wp:featuredmedia":[{"embeddable":true,"href":"http:\/\/gradadigital.com\/home\/wp-json\/wp\/v2\/media\/12243"}],"wp:attachment":[{"href":"http:\/\/gradadigital.com\/home\/wp-json\/wp\/v2\/media?parent=12242"}],"wp:term":[{"taxonomy":"category","embeddable":true,"href":"http:\/\/gradadigital.com\/home\/wp-json\/wp\/v2\/categories?post=12242"},{"taxonomy":"post_tag","embeddable":true,"href":"http:\/\/gradadigital.com\/home\/wp-json\/wp\/v2\/tags?post=12242"}],"curies":[{"name":"wp","href":"https:\/\/api.w.org\/{rel}","templated":true}]}}