{"id":12238,"date":"2014-05-22T09:39:19","date_gmt":"2014-05-22T14:09:19","guid":{"rendered":"http:\/\/gradadigital.com\/home\/?p=12238"},"modified":"2014-05-22T09:39:19","modified_gmt":"2014-05-22T14:09:19","slug":"brasil-comenzara-preparacion-atrasado-respecto-a-varios-de-sus-adversarios","status":"publish","type":"post","link":"http:\/\/gradadigital.com\/home\/brasil-comenzara-preparacion-atrasado-respecto-a-varios-de-sus-adversarios\/","title":{"rendered":"Brasil comenzar\u00e1 preparaci\u00f3n atrasado respecto a varios de sus adversarios"},"content":{"rendered":"<p style=\"text-align: center;\"><img loading=\"lazy\" decoding=\"async\" class=\"alignnone size-full wp-image-12239\" src=\"http:\/\/gradadigital.com\/home\/wp-content\/uploads\/2014\/05\/neymar_brasil_entrenamiento_22052014.jpg\" alt=\"neymar_brasil_entrenamiento_22052014\" width=\"596\" height=\"346\" srcset=\"http:\/\/gradadigital.com\/home\/wp-content\/uploads\/2014\/05\/neymar_brasil_entrenamiento_22052014.jpg 596w, http:\/\/gradadigital.com\/home\/wp-content\/uploads\/2014\/05\/neymar_brasil_entrenamiento_22052014-300x174.jpg 300w\" sizes=\"auto, (max-width: 596px) 100vw, 596px\" \/><\/p>\n<p style=\"text-align: justify;\"><strong><span class=\"articleLocation\">RIO DE JANEIRO, 22 mayo<\/span>\u00a0(Reuters) &#8211;<\/strong> La selecci\u00f3n brasile\u00f1a de f\u00fatbol comenzar\u00e1 a entrenar para el Mundial retrasada respecto a varios adversarios, como Croacia, su rival en el debut, y otros candidatos al t\u00edtulo como Alemania, Italia y Francia.<span id=\"midArticle_byline\"><\/span><\/p>\n<p style=\"text-align: justify;\">Los futbolistas convocados por el t\u00e9cnico Luiz Felipe Scolari tuvieron al menos una semana libre y se presentar\u00e1n para entrenar el 26 de mayo en Granja Comary, Teres\u00f3polis.<\/p>\n<p style=\"text-align: justify;\">El equipo, que debutar\u00e1 el 12 de junio ante Croacia, tendr\u00e1 17 d\u00edas para prepararse. Este es el periodo m\u00e1s corto de los \u00faltimos Mundiales -25 d\u00edas para Sud\u00e1frica, 22 para Alemania y 22 camino a Corea del Sur y Jap\u00f3n-.<\/p>\n<p style=\"text-align: justify;\">Tras el final de la liga espa\u00f1ola el fin de semana, Felipao ya podr\u00eda contar con pr\u00e1cticamente todos los convocados, a excepci\u00f3n del defensor Marcelo, que el s\u00e1bado jugar\u00e1 la final de la Liga de Campeones con el Real Madrid.<\/p>\n<p style=\"text-align: justify;\">Italia, Francia, Inglaterra, Alemania, Holanda, Uruguay, Chile, Portugal y Croacia son algunas de las selecciones que ya comenzaron a entrenar de cara a la Copa del Mundo, al menos con parte de su plantel.<\/p>\n<p style=\"text-align: justify;\">El preparador f\u00edsico de Brasil, Paulo Paix\u00e3o, reconoci\u00f3 que ser\u00eda mejor tener m\u00e1s tiempo de preparaci\u00f3n para la apertura del Mundial, pero dijo que el cuerpo t\u00e9cnico est\u00e1 convencido de su trabajo.<\/p>\n<p style=\"text-align: justify;\">\u00abCuatro semanas ser\u00eda lo ideal\u00bb, dijo Paix\u00e3o por tel\u00e9fono a Reuters.<\/p>\n<p style=\"text-align: justify;\">Pero Brasil tiene a favor que el equipo se preparar\u00e1 para el Mundial en el mismo lugar donde luego quedar\u00e1 concentrada, y adem\u00e1s muchas selecciones tendr\u00e1n que viajar a Sudam\u00e9rica y afrontar las consecuencias de los traslados largos y los cambios de horario, especialmente las europeas.<\/p>\n<p style=\"text-align: justify;\">Pese a que la preparaci\u00f3n comenzar\u00e1 el 26 de mayo, Brasil reci\u00e9n tendr\u00e1 a todos sus futbolistas reunidos dos d\u00edas despu\u00e9s, cuando se desarrollar\u00e1 el primer entrenamiento.<\/p>\n<p style=\"text-align: justify;\">En las dos primeras jornadas se har\u00e1n los controles m\u00e9dicos y evaluaciones f\u00edsicas.<span id=\"midArticle_byline\"><\/span><\/p>\n<p style=\"text-align: justify;\">La preparaci\u00f3n de Brasil al Mundial incluye la disputa de dos amistosos, el 3 de junio ante Panam\u00e1 y tres d\u00edas despu\u00e9s con Serbia.<\/p>\n<p style=\"text-align: justify;\">Espa\u00f1a tambi\u00e9n comenzar\u00e1 sus pr\u00e1cticas el 26 de mayo, pero la diferencia es que varios de los jugadores de la \u00abRoja\u00bb estar\u00e1n el s\u00e1bado en la definici\u00f3n de la Liga de Campeones.<\/p>\n<p style=\"text-align: justify;\">Argentina tambi\u00e9n iniciar\u00e1 sus trabajos con miras a la Copa el lunes 26 de mayo.<\/p>\n<p>&nbsp;<\/p>\n","protected":false},"excerpt":{"rendered":"<p>RIO DE JANEIRO, 22 mayo\u00a0(Reuters) &#8211; La selecci\u00f3n brasile\u00f1a de f\u00fatbol comenzar\u00e1 a entrenar para el Mundial retrasada respecto a varios adversarios, como Croacia, su rival en el debut, y otros candidatos al t\u00edtulo como Alemania, Italia y Francia. Los futbolistas convocados por el t\u00e9cnico Luiz Felipe Scolari tuvieron al menos una semana libre y &#8230;<\/p>\n","protected":false},"author":4,"featured_media":12239,"comment_status":"closed","ping_status":"closed","sticky":false,"template":"","format":"standard","meta":{"footnotes":""},"categories":[445,36],"tags":[348,678,679],"class_list":["post-12238","post","type-post","status-publish","format-standard","has-post-thumbnail","hentry","category-brasil-2014","category-internacional","tag-brasil","tag-mundial-de-brasil-2014","tag-neymar"],"_links":{"self":[{"href":"http:\/\/gradadigital.com\/home\/wp-json\/wp\/v2\/posts\/12238","targetHints":{"allow":["GET"]}}],"collection":[{"href":"http:\/\/gradadigital.com\/home\/wp-json\/wp\/v2\/posts"}],"about":[{"href":"http:\/\/gradadigital.com\/home\/wp-json\/wp\/v2\/types\/post"}],"author":[{"embeddable":true,"href":"http:\/\/gradadigital.com\/home\/wp-json\/wp\/v2\/users\/4"}],"replies":[{"embeddable":true,"href":"http:\/\/gradadigital.com\/home\/wp-json\/wp\/v2\/comments?post=12238"}],"version-history":[{"count":1,"href":"http:\/\/gradadigital.com\/home\/wp-json\/wp\/v2\/posts\/12238\/revisions"}],"predecessor-version":[{"id":12240,"href":"http:\/\/gradadigital.com\/home\/wp-json\/wp\/v2\/posts\/12238\/revisions\/12240"}],"wp:featuredmedia":[{"embeddable":true,"href":"http:\/\/gradadigital.com\/home\/wp-json\/wp\/v2\/media\/12239"}],"wp:attachment":[{"href":"http:\/\/gradadigital.com\/home\/wp-json\/wp\/v2\/media?parent=12238"}],"wp:term":[{"taxonomy":"category","embeddable":true,"href":"http:\/\/gradadigital.com\/home\/wp-json\/wp\/v2\/categories?post=12238"},{"taxonomy":"post_tag","embeddable":true,"href":"http:\/\/gradadigital.com\/home\/wp-json\/wp\/v2\/tags?post=12238"}],"curies":[{"name":"wp","href":"https:\/\/api.w.org\/{rel}","templated":true}]}}