{"id":12092,"date":"2014-05-19T12:41:13","date_gmt":"2014-05-19T17:11:13","guid":{"rendered":"http:\/\/gradadigital.com\/home\/?p=12092"},"modified":"2014-05-19T12:41:13","modified_gmt":"2014-05-19T17:11:13","slug":"clarke-por-la-calidad-del-profe-seguro-en-la-semana-nos-transmite-que-no-se-ha-ganado-nada","status":"publish","type":"post","link":"http:\/\/gradadigital.com\/home\/clarke-por-la-calidad-del-profe-seguro-en-la-semana-nos-transmite-que-no-se-ha-ganado-nada\/","title":{"rendered":"Clarke: \u00abPor la calidad del profe seguro en la semana nos transmite que no se ha ganado nada\u00bb"},"content":{"rendered":"<p style=\"text-align: center;\"><img loading=\"lazy\" decoding=\"async\" class=\"alignnone size-full wp-image-12093\" src=\"http:\/\/gradadigital.com\/home\/wp-content\/uploads\/2014\/05\/ricardo_clarke_zamora_mineros_18052014.jpg\" alt=\"ricardo_clarke_zamora_mineros_18052014\" width=\"596\" height=\"346\" srcset=\"http:\/\/gradadigital.com\/home\/wp-content\/uploads\/2014\/05\/ricardo_clarke_zamora_mineros_18052014.jpg 596w, http:\/\/gradadigital.com\/home\/wp-content\/uploads\/2014\/05\/ricardo_clarke_zamora_mineros_18052014-300x174.jpg 300w\" sizes=\"auto, (max-width: 596px) 100vw, 596px\" \/><\/p>\n<p style=\"text-align: justify;\"><strong>Miguel Vallenilla, Barinas &#8211;<\/strong> Arma en la delantera del Zamora FC, el paname\u00f1o Ricardo Clarke vive su primera Gran Final del f\u00fatbol venezolano, y rescata la actitud que tuvo el equipo para el contundente triunfo logrado este domingo.<\/p>\n<p style=\"text-align: justify;\"><strong>\u201cTrabajamos fuerte toda la semana en casa para conseguir un resultado positivo y creo que lo hemos logrado. Quedan noventa minutos que hay que tomar de la misma manera, con misma actitud\u201d<\/strong>. Para Clarke, <strong>\u201cel objetivo era hacer valer la local\u00eda, sacar un buen resultado en casa es sumamente importante. Quer\u00edamos el arco en cero pero no se pudo porque ten\u00edamos de rival a un equipo de mucha calidad, pero no es motivo de nervios, se pudo revertir\u201d.<\/strong><\/p>\n<p style=\"text-align: justify;\">El jugador reconoce que el encuentro de vuelta debe asumirse como si la eliminatoria se encontrara sin ventajas en el marcador global. <strong>\u201cPor la calidad del profe que tenemos, seguro nos va a transmitir eso en la semana, es positivo porque no se ha ganado nada, quedan noventa minutos\u201d<\/strong>.<\/p>\n","protected":false},"excerpt":{"rendered":"<p>Miguel Vallenilla, Barinas &#8211; Arma en la delantera del Zamora FC, el paname\u00f1o Ricardo Clarke vive su primera Gran Final del f\u00fatbol venezolano, y rescata la actitud que tuvo el equipo para el contundente triunfo logrado este domingo. \u201cTrabajamos fuerte toda la semana en casa para conseguir un resultado positivo y creo que lo hemos &#8230;<\/p>\n","protected":false},"author":4,"featured_media":12093,"comment_status":"closed","ping_status":"closed","sticky":false,"template":"","format":"standard","meta":{"footnotes":""},"categories":[5,31,21],"tags":[],"class_list":["post-12092","post","type-post","status-publish","format-standard","has-post-thumbnail","hentry","category-futbol-nacional","category-primera-division","category-zamora-fc"],"_links":{"self":[{"href":"http:\/\/gradadigital.com\/home\/wp-json\/wp\/v2\/posts\/12092","targetHints":{"allow":["GET"]}}],"collection":[{"href":"http:\/\/gradadigital.com\/home\/wp-json\/wp\/v2\/posts"}],"about":[{"href":"http:\/\/gradadigital.com\/home\/wp-json\/wp\/v2\/types\/post"}],"author":[{"embeddable":true,"href":"http:\/\/gradadigital.com\/home\/wp-json\/wp\/v2\/users\/4"}],"replies":[{"embeddable":true,"href":"http:\/\/gradadigital.com\/home\/wp-json\/wp\/v2\/comments?post=12092"}],"version-history":[{"count":1,"href":"http:\/\/gradadigital.com\/home\/wp-json\/wp\/v2\/posts\/12092\/revisions"}],"predecessor-version":[{"id":12094,"href":"http:\/\/gradadigital.com\/home\/wp-json\/wp\/v2\/posts\/12092\/revisions\/12094"}],"wp:featuredmedia":[{"embeddable":true,"href":"http:\/\/gradadigital.com\/home\/wp-json\/wp\/v2\/media\/12093"}],"wp:attachment":[{"href":"http:\/\/gradadigital.com\/home\/wp-json\/wp\/v2\/media?parent=12092"}],"wp:term":[{"taxonomy":"category","embeddable":true,"href":"http:\/\/gradadigital.com\/home\/wp-json\/wp\/v2\/categories?post=12092"},{"taxonomy":"post_tag","embeddable":true,"href":"http:\/\/gradadigital.com\/home\/wp-json\/wp\/v2\/tags?post=12092"}],"curies":[{"name":"wp","href":"https:\/\/api.w.org\/{rel}","templated":true}]}}