{"id":12085,"date":"2014-05-19T12:00:50","date_gmt":"2014-05-19T16:30:50","guid":{"rendered":"http:\/\/gradadigital.com\/home\/?p=12085"},"modified":"2014-05-19T12:00:50","modified_gmt":"2014-05-19T16:30:50","slug":"acosta-hoy-nos-salio-las-cosas-completamente-mal-a-todos","status":"publish","type":"post","link":"http:\/\/gradadigital.com\/home\/acosta-hoy-nos-salio-las-cosas-completamente-mal-a-todos\/","title":{"rendered":"Acosta: \u00abHoy nos sali\u00f3 las cosas completamente mal a todos\u00bb"},"content":{"rendered":"<p style=\"text-align: center;\">\u00a0<a href=\"http:\/\/gradadigital.com\/home\/wp-content\/uploads\/2014\/05\/rafael_acosta_zamora_mineros_18052014.jpg\"><img loading=\"lazy\" decoding=\"async\" class=\"alignnone size-full wp-image-12087\" src=\"http:\/\/gradadigital.com\/home\/wp-content\/uploads\/2014\/05\/rafael_acosta_zamora_mineros_18052014.jpg\" alt=\"rafael_acosta_zamora_mineros_18052014\" width=\"596\" height=\"346\" srcset=\"http:\/\/gradadigital.com\/home\/wp-content\/uploads\/2014\/05\/rafael_acosta_zamora_mineros_18052014.jpg 596w, http:\/\/gradadigital.com\/home\/wp-content\/uploads\/2014\/05\/rafael_acosta_zamora_mineros_18052014-300x174.jpg 300w\" sizes=\"auto, (max-width: 596px) 100vw, 596px\" \/><\/a><\/p>\n<p style=\"text-align: justify;\"><strong>Miguel Vallenilla, Barinas &#8211;<\/strong> Fue una noche dif\u00edcil para Mineros de Guayana tras el primer encuentro de la Gran Final ante el Zamora FC. El juego transcurri\u00f3 diferente a lo planificado, y as\u00ed lo describe Rafa Acosta, quien tampoco tuvo la suerte de su lado al convertir un autogol que vali\u00f3 como el tercer tanto de los barineses.<\/p>\n<p style=\"text-align: justify;\">\u201cLo que pas\u00f3 ya pas\u00f3, fue un partido at\u00edpico. Fue un juego que lo hab\u00edamos trabajado de una manera, y que por un gol de camerino y un gol diferente que no debi\u00f3 haber pasado, y eso te cambia todo la manera de centrar el partido\u201d, expres\u00f3 Acosta a GradaDigital una vez finalizado el encuentro. Para \u00e9l, \u201ctuvimos de cuatro a cinco ocasiones claras en el primer tiempo, y por eso digo que fue muy at\u00edpico. Un tiro libre que no ten\u00eda peligro, que en vez de tirarla para fuera se la clavo a \u201cTito\u201d. El \u00fanico gol que lograron construir fue el cuarto en una contra\u201d, resumi\u00f3.<\/p>\n<p style=\"text-align: center;\"><a href=\"http:\/\/gradadigital.com\/home\/wp-content\/uploads\/2014\/05\/rafael_acosta_zamora_mineros_18052014_2.jpg\"><img loading=\"lazy\" decoding=\"async\" class=\"alignnone size-full wp-image-12086\" src=\"http:\/\/gradadigital.com\/home\/wp-content\/uploads\/2014\/05\/rafael_acosta_zamora_mineros_18052014_2.jpg\" alt=\"rafael_acosta_zamora_mineros_18052014_2\" width=\"596\" height=\"346\" srcset=\"http:\/\/gradadigital.com\/home\/wp-content\/uploads\/2014\/05\/rafael_acosta_zamora_mineros_18052014_2.jpg 596w, http:\/\/gradadigital.com\/home\/wp-content\/uploads\/2014\/05\/rafael_acosta_zamora_mineros_18052014_2-300x174.jpg 300w\" sizes=\"auto, (max-width: 596px) 100vw, 596px\" \/><\/a><\/p>\n<p style=\"text-align: justify;\">Acosta, quien salio al minuto 63 por Jos\u00e9 Manuel Vel\u00e1zquez, conf\u00eda en una posible remontada m\u00e1s all\u00e1 de las dificultades del marcador. \u201cTenemos gran equipo, las herramientas, 90 minutos, un Cachamay que seguro se va a llenar, y no creo que le vaya a ser f\u00e1cil al Zamora aguantar la presi\u00f3n que estoy seguro que Mineros va a implantar\u201d. El jugador que se lament\u00f3 de que su equipo al menos no consiguiera un gol m\u00e1s, asegur\u00f3 que \u201cse han visto peores resultados y los hemos sacado adelante\u201d.<\/p>\n<p style=\"text-align: justify;\">Sacando el optimismo adelante, analiz\u00f3 la mala fortuna de su autogol. \u201cCosas as\u00ed les pasan a cualquiera. A los mejores del mundo les sucede, y esta vez me toc\u00f3 pagarla yo. Hoy nos sali\u00f3 las cosas completamente mal a todos, pero estamos conscientes que hay equipo para hacer muchas cosas el domingo que viene\u201d, finaliz\u00f3.<\/p>\n","protected":false},"excerpt":{"rendered":"<p>\u00a0 Miguel Vallenilla, Barinas &#8211; Fue una noche dif\u00edcil para Mineros de Guayana tras el primer encuentro de la Gran Final ante el Zamora FC. El juego transcurri\u00f3 diferente a lo planificado, y as\u00ed lo describe Rafa Acosta, quien tampoco tuvo la suerte de su lado al convertir un autogol que vali\u00f3 como el tercer &#8230;<\/p>\n","protected":false},"author":4,"featured_media":12087,"comment_status":"closed","ping_status":"closed","sticky":false,"template":"","format":"standard","meta":{"footnotes":""},"categories":[5,15,31,21],"tags":[],"class_list":["post-12085","post","type-post","status-publish","format-standard","has-post-thumbnail","hentry","category-futbol-nacional","category-mineros-de-guayana","category-primera-division","category-zamora-fc"],"_links":{"self":[{"href":"http:\/\/gradadigital.com\/home\/wp-json\/wp\/v2\/posts\/12085","targetHints":{"allow":["GET"]}}],"collection":[{"href":"http:\/\/gradadigital.com\/home\/wp-json\/wp\/v2\/posts"}],"about":[{"href":"http:\/\/gradadigital.com\/home\/wp-json\/wp\/v2\/types\/post"}],"author":[{"embeddable":true,"href":"http:\/\/gradadigital.com\/home\/wp-json\/wp\/v2\/users\/4"}],"replies":[{"embeddable":true,"href":"http:\/\/gradadigital.com\/home\/wp-json\/wp\/v2\/comments?post=12085"}],"version-history":[{"count":1,"href":"http:\/\/gradadigital.com\/home\/wp-json\/wp\/v2\/posts\/12085\/revisions"}],"predecessor-version":[{"id":12088,"href":"http:\/\/gradadigital.com\/home\/wp-json\/wp\/v2\/posts\/12085\/revisions\/12088"}],"wp:featuredmedia":[{"embeddable":true,"href":"http:\/\/gradadigital.com\/home\/wp-json\/wp\/v2\/media\/12087"}],"wp:attachment":[{"href":"http:\/\/gradadigital.com\/home\/wp-json\/wp\/v2\/media?parent=12085"}],"wp:term":[{"taxonomy":"category","embeddable":true,"href":"http:\/\/gradadigital.com\/home\/wp-json\/wp\/v2\/categories?post=12085"},{"taxonomy":"post_tag","embeddable":true,"href":"http:\/\/gradadigital.com\/home\/wp-json\/wp\/v2\/tags?post=12085"}],"curies":[{"name":"wp","href":"https:\/\/api.w.org\/{rel}","templated":true}]}}