{"id":12036,"date":"2014-05-18T02:26:53","date_gmt":"2014-05-18T06:56:53","guid":{"rendered":"http:\/\/gradadigital.com\/home\/?p=12036"},"modified":"2014-05-18T02:26:53","modified_gmt":"2014-05-18T06:56:53","slug":"simeone-esto-es-emocionante-estos-chicos-han-logrado-algo-historico-para-el-club","status":"publish","type":"post","link":"http:\/\/gradadigital.com\/home\/simeone-esto-es-emocionante-estos-chicos-han-logrado-algo-historico-para-el-club\/","title":{"rendered":"Simeone: \u00abEsto es emocionante, estos chicos han logrado algo hist\u00f3rico para el club\u00bb"},"content":{"rendered":"<p style=\"text-align: center;\"><img loading=\"lazy\" decoding=\"async\" class=\"alignnone size-full wp-image-12037\" src=\"http:\/\/gradadigital.com\/home\/wp-content\/uploads\/2014\/05\/diego_simeone_fcbarcelona_atleticomadrid_17052014.jpg\" alt=\"diego_simeone_fcbarcelona_atleticomadrid_17052014\" width=\"596\" height=\"346\" srcset=\"http:\/\/gradadigital.com\/home\/wp-content\/uploads\/2014\/05\/diego_simeone_fcbarcelona_atleticomadrid_17052014.jpg 596w, http:\/\/gradadigital.com\/home\/wp-content\/uploads\/2014\/05\/diego_simeone_fcbarcelona_atleticomadrid_17052014-300x174.jpg 300w\" sizes=\"auto, (max-width: 596px) 100vw, 596px\" \/><\/p>\n<p style=\"text-align: justify;\"><strong>(Reuters) &#8211;<\/strong> El Atl\u00e9tico de Madrid vivi\u00f3 el s\u00e1bado uno de los d\u00edas m\u00e1s gloriosos de su historia, dijo el entrenador Diego Simeone, cuyo equipo conquist\u00f3 la liga espa\u00f1ola de f\u00fatbol en un apasionante partido final como visitante contra el Barcelona.<span id=\"midArticle_byline\"><\/span><\/p>\n<p style=\"text-align: justify;\">El argentino, \u00eddolo \u00abcolchonero\u00bb por integrar el equipo que en 1996 gan\u00f3 el doblete de liga y Copa del Rey, le dio un nuevo t\u00edtulo al Atl\u00e9tico en su exitoso periodo como entrenador.<\/p>\n<p style=\"text-align: justify;\">\u00abHoy ser\u00e1 uno de los d\u00edas m\u00e1s importantes de la historia del club\u00bb, dijo Simeone en una rueda de prensa en la que estuvo acompa\u00f1ado por sus colaboradores.<\/p>\n<p style=\"text-align: justify;\">\u00abEsto es emocionante, hist\u00f3rico, estos chicos han logrado algo hist\u00f3rico para el club (&#8230;) Hemos ganado una liga ante los dos equipos m\u00e1s poderosos del mundo\u00bb.<\/p>\n<p style=\"text-align: justify;\">El Atl\u00e9tico conquist\u00f3 su d\u00e9cima liga al empatar 1-1 con el Barca en el Nou Camp en un partido complicado por un gol de desventaja y dos lesiones en el primer tiempo.<\/p>\n<p style=\"text-align: justify;\">\u00abYo creo que lo mejor que se puede transmitir a un grupo que estaba haciendo las cosas bien era tranquilidad y saber que si nosotros lleg\u00e1bamos a convertir el partido se le iba a poner muy cuesta arriba, as\u00ed pas\u00f3 enseguida, gracias a Dios\u00bb, dijo el entrenador a la televisi\u00f3n local.<\/p>\n<p style=\"text-align: justify;\">\u00abEl nuestro es un equipo que conoce bien sus defectos y virtudes y nunca dej\u00f3 de luchar. Mis jugadores han sabido hacerse fuertes\u00bb, agreg\u00f3 el \u00abCholo\u00bb, de 44 a\u00f1os.<\/p>\n<p style=\"text-align: justify;\">El Atl\u00e9tico ha vivido una temporada hist\u00f3rica, en la que pele\u00f3 la liga palmo a palmo con el Barca y el Real Madrid y finalmente los dobleg\u00f3. Pero las cosas pueden ir incluso mejor, ya que el pr\u00f3ximo s\u00e1bado jugar\u00e1 en Lisboa la final de la Liga de Campeones contra el conjunto \u00abmerengue\u00bb.<\/p>\n<p style=\"text-align: justify;\">Simeone destac\u00f3 al Barcelona y a su p\u00fablico, que despidi\u00f3 al campe\u00f3n entre aplausos.<\/p>\n<p style=\"text-align: justify;\">\u00abSon las cosas m\u00e1s bonitas que uno se puede llevar del f\u00fatbol. La jerarqu\u00eda la mostr\u00f3 el Barcelona, su cuerpo t\u00e9cnico, jugadores y su gente\u00bb, destac\u00f3.<span id=\"midArticle_byline\"><\/span><\/p>\n<p style=\"text-align: justify;\">Con el t\u00edtulo, Atl\u00e9tico tambi\u00e9n se convirti\u00f3 en el equipo que rompi\u00f3 la supremac\u00eda del Barcelona y el Madrid, que ganaron todas las ligas desde que el Valencia fue campe\u00f3n en 2004.<\/p>\n<p style=\"text-align: justify;\">\u00abEste t\u00edtulo muestra que se puede ganar de distinta manera, distinta a la que nos acostumbra el Real Madrid y el Barcelona\u00bb, remarc\u00f3 Simeone, quien cuando era mediocampista de la selecci\u00f3n argentina inmortaliz\u00f3 la frase de que los partidos hay que jugarlos \u00abcon el cuchillo entre los dientes\u00bb, .<\/p>\n<p style=\"text-align: justify;\">Desde su llegada al banquillo \u00abcolchonero\u00bb, Simeone gan\u00f3 una Copa del Rey, la liga del s\u00e1bado, una Liga Europa y una Supercopa de Europa, lo que se suma a las dos coronas de su \u00e9poca como jugador rojiblanco.<\/p>\n<p style=\"text-align: justify;\">Pero ahora, Simeone tendr\u00e1 el partido m\u00e1s importante de su carrera como entrenador: la final ante el Madrid.<\/p>\n<p style=\"text-align: justify;\">\u00abHoy pudimos hacer historia pero tenemos que jugar el s\u00e1bado y tenemos que preparar el partido del s\u00e1bado\u00bb, destac\u00f3 a la televisi\u00f3n local.<\/p>\n<p>&nbsp;<\/p>\n","protected":false},"excerpt":{"rendered":"<p>(Reuters) &#8211; El Atl\u00e9tico de Madrid vivi\u00f3 el s\u00e1bado uno de los d\u00edas m\u00e1s gloriosos de su historia, dijo el entrenador Diego Simeone, cuyo equipo conquist\u00f3 la liga espa\u00f1ola de f\u00fatbol en un apasionante partido final como visitante contra el Barcelona. El argentino, \u00eddolo \u00abcolchonero\u00bb por integrar el equipo que en 1996 gan\u00f3 el doblete &#8230;<\/p>\n","protected":false},"author":4,"featured_media":12037,"comment_status":"closed","ping_status":"closed","sticky":false,"template":"","format":"standard","meta":{"footnotes":""},"categories":[36],"tags":[513,657,255,408,656],"class_list":["post-12036","post","type-post","status-publish","format-standard","has-post-thumbnail","hentry","category-internacional","tag-atletico-de-madrid","tag-diego-simeone","tag-espana","tag-fc-barcelona","tag-liga-espanola"],"_links":{"self":[{"href":"http:\/\/gradadigital.com\/home\/wp-json\/wp\/v2\/posts\/12036","targetHints":{"allow":["GET"]}}],"collection":[{"href":"http:\/\/gradadigital.com\/home\/wp-json\/wp\/v2\/posts"}],"about":[{"href":"http:\/\/gradadigital.com\/home\/wp-json\/wp\/v2\/types\/post"}],"author":[{"embeddable":true,"href":"http:\/\/gradadigital.com\/home\/wp-json\/wp\/v2\/users\/4"}],"replies":[{"embeddable":true,"href":"http:\/\/gradadigital.com\/home\/wp-json\/wp\/v2\/comments?post=12036"}],"version-history":[{"count":1,"href":"http:\/\/gradadigital.com\/home\/wp-json\/wp\/v2\/posts\/12036\/revisions"}],"predecessor-version":[{"id":12038,"href":"http:\/\/gradadigital.com\/home\/wp-json\/wp\/v2\/posts\/12036\/revisions\/12038"}],"wp:featuredmedia":[{"embeddable":true,"href":"http:\/\/gradadigital.com\/home\/wp-json\/wp\/v2\/media\/12037"}],"wp:attachment":[{"href":"http:\/\/gradadigital.com\/home\/wp-json\/wp\/v2\/media?parent=12036"}],"wp:term":[{"taxonomy":"category","embeddable":true,"href":"http:\/\/gradadigital.com\/home\/wp-json\/wp\/v2\/categories?post=12036"},{"taxonomy":"post_tag","embeddable":true,"href":"http:\/\/gradadigital.com\/home\/wp-json\/wp\/v2\/tags?post=12036"}],"curies":[{"name":"wp","href":"https:\/\/api.w.org\/{rel}","templated":true}]}}