{"id":12023,"date":"2014-05-18T02:03:48","date_gmt":"2014-05-18T06:33:48","guid":{"rendered":"http:\/\/gradadigital.com\/home\/?p=12023"},"modified":"2014-05-18T02:03:48","modified_gmt":"2014-05-18T06:33:48","slug":"de-espana-a-las-vitrinas-del-campeon-el-trofeo-que-disputan-mineros-y-zamora","status":"publish","type":"post","link":"http:\/\/gradadigital.com\/home\/de-espana-a-las-vitrinas-del-campeon-el-trofeo-que-disputan-mineros-y-zamora\/","title":{"rendered":"De Espa\u00f1a a las vitrinas del campe\u00f3n: el trofeo que disputan Mineros y Zamora"},"content":{"rendered":"<p style=\"color: rgb(102, 102, 102); text-align: center;\"><img loading=\"lazy\" decoding=\"async\" class=\"alignnone size-full wp-image-12024\" src=\"http:\/\/gradadigital.com\/home\/wp-content\/uploads\/2014\/05\/anzoategui_zamora_26052013_3.jpg\" alt=\"anzoategui_zamora_26052013_3\" width=\"596\" height=\"346\" srcset=\"http:\/\/gradadigital.com\/home\/wp-content\/uploads\/2014\/05\/anzoategui_zamora_26052013_3.jpg 596w, http:\/\/gradadigital.com\/home\/wp-content\/uploads\/2014\/05\/anzoategui_zamora_26052013_3-300x174.jpg 300w\" sizes=\"auto, (max-width: 596px) 100vw, 596px\" \/><\/p>\n<p style=\"color: rgb(102, 102, 102); text-align: justify;\"><b>Miguel Vallenilla &#8211;\u00a0<\/b>A\u00f1o tras a\u00f1o los clubes venezolanos inician cada temporada pensando en obtener sus objetivos. Algunos con m\u00e1s posibilidades que otros, piensan en alcanzar la consagraci\u00f3n del t\u00edtulo absoluto, y para eso, vencer en los dos torneos cortos, o lograr la victoria global en la final del torneo es lo necesario. Cada t\u00edtulo se ve representado en alzar un trofeo especial, el de campeones.<\/p>\n<p style=\"color: rgb(102, 102, 102); text-align: justify;\">En\u00a0<b>GradaDigital<\/b>, investigamos sobre las caracter\u00edsticas de este particular trofeo que alzara por primera vez el Caracas FC en la temporada 2009\/10.\u00a0<b>\u00abEs un trofeo que se viene usando a\u00f1o tras a\u00f1os como anteriormente. Son trofeos que tienen diferentes dise\u00f1os por ciclos\u00bb<\/b>, nos coment\u00f3 el delegado de la Federaci\u00f3n Venezolana de F\u00fatbol, Marcos Ariza.<\/p>\n<p style=\"color: rgb(102, 102, 102); text-align: justify;\">El actual dise\u00f1o fue para perdurar por quince a\u00f1os, es decir que en el Estadio Cachamay de Puerto Ordaz\u00a0se entregar\u00e1 por quinta ocasi\u00f3n, y la \u00faltima ser\u00eda para la temporada 2022\/23. Adem\u00e1s, aquel club que lo gane por tres ocasiones, recibir\u00e1 un modelo mucho m\u00e1s grande, y aquel club que lo gane por cinco oportunidades recibir\u00e1 un trofeo especial\u00a0<b>\u00abcon los nombres de los diferentes campeones que han transcurrido a trav\u00e9s de los a\u00f1os\u00bb<\/b>.<\/p>\n<p style=\"color: rgb(102, 102, 102); text-align: justify;\">\u00bfDe d\u00f3nde viene?. Como en temporadas pasadas, los trofeos tienen su nacionalidad espa\u00f1ola.\u00a0<b>\u00abSon realizados por una tienda especializada en crear trofeos, y se eligi\u00f3 ese modelo\u00bb<\/b>, explic\u00f3 Ariza que indic\u00f3 que dicho modelos fueron seleccionados por el Presidente de la FVF, Rafael Esquivel. El resto de las \u00abcopas\u00bb se encuentran resguardadas en la sede de la federaci\u00f3n, en Sabana Grande.<\/p>\n<p style=\"color: rgb(102, 102, 102); text-align: right;\"><em>Art\u00edculo\u00a0actualizado de una versi\u00f3n del 25\/05\/2013<\/em><\/p>\n","protected":false},"excerpt":{"rendered":"<p>Miguel Vallenilla &#8211;\u00a0A\u00f1o tras a\u00f1o los clubes venezolanos inician cada temporada pensando en obtener sus objetivos. Algunos con m\u00e1s posibilidades que otros, piensan en alcanzar la consagraci\u00f3n del t\u00edtulo absoluto, y para eso, vencer en los dos torneos cortos, o lograr la victoria global en la final del torneo es lo necesario. Cada t\u00edtulo se &#8230;<\/p>\n","protected":false},"author":4,"featured_media":12024,"comment_status":"closed","ping_status":"closed","sticky":false,"template":"","format":"standard","meta":{"footnotes":""},"categories":[5,15,31,21],"tags":[652,216,650,1843,653,651,1847],"class_list":["post-12023","post","type-post","status-publish","format-standard","has-post-thumbnail","hentry","category-futbol-nacional","category-mineros-de-guayana","category-primera-division","category-zamora-fc","tag-copa","tag-futve","tag-historia-del-trofeo","tag-mineros-de-guayana","tag-torneo-venezolano","tag-trofeo","tag-zamora-fc"],"_links":{"self":[{"href":"http:\/\/gradadigital.com\/home\/wp-json\/wp\/v2\/posts\/12023","targetHints":{"allow":["GET"]}}],"collection":[{"href":"http:\/\/gradadigital.com\/home\/wp-json\/wp\/v2\/posts"}],"about":[{"href":"http:\/\/gradadigital.com\/home\/wp-json\/wp\/v2\/types\/post"}],"author":[{"embeddable":true,"href":"http:\/\/gradadigital.com\/home\/wp-json\/wp\/v2\/users\/4"}],"replies":[{"embeddable":true,"href":"http:\/\/gradadigital.com\/home\/wp-json\/wp\/v2\/comments?post=12023"}],"version-history":[{"count":1,"href":"http:\/\/gradadigital.com\/home\/wp-json\/wp\/v2\/posts\/12023\/revisions"}],"predecessor-version":[{"id":12025,"href":"http:\/\/gradadigital.com\/home\/wp-json\/wp\/v2\/posts\/12023\/revisions\/12025"}],"wp:featuredmedia":[{"embeddable":true,"href":"http:\/\/gradadigital.com\/home\/wp-json\/wp\/v2\/media\/12024"}],"wp:attachment":[{"href":"http:\/\/gradadigital.com\/home\/wp-json\/wp\/v2\/media?parent=12023"}],"wp:term":[{"taxonomy":"category","embeddable":true,"href":"http:\/\/gradadigital.com\/home\/wp-json\/wp\/v2\/categories?post=12023"},{"taxonomy":"post_tag","embeddable":true,"href":"http:\/\/gradadigital.com\/home\/wp-json\/wp\/v2\/tags?post=12023"}],"curies":[{"name":"wp","href":"https:\/\/api.w.org\/{rel}","templated":true}]}}