{"id":11909,"date":"2014-05-13T22:05:34","date_gmt":"2014-05-14T02:35:34","guid":{"rendered":"http:\/\/gradadigital.com\/home\/?p=11909"},"modified":"2014-05-13T22:05:34","modified_gmt":"2014-05-14T02:35:34","slug":"columna-la-resurreccion-de-falcon","status":"publish","type":"post","link":"http:\/\/gradadigital.com\/home\/columna-la-resurreccion-de-falcon\/","title":{"rendered":"COLUMNA | La resurrecci\u00f3n de Falc\u00f3n"},"content":{"rendered":"<p style=\"text-align: center;\"><img loading=\"lazy\" decoding=\"async\" class=\"alignnone size-full wp-image-11910\" src=\"http:\/\/gradadigital.com\/home\/wp-content\/uploads\/2014\/05\/juan_falcon_resurreccion_13052014.jpg\" alt=\"juan_falcon_resurreccion_13052014\" width=\"682\" height=\"396\" srcset=\"http:\/\/gradadigital.com\/home\/wp-content\/uploads\/2014\/05\/juan_falcon_resurreccion_13052014.jpg 682w, http:\/\/gradadigital.com\/home\/wp-content\/uploads\/2014\/05\/juan_falcon_resurreccion_13052014-300x174.jpg 300w\" sizes=\"auto, (max-width: 682px) 100vw, 682px\" \/><\/p>\n<p style=\"text-align: justify;\"><strong>Miguel Vallenilla &#8211;<\/strong> Se encuentra sentado con mucha tranquilidad, con su gorra hacia atr\u00e1s, sonriendo con sus compa\u00f1eros, y junto a su familia que se muestra orgullosa de sus triunfos. Se pone de pie, camina hacia otra mesa, comparte, se deja tomar fotos por quienes quieren un recuerdo de \u00e9l, y se vuelve a reunir con los suyos. As\u00ed, Juan Falc\u00f3n digiere lo que fue hasta hace pocas horas el momento m\u00e1s sublime de su carrera: un gol en el \u00faltimo minuto, y el alcance del t\u00edtulo del Torneo Clausura, boleto para la gran final.<\/p>\n<p style=\"text-align: justify;\">El desarrollo del encuentro ante el Zulia FC no fue para nada sencillo. Por los pasillos hasta se hablaba de un rival incentivado, pero como no tocamos el tema, solo podemos decir que el Zamora debi\u00f3 luchar m\u00e1s de lo pensado, y que estuvo a pocos segundos de ver perdido todos los sue\u00f1os con los que hab\u00edan saltado a La Carolina.<\/p>\n<p style=\"text-align: justify;\">El encuentro tuvo varios cap\u00edtulos, muchos de ellos con gran nerviosismo, incluyendo a un actor que inici\u00f3 de reparto, y termin\u00f3 con el rol protag\u00f3nico. Cuando transcurr\u00eda el minuto 56, Yordanis Abreu se encarg\u00f3 de detener la embestida de Falc\u00f3n, usando una herramienta probablemente legal, pero bastante accidental: forcejeo fuerte, empujar, y apartar. Esto tuvo como resultado a Falc\u00f3n desparramado en el piso, mano tendida, ojos idos, susto total. All\u00ed aparecer\u00eda Noel Sanvicente.<\/p>\n<p style=\"text-align: justify;\">Ante el susto de Abreu, el llamado de Soto, y los ojos de todos los que quieren ayudar, Sanvicente no quer\u00eda perder a su guerrero, el que batalla todas, el que no tiene descanso. Falc\u00f3n deb\u00eda reaccionar as\u00ed no quisiera, y de la nada tom\u00f3 el brazo de su estratega, quien lo levant\u00f3 del piso como si nada, y el primer indicativo fue: entra a la cancha.<\/p>\n<p style=\"text-align: justify;\">As\u00ed ha sido la temporada de Falc\u00f3n, que ya brillaba desde la anterior. Reparti\u00f3 goles, entreg\u00f3 alegr\u00edas, mostr\u00f3 sus facultades, y dej\u00f3 claro que es la pieza que Sanvicente desea. Este joven jugador de Acarigua, empuj\u00f3 en el tr\u00e1mite del encuentro un carro auxiliar que no ten\u00eda energ\u00eda el\u00e9ctrica para avanzar r\u00e1pido su salida del campo. Con esa fuerza, y con un minuto por jugar, apenas veintitr\u00e9s segundos despu\u00e9s logr\u00f3 superar a tres defensores que le metieron la pierna, lo tomaban de la cintura, y simulaban recibir una falta.<\/p>\n<p style=\"text-align: justify;\">Ah\u00ed estaba Falc\u00f3n, quien resucit\u00f3 porque no era el momento de abandonar al equipo. Los fieles creyentes gritaron de esquina a esquina, meti\u00f3 el bal\u00f3n luego de dominarla ante el aporreo de los rivales, y fue a abrazar a quien lo levant\u00f3 una y otra vez: Sanvicente.<\/p>\n","protected":false},"excerpt":{"rendered":"<p>Miguel Vallenilla &#8211; Se encuentra sentado con mucha tranquilidad, con su gorra hacia atr\u00e1s, sonriendo con sus compa\u00f1eros, y junto a su familia que se muestra orgullosa de sus triunfos. Se pone de pie, camina hacia otra mesa, comparte, se deja tomar fotos por quienes quieren un recuerdo de \u00e9l, y se vuelve a reunir &#8230;<\/p>\n","protected":false},"author":4,"featured_media":11910,"comment_status":"closed","ping_status":"closed","sticky":false,"template":"","format":"standard","meta":{"footnotes":""},"categories":[32,5,31,21],"tags":[224,117,1847],"class_list":["post-11909","post","type-post","status-publish","format-standard","has-post-thumbnail","hentry","category-especial","category-futbol-nacional","category-primera-division","category-zamora-fc","tag-goleador","tag-juan-falcon","tag-zamora-fc"],"_links":{"self":[{"href":"http:\/\/gradadigital.com\/home\/wp-json\/wp\/v2\/posts\/11909","targetHints":{"allow":["GET"]}}],"collection":[{"href":"http:\/\/gradadigital.com\/home\/wp-json\/wp\/v2\/posts"}],"about":[{"href":"http:\/\/gradadigital.com\/home\/wp-json\/wp\/v2\/types\/post"}],"author":[{"embeddable":true,"href":"http:\/\/gradadigital.com\/home\/wp-json\/wp\/v2\/users\/4"}],"replies":[{"embeddable":true,"href":"http:\/\/gradadigital.com\/home\/wp-json\/wp\/v2\/comments?post=11909"}],"version-history":[{"count":1,"href":"http:\/\/gradadigital.com\/home\/wp-json\/wp\/v2\/posts\/11909\/revisions"}],"predecessor-version":[{"id":11911,"href":"http:\/\/gradadigital.com\/home\/wp-json\/wp\/v2\/posts\/11909\/revisions\/11911"}],"wp:featuredmedia":[{"embeddable":true,"href":"http:\/\/gradadigital.com\/home\/wp-json\/wp\/v2\/media\/11910"}],"wp:attachment":[{"href":"http:\/\/gradadigital.com\/home\/wp-json\/wp\/v2\/media?parent=11909"}],"wp:term":[{"taxonomy":"category","embeddable":true,"href":"http:\/\/gradadigital.com\/home\/wp-json\/wp\/v2\/categories?post=11909"},{"taxonomy":"post_tag","embeddable":true,"href":"http:\/\/gradadigital.com\/home\/wp-json\/wp\/v2\/tags?post=11909"}],"curies":[{"name":"wp","href":"https:\/\/api.w.org\/{rel}","templated":true}]}}