{"id":11879,"date":"2014-05-13T10:14:47","date_gmt":"2014-05-13T14:44:47","guid":{"rendered":"http:\/\/gradadigital.com\/home\/?p=11879"},"modified":"2014-05-13T10:17:51","modified_gmt":"2014-05-13T14:47:51","slug":"video-lo-que-no-viste-del-infartante-titulo-clausura-del-zamora-fc","status":"publish","type":"post","link":"http:\/\/gradadigital.com\/home\/video-lo-que-no-viste-del-infartante-titulo-clausura-del-zamora-fc\/","title":{"rendered":"VIDEO | Lo que no viste del infartante t\u00edtulo Clausura del Zamora FC"},"content":{"rendered":"<iframe loading=\"lazy\" width=\"682\" height=\"348\" src=\"http:\/\/www.youtube.com\/embed\/KuMZPUlVHTg?rel=0\" frameborder=\"0\" allowfullscreen><\/iframe>\n<p style=\"text-align: justify;\"><strong>GradaDigital.com, Barinas &#8211;<\/strong> La victoria del Zamora FC en la \u00faltima jornada, con los momentos m\u00e1gicos de Juan Falc\u00f3n en el \u00faltimo minuto, dej\u00f3 muchos recuerdos para la afici\u00f3n de Barinas y hoy lo recordamos en video el antes, durante y despu\u00e9s de esta infartante jornada que vio titularse a los de Noel Sanvicente. <strong>\u00a1Mira el video!<\/strong><\/p>\n","protected":false},"excerpt":{"rendered":"<p>GradaDigital.com, Barinas &#8211; La victoria del Zamora FC en la \u00faltima jornada, con los momentos m\u00e1gicos de Juan Falc\u00f3n en el \u00faltimo minuto, dej\u00f3 muchos recuerdos para la afici\u00f3n de Barinas y hoy lo recordamos en video el antes, durante y despu\u00e9s de esta infartante jornada que vio titularse a los de Noel Sanvicente. \u00a1Mira &#8230;<\/p>\n","protected":false},"author":4,"featured_media":11756,"comment_status":"closed","ping_status":"closed","sticky":false,"template":"","format":"standard","meta":{"footnotes":""},"categories":[27,5,31,21,22],"tags":[117,498,1847],"class_list":["post-11879","post","type-post","status-publish","format-standard","has-post-thumbnail","hentry","category-video","category-futbol-nacional","category-primera-division","category-zamora-fc","category-zulia-fc","tag-juan-falcon","tag-torneo-clausura","tag-zamora-fc"],"_links":{"self":[{"href":"http:\/\/gradadigital.com\/home\/wp-json\/wp\/v2\/posts\/11879","targetHints":{"allow":["GET"]}}],"collection":[{"href":"http:\/\/gradadigital.com\/home\/wp-json\/wp\/v2\/posts"}],"about":[{"href":"http:\/\/gradadigital.com\/home\/wp-json\/wp\/v2\/types\/post"}],"author":[{"embeddable":true,"href":"http:\/\/gradadigital.com\/home\/wp-json\/wp\/v2\/users\/4"}],"replies":[{"embeddable":true,"href":"http:\/\/gradadigital.com\/home\/wp-json\/wp\/v2\/comments?post=11879"}],"version-history":[{"count":2,"href":"http:\/\/gradadigital.com\/home\/wp-json\/wp\/v2\/posts\/11879\/revisions"}],"predecessor-version":[{"id":11881,"href":"http:\/\/gradadigital.com\/home\/wp-json\/wp\/v2\/posts\/11879\/revisions\/11881"}],"wp:featuredmedia":[{"embeddable":true,"href":"http:\/\/gradadigital.com\/home\/wp-json\/wp\/v2\/media\/11756"}],"wp:attachment":[{"href":"http:\/\/gradadigital.com\/home\/wp-json\/wp\/v2\/media?parent=11879"}],"wp:term":[{"taxonomy":"category","embeddable":true,"href":"http:\/\/gradadigital.com\/home\/wp-json\/wp\/v2\/categories?post=11879"},{"taxonomy":"post_tag","embeddable":true,"href":"http:\/\/gradadigital.com\/home\/wp-json\/wp\/v2\/tags?post=11879"}],"curies":[{"name":"wp","href":"https:\/\/api.w.org\/{rel}","templated":true}]}}