{"id":11860,"date":"2014-05-12T19:39:10","date_gmt":"2014-05-13T00:09:10","guid":{"rendered":"http:\/\/gradadigital.com\/home\/?p=11860"},"modified":"2014-05-12T19:55:30","modified_gmt":"2014-05-13T00:25:30","slug":"fotos-darwin-machis-fue-presentado-como-jugador-del-hercules","status":"publish","type":"post","link":"http:\/\/gradadigital.com\/home\/fotos-darwin-machis-fue-presentado-como-jugador-del-hercules\/","title":{"rendered":"+FOTOS | Darwin Mach\u00eds fue presentado como jugador del H\u00e9rcules"},"content":{"rendered":"<p style=\"text-align: center;\"><img decoding=\"async\" class=\"decoded\" src=\"http:\/\/gradadigital.com\/home\/wp-content\/uploads\/2014\/05\/darwin_machis_presentacion_hercules_alicante_12052014.jpg\" alt=\"http:\/\/gradadigital.com\/home\/wp-content\/uploads\/2014\/05\/darwin_machis_presentacion_hercules_alicante_12052014.jpg\" \/><\/p>\n<p style=\"text-align: justify;\"><strong>EFE. &#8211;<\/strong> El futbolista venezolano\u00a0Darwin Mach\u00eds conf\u00eda en <strong>\u00abayudar todo lo que pueda\u00bb<\/strong> para que logre la permanencia en Segunda Divisi\u00f3n el H\u00e9rcules de Alicante CF, equipo en el que militar\u00e1 los cuatro \u00faltimos partidos de Liga en calidad de cedido por el Granada CF.<\/p>\n<p style=\"text-align: justify;\">Darwin Mach\u00eds\u00a0ha participado hoy en su primera sesi\u00f3n de entrenamiento como jugador del\u00a0H\u00e9rcules despu\u00e9s de que el jueves se concretara su fichaje por el club alicantino, que ha recurrido a sus servicios para cubrir la baja por lesi\u00f3n de larga duraci\u00f3n del defensa No\u00e9 Pamarot.<\/p>\n<p style=\"text-align: justify;\">El futbolista suramericano ha sido presentado posteriormente ante los medios de comunicaci\u00f3n como nuevo jugador de la entidad herculana y ha declarado estar <strong>\u00abmuy contento por llegar a un club que es muy importante a pesar de su situaci\u00f3n\u00bb<\/strong>, colista de Segunda Divisi\u00f3n.<\/p>\n<p style=\"text-align: justify;\"><strong>\u00abEstoy muy motivado y con ganas de darlo todo por el equipo\u00bb<\/strong>, ha apuntado Mach\u00eds, que ha antepuesto los objetivos del club a los suyos propios a pesar de llegar al H\u00e9rcules para s\u00f3lo un mes de competici\u00f3n.<\/p>\n<p style=\"text-align: justify;\"><strong>\u00abTengo objetivos nuevos, un nivel de competici\u00f3n diferente y la responsabilidad de pelear por la permanencia del equipo y demostrar a la afici\u00f3n que tiene jugadores que van a luchar\u00bb<\/strong>, ha dicho.<\/p>\n<p style=\"text-align: justify;\">El venezolano se ha mostrado dispuesto a jugar en la posici\u00f3n del ataque en el que le quiera utilizar el t\u00e9cnico\u00a0Slavi\u0161a Jokanovi\u0107 porque <strong>\u00abahora un jugador debe saber jugar en varias posiciones\u00bb<\/strong>, pero ha reconocido que en la que se siente m\u00e1s c\u00f3modo es en la de delantero centro.<\/p>\n<p style=\"text-align: justify;\">Mach\u00eds mantuvo una reuni\u00f3n este domingo con\u00a0Jokanovi\u0107 en la que ha desvelado que el entrenador serbio le pidi\u00f3 <strong>\u00abvelocidad, sangre, entrega y trabajo\u00bb<\/strong> y es lo que intentar\u00e1 aportar al equipo.<\/p>\n<p style=\"text-align: center;\"><strong>FOTOS<\/strong><br \/>\n<img decoding=\"async\" class=\"decoded\" src=\"http:\/\/gradadigital.com\/home\/wp-content\/uploads\/2014\/05\/darwin_machis_presentacion_hercules_alicante_12052014_3.jpg\" alt=\"http:\/\/gradadigital.com\/home\/wp-content\/uploads\/2014\/05\/darwin_machis_presentacion_hercules_alicante_12052014_3.jpg\" \/><\/p>\n<p style=\"text-align: center;\"><img decoding=\"async\" class=\"decoded\" src=\"http:\/\/gradadigital.com\/home\/wp-content\/uploads\/2014\/05\/darwin_machis_presentacion_hercules_alicante_12052014_2.jpg\" alt=\"http:\/\/gradadigital.com\/home\/wp-content\/uploads\/2014\/05\/darwin_machis_presentacion_hercules_alicante_12052014_2.jpg\" \/><\/p>\n<p style=\"text-align: center;\"><img decoding=\"async\" class=\"decoded\" src=\"http:\/\/gradadigital.com\/home\/wp-content\/uploads\/2014\/05\/darwin_machis_presentacion_hercules_alicante_12052014_1.jpg\" alt=\"http:\/\/gradadigital.com\/home\/wp-content\/uploads\/2014\/05\/darwin_machis_presentacion_hercules_alicante_12052014_1.jpg\" \/><\/p>\n","protected":false},"excerpt":{"rendered":"<p>EFE. &#8211; El futbolista venezolano\u00a0Darwin Mach\u00eds conf\u00eda en \u00abayudar todo lo que pueda\u00bb para que logre la permanencia en Segunda Divisi\u00f3n el H\u00e9rcules de Alicante CF, equipo en el que militar\u00e1 los cuatro \u00faltimos partidos de Liga en calidad de cedido por el Granada CF. Darwin Mach\u00eds\u00a0ha participado hoy en su primera sesi\u00f3n de entrenamiento &#8230;<\/p>\n","protected":false},"author":3,"featured_media":11862,"comment_status":"closed","ping_status":"closed","sticky":false,"template":"","format":"standard","meta":{"footnotes":""},"categories":[43,36,4],"tags":[253,255,256,600,599,598,601,51],"class_list":["post-11860","post","type-post","status-publish","format-standard","has-post-thumbnail","hentry","category-fotos","category-internacional","category-legionarios","tag-darwin-machis","tag-espana","tag-granada-cf","tag-hercules","tag-hercules-de-alicante-cf","tag-segunda-division","tag-slavisa-jokanovic","tag-venezuela"],"_links":{"self":[{"href":"http:\/\/gradadigital.com\/home\/wp-json\/wp\/v2\/posts\/11860","targetHints":{"allow":["GET"]}}],"collection":[{"href":"http:\/\/gradadigital.com\/home\/wp-json\/wp\/v2\/posts"}],"about":[{"href":"http:\/\/gradadigital.com\/home\/wp-json\/wp\/v2\/types\/post"}],"author":[{"embeddable":true,"href":"http:\/\/gradadigital.com\/home\/wp-json\/wp\/v2\/users\/3"}],"replies":[{"embeddable":true,"href":"http:\/\/gradadigital.com\/home\/wp-json\/wp\/v2\/comments?post=11860"}],"version-history":[{"count":1,"href":"http:\/\/gradadigital.com\/home\/wp-json\/wp\/v2\/posts\/11860\/revisions"}],"predecessor-version":[{"id":11865,"href":"http:\/\/gradadigital.com\/home\/wp-json\/wp\/v2\/posts\/11860\/revisions\/11865"}],"wp:featuredmedia":[{"embeddable":true,"href":"http:\/\/gradadigital.com\/home\/wp-json\/wp\/v2\/media\/11862"}],"wp:attachment":[{"href":"http:\/\/gradadigital.com\/home\/wp-json\/wp\/v2\/media?parent=11860"}],"wp:term":[{"taxonomy":"category","embeddable":true,"href":"http:\/\/gradadigital.com\/home\/wp-json\/wp\/v2\/categories?post=11860"},{"taxonomy":"post_tag","embeddable":true,"href":"http:\/\/gradadigital.com\/home\/wp-json\/wp\/v2\/tags?post=11860"}],"curies":[{"name":"wp","href":"https:\/\/api.w.org\/{rel}","templated":true}]}}