{"id":11820,"date":"2014-05-12T03:58:24","date_gmt":"2014-05-12T08:28:24","guid":{"rendered":"http:\/\/gradadigital.com\/home\/?p=11820"},"modified":"2014-05-12T03:58:24","modified_gmt":"2014-05-12T08:28:24","slug":"fotos-las-calles-de-barinas-se-colmaron-de-festejos","status":"publish","type":"post","link":"http:\/\/gradadigital.com\/home\/fotos-las-calles-de-barinas-se-colmaron-de-festejos\/","title":{"rendered":"FOTOS | Las calles de Barinas se colmaron de festejos"},"content":{"rendered":"<p style=\"text-align: center;\"><img loading=\"lazy\" decoding=\"async\" class=\"alignnone size-full wp-image-11823\" src=\"http:\/\/gradadigital.com\/home\/wp-content\/uploads\/2014\/05\/aficionados_zamora_110520141.jpg\" alt=\"aficionados_zamora_11052014\" width=\"596\" height=\"346\" srcset=\"http:\/\/gradadigital.com\/home\/wp-content\/uploads\/2014\/05\/aficionados_zamora_110520141.jpg 596w, http:\/\/gradadigital.com\/home\/wp-content\/uploads\/2014\/05\/aficionados_zamora_110520141-300x174.jpg 300w\" sizes=\"auto, (max-width: 596px) 100vw, 596px\" \/><\/p>\n<p style=\"text-align: justify;\"><strong>Miguel Vallenilla, Barinas &#8211;<\/strong> Tras el t\u00edtulo del Clausura del Zamora FC, las calles de Barinas se llenaron de festejos, siendo el punto principal de encuentro Punto Fresco. All\u00ed el equipo de Barinas se apareci\u00f3 mientras circulaba hacia el hotel de los jugadores, y se reencontr\u00f3 con la afici\u00f3n que festejaba. \u00a1Mira las fotos!<\/p>\n<p style=\"text-align: center;\"><img loading=\"lazy\" decoding=\"async\" class=\"alignnone size-full wp-image-11824\" src=\"http:\/\/gradadigital.com\/home\/wp-content\/uploads\/2014\/05\/aficion_zamora_11052014_21.jpg\" alt=\"aficion_zamora_11052014_2\" width=\"596\" height=\"346\" srcset=\"http:\/\/gradadigital.com\/home\/wp-content\/uploads\/2014\/05\/aficion_zamora_11052014_21.jpg 596w, http:\/\/gradadigital.com\/home\/wp-content\/uploads\/2014\/05\/aficion_zamora_11052014_21-300x174.jpg 300w\" sizes=\"auto, (max-width: 596px) 100vw, 596px\" \/><\/p>\n<p style=\"text-align: center;\"><img loading=\"lazy\" decoding=\"async\" class=\"alignnone size-full wp-image-11825\" src=\"http:\/\/gradadigital.com\/home\/wp-content\/uploads\/2014\/05\/aficion_zamora_mineros_110520141.jpg\" alt=\"aficion_zamora_mineros_11052014\" width=\"596\" height=\"346\" srcset=\"http:\/\/gradadigital.com\/home\/wp-content\/uploads\/2014\/05\/aficion_zamora_mineros_110520141.jpg 596w, http:\/\/gradadigital.com\/home\/wp-content\/uploads\/2014\/05\/aficion_zamora_mineros_110520141-300x174.jpg 300w\" sizes=\"auto, (max-width: 596px) 100vw, 596px\" \/><\/p>\n<p style=\"text-align: center;\"><img loading=\"lazy\" decoding=\"async\" class=\"alignnone size-full wp-image-11826\" src=\"http:\/\/gradadigital.com\/home\/wp-content\/uploads\/2014\/05\/zamora_aficion_110520141.jpg\" alt=\"zamora_aficion_11052014\" width=\"596\" height=\"346\" srcset=\"http:\/\/gradadigital.com\/home\/wp-content\/uploads\/2014\/05\/zamora_aficion_110520141.jpg 596w, http:\/\/gradadigital.com\/home\/wp-content\/uploads\/2014\/05\/zamora_aficion_110520141-300x174.jpg 300w\" sizes=\"auto, (max-width: 596px) 100vw, 596px\" \/><\/p>\n<p style=\"text-align: center;\"><img loading=\"lazy\" decoding=\"async\" class=\"alignnone size-full wp-image-11827\" src=\"http:\/\/gradadigital.com\/home\/wp-content\/uploads\/2014\/05\/aficion_zamora_chita_alcalde_110520141.jpg\" alt=\"aficion_zamora_chita_alcalde_11052014\" width=\"596\" height=\"346\" srcset=\"http:\/\/gradadigital.com\/home\/wp-content\/uploads\/2014\/05\/aficion_zamora_chita_alcalde_110520141.jpg 596w, http:\/\/gradadigital.com\/home\/wp-content\/uploads\/2014\/05\/aficion_zamora_chita_alcalde_110520141-300x174.jpg 300w\" sizes=\"auto, (max-width: 596px) 100vw, 596px\" \/><\/p>\n<p style=\"text-align: center;\"><img loading=\"lazy\" decoding=\"async\" class=\"alignnone size-full wp-image-11828\" src=\"http:\/\/gradadigital.com\/home\/wp-content\/uploads\/2014\/05\/juan_falcon_zamora_110520141.jpg\" alt=\"juan_falcon_zamora_11052014\" width=\"596\" height=\"346\" srcset=\"http:\/\/gradadigital.com\/home\/wp-content\/uploads\/2014\/05\/juan_falcon_zamora_110520141.jpg 596w, http:\/\/gradadigital.com\/home\/wp-content\/uploads\/2014\/05\/juan_falcon_zamora_110520141-300x174.jpg 300w\" sizes=\"auto, (max-width: 596px) 100vw, 596px\" \/><\/p>\n<p style=\"text-align: center;\"><img loading=\"lazy\" decoding=\"async\" class=\"alignnone size-full wp-image-11829\" src=\"http:\/\/gradadigital.com\/home\/wp-content\/uploads\/2014\/05\/aficion_zamora_110520141.jpg\" alt=\"aficion_zamora_11052014\" width=\"596\" height=\"346\" srcset=\"http:\/\/gradadigital.com\/home\/wp-content\/uploads\/2014\/05\/aficion_zamora_110520141.jpg 596w, http:\/\/gradadigital.com\/home\/wp-content\/uploads\/2014\/05\/aficion_zamora_110520141-300x174.jpg 300w\" sizes=\"auto, (max-width: 596px) 100vw, 596px\" \/><\/p>\n<p style=\"text-align: center;\"><img loading=\"lazy\" decoding=\"async\" class=\"alignnone size-full wp-image-11834\" src=\"http:\/\/gradadigital.com\/home\/wp-content\/uploads\/2014\/05\/aficion_zamora_puto_fresco_11052014_8.jpg\" alt=\"aficion_zamora_puto_fresco_11052014_8\" width=\"596\" height=\"346\" srcset=\"http:\/\/gradadigital.com\/home\/wp-content\/uploads\/2014\/05\/aficion_zamora_puto_fresco_11052014_8.jpg 596w, http:\/\/gradadigital.com\/home\/wp-content\/uploads\/2014\/05\/aficion_zamora_puto_fresco_11052014_8-300x174.jpg 300w\" sizes=\"auto, (max-width: 596px) 100vw, 596px\" \/><\/p>\n<p style=\"text-align: center;\"><img loading=\"lazy\" decoding=\"async\" class=\"alignnone size-full wp-image-11835\" src=\"http:\/\/gradadigital.com\/home\/wp-content\/uploads\/2014\/05\/aficion_zamora_puto_fresco_11052014_7.jpg\" alt=\"aficion_zamora_puto_fresco_11052014_7\" width=\"596\" height=\"346\" srcset=\"http:\/\/gradadigital.com\/home\/wp-content\/uploads\/2014\/05\/aficion_zamora_puto_fresco_11052014_7.jpg 596w, http:\/\/gradadigital.com\/home\/wp-content\/uploads\/2014\/05\/aficion_zamora_puto_fresco_11052014_7-300x174.jpg 300w\" sizes=\"auto, (max-width: 596px) 100vw, 596px\" \/><\/p>\n<p style=\"text-align: center;\"><img loading=\"lazy\" decoding=\"async\" class=\"alignnone size-full wp-image-11836\" src=\"http:\/\/gradadigital.com\/home\/wp-content\/uploads\/2014\/05\/aficion_zamora_puto_fresco_11052014_6.jpg\" alt=\"aficion_zamora_puto_fresco_11052014_6\" width=\"596\" height=\"346\" srcset=\"http:\/\/gradadigital.com\/home\/wp-content\/uploads\/2014\/05\/aficion_zamora_puto_fresco_11052014_6.jpg 596w, http:\/\/gradadigital.com\/home\/wp-content\/uploads\/2014\/05\/aficion_zamora_puto_fresco_11052014_6-300x174.jpg 300w\" sizes=\"auto, (max-width: 596px) 100vw, 596px\" \/><\/p>\n<p style=\"text-align: center;\"><img loading=\"lazy\" decoding=\"async\" class=\"alignnone size-full wp-image-11837\" src=\"http:\/\/gradadigital.com\/home\/wp-content\/uploads\/2014\/05\/aficion_zamora_puto_fresco_11052014_5.jpg\" alt=\"aficion_zamora_puto_fresco_11052014_5\" width=\"596\" height=\"346\" srcset=\"http:\/\/gradadigital.com\/home\/wp-content\/uploads\/2014\/05\/aficion_zamora_puto_fresco_11052014_5.jpg 596w, http:\/\/gradadigital.com\/home\/wp-content\/uploads\/2014\/05\/aficion_zamora_puto_fresco_11052014_5-300x174.jpg 300w\" sizes=\"auto, (max-width: 596px) 100vw, 596px\" \/><\/p>\n<p style=\"text-align: center;\"><img loading=\"lazy\" decoding=\"async\" class=\"alignnone size-full wp-image-11838\" src=\"http:\/\/gradadigital.com\/home\/wp-content\/uploads\/2014\/05\/aficion_zamora_puto_fresco_11052014_4.jpg\" alt=\"aficion_zamora_puto_fresco_11052014_4\" width=\"596\" height=\"346\" srcset=\"http:\/\/gradadigital.com\/home\/wp-content\/uploads\/2014\/05\/aficion_zamora_puto_fresco_11052014_4.jpg 596w, http:\/\/gradadigital.com\/home\/wp-content\/uploads\/2014\/05\/aficion_zamora_puto_fresco_11052014_4-300x174.jpg 300w\" sizes=\"auto, (max-width: 596px) 100vw, 596px\" \/><\/p>\n<p style=\"text-align: center;\"><img loading=\"lazy\" decoding=\"async\" class=\"alignnone size-full wp-image-11839\" src=\"http:\/\/gradadigital.com\/home\/wp-content\/uploads\/2014\/05\/aficion_zamora_puto_fresco_11052014_3.jpg\" alt=\"aficion_zamora_puto_fresco_11052014_3\" width=\"596\" height=\"346\" srcset=\"http:\/\/gradadigital.com\/home\/wp-content\/uploads\/2014\/05\/aficion_zamora_puto_fresco_11052014_3.jpg 596w, http:\/\/gradadigital.com\/home\/wp-content\/uploads\/2014\/05\/aficion_zamora_puto_fresco_11052014_3-300x174.jpg 300w\" sizes=\"auto, (max-width: 596px) 100vw, 596px\" \/><\/p>\n<p style=\"text-align: center;\"><img loading=\"lazy\" decoding=\"async\" class=\"alignnone size-full wp-image-11840\" src=\"http:\/\/gradadigital.com\/home\/wp-content\/uploads\/2014\/05\/aficion_zamora_puto_fresco_11052014_2.jpg\" alt=\"aficion_zamora_puto_fresco_11052014_2\" width=\"596\" height=\"346\" srcset=\"http:\/\/gradadigital.com\/home\/wp-content\/uploads\/2014\/05\/aficion_zamora_puto_fresco_11052014_2.jpg 596w, http:\/\/gradadigital.com\/home\/wp-content\/uploads\/2014\/05\/aficion_zamora_puto_fresco_11052014_2-300x174.jpg 300w\" sizes=\"auto, (max-width: 596px) 100vw, 596px\" \/><\/p>\n<p style=\"text-align: center;\"><img loading=\"lazy\" decoding=\"async\" class=\"alignnone size-full wp-image-11841\" src=\"http:\/\/gradadigital.com\/home\/wp-content\/uploads\/2014\/05\/aficion_zamora_puto_fresco_11052014.jpg\" alt=\"aficion_zamora_puto_fresco_11052014\" width=\"596\" height=\"346\" srcset=\"http:\/\/gradadigital.com\/home\/wp-content\/uploads\/2014\/05\/aficion_zamora_puto_fresco_11052014.jpg 596w, http:\/\/gradadigital.com\/home\/wp-content\/uploads\/2014\/05\/aficion_zamora_puto_fresco_11052014-300x174.jpg 300w\" sizes=\"auto, (max-width: 596px) 100vw, 596px\" \/><\/p>\n","protected":false},"excerpt":{"rendered":"<p>Miguel Vallenilla, Barinas &#8211; Tras el t\u00edtulo del Clausura del Zamora FC, las calles de Barinas se llenaron de festejos, siendo el punto principal de encuentro Punto Fresco. All\u00ed el equipo de Barinas se apareci\u00f3 mientras circulaba hacia el hotel de los jugadores, y se reencontr\u00f3 con la afici\u00f3n que festejaba. \u00a1Mira las fotos!<\/p>\n","protected":false},"author":4,"featured_media":11827,"comment_status":"closed","ping_status":"closed","sticky":false,"template":"","format":"standard","meta":{"footnotes":""},"categories":[43,5,31,21],"tags":[69,233,595,498,1847],"class_list":["post-11820","post","type-post","status-publish","format-standard","has-post-thumbnail","hentry","category-fotos","category-futbol-nacional","category-primera-division","category-zamora-fc","tag-barinas","tag-chita","tag-punto-fresco","tag-torneo-clausura","tag-zamora-fc"],"_links":{"self":[{"href":"http:\/\/gradadigital.com\/home\/wp-json\/wp\/v2\/posts\/11820","targetHints":{"allow":["GET"]}}],"collection":[{"href":"http:\/\/gradadigital.com\/home\/wp-json\/wp\/v2\/posts"}],"about":[{"href":"http:\/\/gradadigital.com\/home\/wp-json\/wp\/v2\/types\/post"}],"author":[{"embeddable":true,"href":"http:\/\/gradadigital.com\/home\/wp-json\/wp\/v2\/users\/4"}],"replies":[{"embeddable":true,"href":"http:\/\/gradadigital.com\/home\/wp-json\/wp\/v2\/comments?post=11820"}],"version-history":[{"count":1,"href":"http:\/\/gradadigital.com\/home\/wp-json\/wp\/v2\/posts\/11820\/revisions"}],"predecessor-version":[{"id":11842,"href":"http:\/\/gradadigital.com\/home\/wp-json\/wp\/v2\/posts\/11820\/revisions\/11842"}],"wp:featuredmedia":[{"embeddable":true,"href":"http:\/\/gradadigital.com\/home\/wp-json\/wp\/v2\/media\/11827"}],"wp:attachment":[{"href":"http:\/\/gradadigital.com\/home\/wp-json\/wp\/v2\/media?parent=11820"}],"wp:term":[{"taxonomy":"category","embeddable":true,"href":"http:\/\/gradadigital.com\/home\/wp-json\/wp\/v2\/categories?post=11820"},{"taxonomy":"post_tag","embeddable":true,"href":"http:\/\/gradadigital.com\/home\/wp-json\/wp\/v2\/tags?post=11820"}],"curies":[{"name":"wp","href":"https:\/\/api.w.org\/{rel}","templated":true}]}}