{"id":11815,"date":"2014-05-12T03:59:15","date_gmt":"2014-05-12T08:29:15","guid":{"rendered":"http:\/\/gradadigital.com\/home\/?p=11815"},"modified":"2014-05-12T05:04:09","modified_gmt":"2014-05-12T09:34:09","slug":"fotos-salomon-rondon-tiene-encontronazo-en-rusia","status":"publish","type":"post","link":"http:\/\/gradadigital.com\/home\/fotos-salomon-rondon-tiene-encontronazo-en-rusia\/","title":{"rendered":"+VIDEO\/FOTOS | Salom\u00f3n Rond\u00f3n tiene encontronazo en Rusia"},"content":{"rendered":"<iframe loading=\"lazy\" width=\"682\" height=\"348\" src=\"http:\/\/www.youtube.com\/embed\/4tBcRF5OJSw?rel=0\" frameborder=\"0\" allowfullscreen><\/iframe>\n<p style=\"text-align: center;\"><em>A partir del minuto 1:20 del video se puede ver la pelea de Rond\u00f3n y el ingreso\u00a0de los aficionados al campo<\/em><\/p>\n<p style=\"text-align: justify;\"><strong>GradaDigital.com &#8211;<\/strong> El delantero venezolano, Jos\u00e9 Salom\u00f3n Rond\u00f3n, tuvo un encontronazo con el defensor serbio, Marko Lomi\u0107, este domingo en el partido entre Zenit y Dinamo Mosc\u00fa, que termin\u00f3 suspendido en el minuto 87 por la invasi\u00f3n de los aficionados del equipo de San Petersburgo al campo de juego.<\/p>\n<p style=\"text-align: center;\"><strong>FOTOS<\/strong><br \/>\n<img decoding=\"async\" class=\"decoded\" src=\"http:\/\/gradadigital.com\/home\/wp-content\/uploads\/2014\/05\/salomon_rondon_zenit_dinamo_moscu_110520141.jpg\" alt=\"http:\/\/gradadigital.com\/home\/wp-content\/uploads\/2014\/05\/salomon_rondon_zenit_dinamo_moscu_110520141.jpg\" \/><\/p>\n<p style=\"text-align: center;\"><img decoding=\"async\" class=\"decoded\" src=\"http:\/\/gradadigital.com\/home\/wp-content\/uploads\/2014\/05\/salomon_rondon_zenit_dinamo_moscu_11052014_11.jpg\" alt=\"http:\/\/gradadigital.com\/home\/wp-content\/uploads\/2014\/05\/salomon_rondon_zenit_dinamo_moscu_11052014_11.jpg\" \/><\/p>\n<p style=\"text-align: center;\"><img decoding=\"async\" class=\"decoded\" src=\"http:\/\/gradadigital.com\/home\/wp-content\/uploads\/2014\/05\/salomon_rondon_zenit_dinamo_moscu_11052014_21.jpg\" alt=\"http:\/\/gradadigital.com\/home\/wp-content\/uploads\/2014\/05\/salomon_rondon_zenit_dinamo_moscu_11052014_21.jpg\" \/><\/p>\n<p style=\"text-align: center;\"><img decoding=\"async\" class=\"decoded\" src=\"http:\/\/gradadigital.com\/home\/wp-content\/uploads\/2014\/05\/salomon_rondon_zenit_dinamo_moscu_11052014_3.jpg\" alt=\"http:\/\/gradadigital.com\/home\/wp-content\/uploads\/2014\/05\/salomon_rondon_zenit_dinamo_moscu_11052014_3.jpg\" \/><\/p>\n<p style=\"text-align: center;\"><img decoding=\"async\" class=\"decoded\" src=\"http:\/\/gradadigital.com\/home\/wp-content\/uploads\/2014\/05\/salomon_rondon_zenit_dinamo_moscu_11052014_41.jpg\" alt=\"http:\/\/gradadigital.com\/home\/wp-content\/uploads\/2014\/05\/salomon_rondon_zenit_dinamo_moscu_11052014_41.jpg\" \/><\/p>\n<p style=\"text-align: center;\"><img decoding=\"async\" class=\"decoded\" src=\"http:\/\/gradadigital.com\/home\/wp-content\/uploads\/2014\/05\/salomon_rondon_zenit_dinamo_moscu_11052014_5.jpg\" alt=\"http:\/\/gradadigital.com\/home\/wp-content\/uploads\/2014\/05\/salomon_rondon_zenit_dinamo_moscu_11052014_5.jpg\" \/><\/p>\n<p style=\"text-align: center;\"><img decoding=\"async\" class=\"decoded\" src=\"http:\/\/gradadigital.com\/home\/wp-content\/uploads\/2014\/05\/salomon_rondon_zenit_dinamo_moscu_11052014_6.jpg\" alt=\"http:\/\/gradadigital.com\/home\/wp-content\/uploads\/2014\/05\/salomon_rondon_zenit_dinamo_moscu_11052014_6.jpg\" \/><\/p>\n<p style=\"text-align: center;\"><img decoding=\"async\" class=\"decoded\" src=\"http:\/\/gradadigital.com\/home\/wp-content\/uploads\/2014\/05\/salomon_rondon_zenit_dinamo_moscu_11052014_7.jpg\" alt=\"http:\/\/gradadigital.com\/home\/wp-content\/uploads\/2014\/05\/salomon_rondon_zenit_dinamo_moscu_11052014_7.jpg\" \/><\/p>\n","protected":false},"excerpt":{"rendered":"<p>A partir del minuto 1:20 del video se puede ver la pelea de Rond\u00f3n y el ingreso\u00a0de los aficionados al campo GradaDigital.com &#8211; El delantero venezolano, Jos\u00e9 Salom\u00f3n Rond\u00f3n, tuvo un encontronazo con el defensor serbio, Marko Lomi\u0107, este domingo en el partido entre Zenit y Dinamo Mosc\u00fa, que termin\u00f3 suspendido en el minuto 87 &#8230;<\/p>\n","protected":false},"author":3,"featured_media":11816,"comment_status":"closed","ping_status":"closed","sticky":false,"template":"","format":"standard","meta":{"footnotes":""},"categories":[43,27,36,4],"tags":[],"class_list":["post-11815","post","type-post","status-publish","format-standard","has-post-thumbnail","hentry","category-fotos","category-video","category-internacional","category-legionarios"],"_links":{"self":[{"href":"http:\/\/gradadigital.com\/home\/wp-json\/wp\/v2\/posts\/11815","targetHints":{"allow":["GET"]}}],"collection":[{"href":"http:\/\/gradadigital.com\/home\/wp-json\/wp\/v2\/posts"}],"about":[{"href":"http:\/\/gradadigital.com\/home\/wp-json\/wp\/v2\/types\/post"}],"author":[{"embeddable":true,"href":"http:\/\/gradadigital.com\/home\/wp-json\/wp\/v2\/users\/3"}],"replies":[{"embeddable":true,"href":"http:\/\/gradadigital.com\/home\/wp-json\/wp\/v2\/comments?post=11815"}],"version-history":[{"count":5,"href":"http:\/\/gradadigital.com\/home\/wp-json\/wp\/v2\/posts\/11815\/revisions"}],"predecessor-version":[{"id":11850,"href":"http:\/\/gradadigital.com\/home\/wp-json\/wp\/v2\/posts\/11815\/revisions\/11850"}],"wp:featuredmedia":[{"embeddable":true,"href":"http:\/\/gradadigital.com\/home\/wp-json\/wp\/v2\/media\/11816"}],"wp:attachment":[{"href":"http:\/\/gradadigital.com\/home\/wp-json\/wp\/v2\/media?parent=11815"}],"wp:term":[{"taxonomy":"category","embeddable":true,"href":"http:\/\/gradadigital.com\/home\/wp-json\/wp\/v2\/categories?post=11815"},{"taxonomy":"post_tag","embeddable":true,"href":"http:\/\/gradadigital.com\/home\/wp-json\/wp\/v2\/tags?post=11815"}],"curies":[{"name":"wp","href":"https:\/\/api.w.org\/{rel}","templated":true}]}}