{"id":11634,"date":"2014-05-08T13:09:52","date_gmt":"2014-05-08T17:39:52","guid":{"rendered":"http:\/\/gradadigital.com\/home\/?p=11634"},"modified":"2014-05-08T13:11:37","modified_gmt":"2014-05-08T17:41:37","slug":"vinotinto-sub-15-realizara-primer-modulo-de-trabajo","status":"publish","type":"post","link":"http:\/\/gradadigital.com\/home\/vinotinto-sub-15-realizara-primer-modulo-de-trabajo\/","title":{"rendered":"Vinotinto Sub-15 realizar\u00e1 primer m\u00f3dulo de trabajo"},"content":{"rendered":"<p style=\"text-align: center;\"><img decoding=\"async\" class=\"decoded\" src=\"http:\/\/gradadigital.com\/home\/wp-content\/uploads\/2014\/04\/ceferino_bencomo_miguel_echenausi_alessandro_corridore_venezuela_fvf_09042014.jpg\" alt=\"http:\/\/gradadigital.com\/home\/wp-content\/uploads\/2014\/04\/ceferino_bencomo_miguel_echenausi_alessandro_corridore_venezuela_fvf_09042014.jpg\" \/><\/p>\n<p style=\"text-align: justify;\"><strong>Prensa FVF, Caracas. &#8211;<\/strong> La Selecci\u00f3n Nacional Sub-15 tendr\u00e1 su primer m\u00f3dulo de trabajo la pr\u00f3xima semana. Los dirigidos por Alessandro Corridore se reunir\u00e1n en dos grupos. El primero entrenar\u00e1 del 11 al 13 de mayo y el segundo del 14 al 16 del mismo mes. Cada grupo realizar\u00e1 seis sesiones de entrenamiento.<\/p>\n<p style=\"text-align: justify;\">En este primer m\u00f3dulo de preparaci\u00f3n Corridore trabajar\u00e1 en la zona 1, conformada por Distrito Capital, Miranda, Vargas y Aragua. Ambos grupos contar\u00e1n con 30 atletas que se reunir\u00e1n en la UTAL de San Antonio de los Altos, estado Miranda, donde se realizar\u00e1n todas las sesiones de entrenamiento.<\/p>\n<p style=\"text-align: justify;\"><strong>Los 60 convocados por Alessandro Corridore son:<\/strong><br \/>\n<strong>Primer Grupo:<\/strong> Carlos Oles, Jos\u00e9 Castro, Juan Mancin, Sebasti\u00e1n Vera (Metropolitanos FC), Juan Wulf, Slater Berajano, Leonardo Da Silva, Junior Acosta, Anderson Contreras, Nelson Mel\u00e9ndez, Andr\u00e9s Acero, Santiago Rodr\u00edguez, Pronswell Fern\u00e1ndez, Nicol\u00e1s Gim\u00e9nez, Gabriel Miranda (Caracas FC), Oscar Flores (San Agust\u00edn), Keynar De Vasconselos, Gabriel Bautista, Cristian C\u00e1sseres, Marcos Mendoza, Daniel Matar (Atl\u00e9tico Venezuela CF), Jorge (La Trinidad FC), Alejandro Mirt, Daniel Pereira (Deportivo La Guaira), Andr\u00e9s Gonz\u00e1lez (Hermandad Gallega), Joan Montes (Aragua FC), Lewis Landaeta (Escuela Juan Arango), Manuel Ram\u00edrez, Walter Rodr\u00edguez, Aaron Villegas (Casa Italia Maracay).<\/p>\n<p style=\"text-align: justify;\"><strong>Segundo Grupo:<\/strong> Miguel Silva (Aragua FC), Alfredo Mu\u00f1oz, Jos\u00e9 Aceituno (Caracas FC), Daniel Ponte (Deportivo La Guaira), Javier D\u00edaz, Romer Ibarra (Centro Hispano), Gian Franco Capnelli (Centro Hispano Aragua), Andr\u00e9s Arraiz (Academia Tricolor), Maikel Santamar\u00eda, Nubar Herian, Jos\u00e9 Maita (Los Arcos), Gianfranco Toro (Deportivo Petare FC), Adri\u00e1n G\u00f3mez (Gulima FC), Hemerson Evia (EIFRU Miranda), Sim\u00f3n Gim\u00e9nez (Estudiantes de Caracas), Tino Danesi, Abraham Bahachille, Juan Castillo, Vincenzo Ferzola, Andr\u00e9s Ojeda (Centro Italo), Fern\u00e1ndo Guti\u00e9rrez (La Trinidad FC), Jorge Bustos, Federico Russo (Estudiantes de Caracas), David Fern\u00e1ndez (EIFRU Miranda), Joseph Daskal, Sandy Herrera (Deportivo La Guaira), Brahanyuelly Olivo (Casa Portuguesa), Guillermo Drumond (San Agust\u00edn), Alexander Rond\u00f3n (Maristas Aragua).<\/p>\n","protected":false},"excerpt":{"rendered":"<p>Prensa FVF, Caracas. &#8211; La Selecci\u00f3n Nacional Sub-15 tendr\u00e1 su primer m\u00f3dulo de trabajo la pr\u00f3xima semana. Los dirigidos por Alessandro Corridore se reunir\u00e1n en dos grupos. El primero entrenar\u00e1 del 11 al 13 de mayo y el segundo del 14 al 16 del mismo mes. Cada grupo realizar\u00e1 seis sesiones de entrenamiento. En este &#8230;<\/p>\n","protected":false},"author":3,"featured_media":10997,"comment_status":"closed","ping_status":"closed","sticky":false,"template":"","format":"standard","meta":{"footnotes":""},"categories":[39,3],"tags":[375,569,570,568,566,567],"class_list":["post-11634","post","type-post","status-publish","format-standard","has-post-thumbnail","hentry","category-seleccion-nacional-juveniles","category-seleccion-nacional","tag-alessandro-corridore","tag-convocados","tag-modulo","tag-san-antonio-de-los-altos","tag-seleccion-nacional-sub-15","tag-utal"],"_links":{"self":[{"href":"http:\/\/gradadigital.com\/home\/wp-json\/wp\/v2\/posts\/11634","targetHints":{"allow":["GET"]}}],"collection":[{"href":"http:\/\/gradadigital.com\/home\/wp-json\/wp\/v2\/posts"}],"about":[{"href":"http:\/\/gradadigital.com\/home\/wp-json\/wp\/v2\/types\/post"}],"author":[{"embeddable":true,"href":"http:\/\/gradadigital.com\/home\/wp-json\/wp\/v2\/users\/3"}],"replies":[{"embeddable":true,"href":"http:\/\/gradadigital.com\/home\/wp-json\/wp\/v2\/comments?post=11634"}],"version-history":[{"count":3,"href":"http:\/\/gradadigital.com\/home\/wp-json\/wp\/v2\/posts\/11634\/revisions"}],"predecessor-version":[{"id":11637,"href":"http:\/\/gradadigital.com\/home\/wp-json\/wp\/v2\/posts\/11634\/revisions\/11637"}],"wp:featuredmedia":[{"embeddable":true,"href":"http:\/\/gradadigital.com\/home\/wp-json\/wp\/v2\/media\/10997"}],"wp:attachment":[{"href":"http:\/\/gradadigital.com\/home\/wp-json\/wp\/v2\/media?parent=11634"}],"wp:term":[{"taxonomy":"category","embeddable":true,"href":"http:\/\/gradadigital.com\/home\/wp-json\/wp\/v2\/categories?post=11634"},{"taxonomy":"post_tag","embeddable":true,"href":"http:\/\/gradadigital.com\/home\/wp-json\/wp\/v2\/tags?post=11634"}],"curies":[{"name":"wp","href":"https:\/\/api.w.org\/{rel}","templated":true}]}}