{"id":1163,"date":"2013-06-06T13:55:36","date_gmt":"2013-06-06T18:25:36","guid":{"rendered":"http:\/\/gradadigital.com\/home\/?p=1163"},"modified":"2013-06-06T16:43:49","modified_gmt":"2013-06-06T21:13:49","slug":"pablo-camacho-y-jose-mancha-acosta-no-continuaran-en-el-aragua-fc","status":"publish","type":"post","link":"http:\/\/gradadigital.com\/home\/pablo-camacho-y-jose-mancha-acosta-no-continuaran-en-el-aragua-fc\/","title":{"rendered":"Pablo Camacho y Jos\u00e9 \u201cMancha\u201d Acosta no continuar\u00e1n en el Aragua FC"},"content":{"rendered":"<p style=\"text-align: center;\"><img decoding=\"async\" alt=\"http:\/\/www.gradadigital.com\/principal\/images\/stories\/pablo_camacho_aragua_anzoategui_27092012.jpg\" src=\"http:\/\/www.gradadigital.com\/principal\/images\/stories\/pablo_camacho_aragua_anzoategui_27092012.jpg\" \/><\/p>\n<p style=\"text-align: justify;\"><strong>Miguel Andr\u00e9s Santana \/ Prensa Aragua FC &#8211;<\/strong> Este jueves en horas de la ma\u00f1ana, el tren directivo del Aragua F\u00fatbol Club, a trav\u00e9s de su gerente general Ram\u00f3n Alberto Maldonado, dio a conocer que los jugadores Jos\u00e9 \u201cMancha\u201d Acosta y Pablo Camacho no seguir\u00e1n formando parte del equipo para la temporada 2013-2014, luego que ambos finalizaran sus v\u00ednculos contractuales con el conjunto arag\u00fce\u00f1o, raz\u00f3n por la cual en la instituci\u00f3n agradecen todo el esfuerzo realizado y desean lo mejor en sus retos.<\/p>\n<p style=\"text-align: justify;\">Acosta, defensor central que lleg\u00f3 al cuadro \u201caurirrojo\u201d para la zafra 2011-2012 procedente del Caron\u00ed, disput\u00f3 49 encuentros a lo largo de las dos compa\u00f1as en la que visti\u00f3 el uniforme \u201cachocolatado\u201d, viendo acci\u00f3n en 3961 minutos. Su \u00faltimo partido completo fue el pasado 17 marzo, cuando los pupilos de Carlos Fabi\u00e1n Maldonado derrotaron 0-1 a Yaracuyanos en la d\u00e9cima (10) jornada del Torneo Clausura, pero la \u00faltima vez que sali\u00f3 al campo para defender su zona fue contra Deportivo Petare, jugando 10 minutos en la d\u00e9cimo s\u00e9ptima (17) fecha del campeonato, cuando entr\u00f3 al campo en sustituci\u00f3n de Jos\u00e9 Yeg\u00fcez.<\/p>\n<p style=\"text-align: center;\"><img decoding=\"async\" alt=\"http:\/\/gradadigital.com\/home\/wp-content\/uploads\/2013\/06\/jose_mancha_acosta_aragua_futbol_club_06062013.JPG\" src=\"http:\/\/gradadigital.com\/home\/wp-content\/uploads\/2013\/06\/jose_mancha_acosta_aragua_futbol_club_06062013.JPG\" \/><\/p>\n<p style=\"text-align: justify;\">Por su parte, Camacho, cuya ficha pertenec\u00eda al Caracas F\u00fatbol Club, lleg\u00f3 a la \u201cCiudad Jard\u00edn\u201d de Venezuela para el Torneo Apertura 2012 en calidad de cedido y su pr\u00e9stamo expir\u00f3 el 31 de mayo. Con Aragua jug\u00f3 17 encuentros en dos semestres, pues el 12 de mayo regres\u00f3 a la actividad profesional tras sufrir una rotura de ligamento cruzado anterior y menisco de rodilla derecha en noviembre del a\u00f1o pasado. En total, vio acci\u00f3n en 1381 minutos y su \u00faltimo encuentro fue ante Mineros de Guayana en la Serie Pre-Sudamericana, cuando sustituy\u00f3 al juvenil Juan Az\u00f3car en el compromiso final de la 2012-2013.<\/p>\n<p style=\"text-align: justify;\">De esta manera, Acosta y Camacho se suman a las ya conocidas salidas de Manuel Sanhouse (retiro), Orlando Montanari, C\u00e9sar \u201cPeluche\u201d Gonz\u00e1lez, Arm\u00edn M\u00e1rquez y Guillermo Banquez, siendo hasta ahora siete el n\u00famero de bajas oficializadas por parte del combinado con sede en Maracay, cuya Junta Directiva estar\u00e1 develando pr\u00f3ximamente los nombres de nuevos refuerzos.<\/p>\n","protected":false},"excerpt":{"rendered":"<p>Miguel Andr\u00e9s Santana \/ Prensa Aragua FC &#8211; Este jueves en horas de la ma\u00f1ana, el tren directivo del Aragua F\u00fatbol Club, a trav\u00e9s de su gerente general Ram\u00f3n Alberto Maldonado, dio a conocer que los jugadores Jos\u00e9 \u201cMancha\u201d Acosta y Pablo Camacho no seguir\u00e1n formando parte del equipo para la temporada 2013-2014, luego que &#8230;<\/p>\n","protected":false},"author":3,"featured_media":1165,"comment_status":"closed","ping_status":"closed","sticky":false,"template":"","format":"standard","meta":{"footnotes":""},"categories":[6,5,31],"tags":[],"class_list":["post-1163","post","type-post","status-publish","format-standard","has-post-thumbnail","hentry","category-aragua-fc","category-futbol-nacional","category-primera-division"],"_links":{"self":[{"href":"http:\/\/gradadigital.com\/home\/wp-json\/wp\/v2\/posts\/1163","targetHints":{"allow":["GET"]}}],"collection":[{"href":"http:\/\/gradadigital.com\/home\/wp-json\/wp\/v2\/posts"}],"about":[{"href":"http:\/\/gradadigital.com\/home\/wp-json\/wp\/v2\/types\/post"}],"author":[{"embeddable":true,"href":"http:\/\/gradadigital.com\/home\/wp-json\/wp\/v2\/users\/3"}],"replies":[{"embeddable":true,"href":"http:\/\/gradadigital.com\/home\/wp-json\/wp\/v2\/comments?post=1163"}],"version-history":[{"count":2,"href":"http:\/\/gradadigital.com\/home\/wp-json\/wp\/v2\/posts\/1163\/revisions"}],"predecessor-version":[{"id":1166,"href":"http:\/\/gradadigital.com\/home\/wp-json\/wp\/v2\/posts\/1163\/revisions\/1166"}],"wp:featuredmedia":[{"embeddable":true,"href":"http:\/\/gradadigital.com\/home\/wp-json\/wp\/v2\/media\/1165"}],"wp:attachment":[{"href":"http:\/\/gradadigital.com\/home\/wp-json\/wp\/v2\/media?parent=1163"}],"wp:term":[{"taxonomy":"category","embeddable":true,"href":"http:\/\/gradadigital.com\/home\/wp-json\/wp\/v2\/categories?post=1163"},{"taxonomy":"post_tag","embeddable":true,"href":"http:\/\/gradadigital.com\/home\/wp-json\/wp\/v2\/tags?post=1163"}],"curies":[{"name":"wp","href":"https:\/\/api.w.org\/{rel}","templated":true}]}}