{"id":11589,"date":"2014-05-07T01:48:42","date_gmt":"2014-05-07T06:18:42","guid":{"rendered":"http:\/\/gradadigital.com\/home\/?p=11589"},"modified":"2014-05-07T02:17:10","modified_gmt":"2014-05-07T06:47:10","slug":"colombia-se-despedira-en-buenos-aires-camino-a-brasil","status":"publish","type":"post","link":"http:\/\/gradadigital.com\/home\/colombia-se-despedira-en-buenos-aires-camino-a-brasil\/","title":{"rendered":"Colombia se despedir\u00e1 en Buenos Aires camino a Brasil"},"content":{"rendered":"<p style=\"text-align: center;\"><img loading=\"lazy\" decoding=\"async\" class=\"alignnone size-full wp-image-11590\" src=\"http:\/\/gradadigital.com\/home\/wp-content\/uploads\/2014\/05\/aficionado_colombia_venezuela_colombia_26032013.jpg\" alt=\"aficionado_colombia_venezuela_colombia_26032013\" width=\"596\" height=\"346\" srcset=\"http:\/\/gradadigital.com\/home\/wp-content\/uploads\/2014\/05\/aficionado_colombia_venezuela_colombia_26032013.jpg 596w, http:\/\/gradadigital.com\/home\/wp-content\/uploads\/2014\/05\/aficionado_colombia_venezuela_colombia_26032013-300x174.jpg 300w\" sizes=\"auto, (max-width: 596px) 100vw, 596px\" \/><\/p>\n<p style=\"text-align: justify;\"><strong><span class=\"articleLocation\">BOGOTA<\/span>\u00a0(Reuters)<\/strong> &#8211; La selecci\u00f3n de Colombia jugar\u00e1 dos amistosos de preparaci\u00f3n para el Mundial en Buenos Aires, la ciudad natal del entrenador argentino Jos\u00e9 Pekerman, dijo el martes la federaci\u00f3n colombiana de f\u00fatbol.<span id=\"midArticle_byline\"><\/span><\/p>\n<p style=\"text-align: justify;\">\u00abEn su ruta final hacia la Copa Mundial de la FIFA Brasil 2014, la Selecci\u00f3n Colombia realizar\u00e1 dos juegos amistosos de preparaci\u00f3n en la ciudad de Buenos Aires (Argentina) ante las selecciones de Senegal, el s\u00e1bado 31 de mayo y ante Jordania el viernes 6 de junio\u00bb, inform\u00f3 Colf\u00fatbol en un comunicado.<\/p>\n<p style=\"text-align: justify;\">La federaci\u00f3n dijo que en los pr\u00f3ximos d\u00edas dar\u00e1 a conocer mayores detalles acerca de los estadios donde se disputar\u00e1n estos dos encuentros de preparaci\u00f3n.<\/p>\n<p style=\"text-align: justify;\">Colombia, que espera que su delantero figura Radamel Falcao pueda recuperarse a tiempo para el Mundial de una lesi\u00f3n de ligamentos de rodilla, compartir\u00e1 el Grupo C con Grecia, Costa de Marfil y Jap\u00f3n en el Mundial que comienza el 12 de junio.<\/p>\n<p>&nbsp;<\/p>\n","protected":false},"excerpt":{"rendered":"<p>BOGOTA\u00a0(Reuters) &#8211; La selecci\u00f3n de Colombia jugar\u00e1 dos amistosos de preparaci\u00f3n para el Mundial en Buenos Aires, la ciudad natal del entrenador argentino Jos\u00e9 Pekerman, dijo el martes la federaci\u00f3n colombiana de f\u00fatbol. \u00abEn su ruta final hacia la Copa Mundial de la FIFA Brasil 2014, la Selecci\u00f3n Colombia realizar\u00e1 dos juegos amistosos de preparaci\u00f3n &#8230;<\/p>\n","protected":false},"author":4,"featured_media":11590,"comment_status":"closed","ping_status":"closed","sticky":false,"template":"","format":"standard","meta":{"footnotes":""},"categories":[445,36],"tags":[557,95,109],"class_list":["post-11589","post","type-post","status-publish","format-standard","has-post-thumbnail","hentry","category-brasil-2014","category-internacional","tag-buenos-aires-2","tag-colombia","tag-mundial"],"_links":{"self":[{"href":"http:\/\/gradadigital.com\/home\/wp-json\/wp\/v2\/posts\/11589","targetHints":{"allow":["GET"]}}],"collection":[{"href":"http:\/\/gradadigital.com\/home\/wp-json\/wp\/v2\/posts"}],"about":[{"href":"http:\/\/gradadigital.com\/home\/wp-json\/wp\/v2\/types\/post"}],"author":[{"embeddable":true,"href":"http:\/\/gradadigital.com\/home\/wp-json\/wp\/v2\/users\/4"}],"replies":[{"embeddable":true,"href":"http:\/\/gradadigital.com\/home\/wp-json\/wp\/v2\/comments?post=11589"}],"version-history":[{"count":1,"href":"http:\/\/gradadigital.com\/home\/wp-json\/wp\/v2\/posts\/11589\/revisions"}],"predecessor-version":[{"id":11591,"href":"http:\/\/gradadigital.com\/home\/wp-json\/wp\/v2\/posts\/11589\/revisions\/11591"}],"wp:featuredmedia":[{"embeddable":true,"href":"http:\/\/gradadigital.com\/home\/wp-json\/wp\/v2\/media\/11590"}],"wp:attachment":[{"href":"http:\/\/gradadigital.com\/home\/wp-json\/wp\/v2\/media?parent=11589"}],"wp:term":[{"taxonomy":"category","embeddable":true,"href":"http:\/\/gradadigital.com\/home\/wp-json\/wp\/v2\/categories?post=11589"},{"taxonomy":"post_tag","embeddable":true,"href":"http:\/\/gradadigital.com\/home\/wp-json\/wp\/v2\/tags?post=11589"}],"curies":[{"name":"wp","href":"https:\/\/api.w.org\/{rel}","templated":true}]}}