{"id":11586,"date":"2014-05-07T01:44:01","date_gmt":"2014-05-07T06:14:01","guid":{"rendered":"http:\/\/gradadigital.com\/home\/?p=11586"},"modified":"2014-05-07T02:15:10","modified_gmt":"2014-05-07T06:45:10","slug":"peligra-la-participacion-de-vidal-en-el-mundial","status":"publish","type":"post","link":"http:\/\/gradadigital.com\/home\/peligra-la-participacion-de-vidal-en-el-mundial\/","title":{"rendered":"Peligra la participaci\u00f3n de Vidal en el Mundial"},"content":{"rendered":"<p style=\"text-align: center;\"><img loading=\"lazy\" decoding=\"async\" class=\"alignnone size-full wp-image-11587\" src=\"http:\/\/gradadigital.com\/home\/wp-content\/uploads\/2014\/05\/arturo_vidal_chile_venezuela_2013.jpg\" alt=\"arturo_vidal_chile_venezuela_2013\" width=\"596\" height=\"346\" srcset=\"http:\/\/gradadigital.com\/home\/wp-content\/uploads\/2014\/05\/arturo_vidal_chile_venezuela_2013.jpg 596w, http:\/\/gradadigital.com\/home\/wp-content\/uploads\/2014\/05\/arturo_vidal_chile_venezuela_2013-300x174.jpg 300w\" sizes=\"auto, (max-width: 596px) 100vw, 596px\" \/><\/p>\n<p style=\"text-align: justify;\"><strong><span class=\"articleLocation\">SANTIAGO<\/span>\u00a0(Reuters) &#8211;<\/strong> El mediocampista de la selecci\u00f3n chilena de f\u00fatbol Arturo Vidal ser\u00e1 sometido el mi\u00e9rcoles a una artroscopia por una lesi\u00f3n en su rodilla derecha, por lo que peligra su presencia en el Mundial de Brasil.<span id=\"midArticle_byline\"><\/span><\/p>\n<p style=\"text-align: justify;\">El centrocampista del flamante campe\u00f3n italiano ser\u00e1 intervenido quir\u00fargicamente en la ciudad espa\u00f1ola de Barcelona, cuando falta poco m\u00e1s de un mes para el inicio del Mundial.<\/p>\n<p style=\"text-align: justify;\">Vidal, considerado por muchos como el mejor jugador del momento de Chile, arrastraba la lesi\u00f3n en el menisco externo de la rodilla derecha desde hace varias semanas.<\/p>\n<p style=\"text-align: justify;\">\u00abLos plazos (&#8230;) lamentablemente no son una cosa tan definitoria. El jugador en ning\u00fan caso est\u00e1 descartado para el Mundial pero no estamos holgados de tiempo\u00bb, dijo el martes Giovanni Carcuro, m\u00e9dico de la selecci\u00f3n chilena.<\/p>\n<p style=\"text-align: justify;\">\u00abLa recuperaci\u00f3n no es instant\u00e1nea, pero en ning\u00fan caso lo descarta a priori. No puedo dar plazos, ser\u00eda una irresponsabilidad\u00bb, agreg\u00f3.<\/p>\n<p style=\"text-align: justify;\">Vidal intentar\u00e1 recuperarse para disputar el segundo Mundial de su carrera. En la etapa inicial de la Copa de Brasil, que se jugar\u00e1 del 12 de junio al 13 de julio, Chile estar\u00e1 en el Grupo B junto con Espa\u00f1a, Holanda y Australia.<\/p>\n<p>&nbsp;<\/p>\n","protected":false},"excerpt":{"rendered":"<p>SANTIAGO\u00a0(Reuters) &#8211; El mediocampista de la selecci\u00f3n chilena de f\u00fatbol Arturo Vidal ser\u00e1 sometido el mi\u00e9rcoles a una artroscopia por una lesi\u00f3n en su rodilla derecha, por lo que peligra su presencia en el Mundial de Brasil. El centrocampista del flamante campe\u00f3n italiano ser\u00e1 intervenido quir\u00fargicamente en la ciudad espa\u00f1ola de Barcelona, cuando falta poco &#8230;<\/p>\n","protected":false},"author":4,"featured_media":11587,"comment_status":"closed","ping_status":"closed","sticky":false,"template":"","format":"standard","meta":{"footnotes":""},"categories":[445,36],"tags":[556,79,109],"class_list":["post-11586","post","type-post","status-publish","format-standard","has-post-thumbnail","hentry","category-brasil-2014","category-internacional","tag-arturo-vidal","tag-chile","tag-mundial"],"_links":{"self":[{"href":"http:\/\/gradadigital.com\/home\/wp-json\/wp\/v2\/posts\/11586","targetHints":{"allow":["GET"]}}],"collection":[{"href":"http:\/\/gradadigital.com\/home\/wp-json\/wp\/v2\/posts"}],"about":[{"href":"http:\/\/gradadigital.com\/home\/wp-json\/wp\/v2\/types\/post"}],"author":[{"embeddable":true,"href":"http:\/\/gradadigital.com\/home\/wp-json\/wp\/v2\/users\/4"}],"replies":[{"embeddable":true,"href":"http:\/\/gradadigital.com\/home\/wp-json\/wp\/v2\/comments?post=11586"}],"version-history":[{"count":1,"href":"http:\/\/gradadigital.com\/home\/wp-json\/wp\/v2\/posts\/11586\/revisions"}],"predecessor-version":[{"id":11588,"href":"http:\/\/gradadigital.com\/home\/wp-json\/wp\/v2\/posts\/11586\/revisions\/11588"}],"wp:featuredmedia":[{"embeddable":true,"href":"http:\/\/gradadigital.com\/home\/wp-json\/wp\/v2\/media\/11587"}],"wp:attachment":[{"href":"http:\/\/gradadigital.com\/home\/wp-json\/wp\/v2\/media?parent=11586"}],"wp:term":[{"taxonomy":"category","embeddable":true,"href":"http:\/\/gradadigital.com\/home\/wp-json\/wp\/v2\/categories?post=11586"},{"taxonomy":"post_tag","embeddable":true,"href":"http:\/\/gradadigital.com\/home\/wp-json\/wp\/v2\/tags?post=11586"}],"curies":[{"name":"wp","href":"https:\/\/api.w.org\/{rel}","templated":true}]}}