{"id":11573,"date":"2014-05-06T14:23:36","date_gmt":"2014-05-06T18:53:36","guid":{"rendered":"http:\/\/gradadigital.com\/home\/?p=11573"},"modified":"2014-05-06T14:23:36","modified_gmt":"2014-05-06T18:53:36","slug":"especial-ricardo-david-paez-siento-que-algo-le-deje-al-futbol-venezolano","status":"publish","type":"post","link":"http:\/\/gradadigital.com\/home\/especial-ricardo-david-paez-siento-que-algo-le-deje-al-futbol-venezolano\/","title":{"rendered":"ESPECIAL | Ricardo David P\u00e1ez: \u00abSiento que algo le dej\u00e9 al f\u00fatbol venezolano\u00bb"},"content":{"rendered":"<p style=\"text-align: center;\"><img loading=\"lazy\" decoding=\"async\" class=\"alignnone size-full wp-image-11575\" src=\"http:\/\/gradadigital.com\/home\/wp-content\/uploads\/2014\/05\/ricardo_david_paez_especial_mineros_06052014_6.jpg\" alt=\"ricardo_david_paez_especial_mineros_06052014_6\" width=\"682\" height=\"396\" srcset=\"http:\/\/gradadigital.com\/home\/wp-content\/uploads\/2014\/05\/ricardo_david_paez_especial_mineros_06052014_6.jpg 682w, http:\/\/gradadigital.com\/home\/wp-content\/uploads\/2014\/05\/ricardo_david_paez_especial_mineros_06052014_6-300x174.jpg 300w\" sizes=\"auto, (max-width: 682px) 100vw, 682px\" \/><\/p>\n<p style=\"text-align: justify;\"><strong>Miguel Vallenilla &#8211; <\/strong>La vida transcurre en base a decisiones, y para un futbolista estas aparecen desde muy joven. So\u00f1ar con el f\u00fatbol no necesariamente conlleve a alcanzar el profesionalismo, pero son muchos los que se sacrifican para tratar de cumplirlos.<\/p>\n<p style=\"text-align: justify;\">El apellido P\u00e1ez es posiblemente sin\u00f3nimo de f\u00fatbol entre los conocedores del balompi\u00e9 nacional, y este \u201c\u00e1rbol geneal\u00f3gico\u201d tiene a uno de sus representantes ante una de las decisiones m\u00e1s dif\u00edciles tomadas en los \u00faltimos d\u00edas: Ricardo David P\u00e1ez se retira.<\/p>\n<p style=\"text-align: justify;\">Aguant\u00f3 los gritos menos nobles que se recuerden en la historia del f\u00fatbol local. Las gradas se pusieron en su contra, y no pudo volver a La Vinotinto una vez finaliz\u00f3 el ciclo de su padre, Richard P\u00e1ez. Pese al buen rendimiento que ten\u00eda el camiseta once en aquellos d\u00edas, C\u00e9sar Far\u00edas no le concedi\u00f3 oportunidades.<\/p>\n<p style=\"text-align: justify;\">Hoy el mediocampista de 35 a\u00f1os de edad disfruta sus \u00faltimos encuentros como jugador activo, y en su mente los mayores recuerdos de una carrera que ha vivido de todo. Con una sonrisa en su rostro, recorre cada extremo de las canchas buscando conceder un pase m\u00e1gico a sus compa\u00f1eros que hoy disputan el sue\u00f1o de coronarse. Ricardo David ha transitado el antes y despu\u00e9s del f\u00fatbol venezolano. Llor\u00f3, so\u00f1\u00f3, crey\u00f3, luch\u00f3 y confi\u00f3, y hoy busca seguir entregando sus aprendizajes a un deporte en el que buscar\u00e1 nuevos sue\u00f1os, y esta vez desde el banquillo.<\/p>\n<p style=\"text-align: justify;\">Posee un dolor que dif\u00edcilmente podr\u00e1 olvidar. Las acusaciones de los aficionados, y hasta sectores de la prensa, fueron muy profundas, y considera que en uno de sus mejores momentos y con posibilidades de ir al Mundial 2010, se vieron cortadas. No espera homenajes, el tiempo cure las heridas, y resurgen los \u00e9xitos alcanzados en toda una carrera.<\/p>\n<p style=\"text-align: justify;\">Con una familia formada, el respaldo de su gente, y so\u00f1ar como en los viejos tiempos, Ricardo David asume nuevos retos, y los comparte con Grada Digital.<\/p>\n<p style=\"text-align: center;\"><a href=\"http:\/\/gradadigital.com\/home\/wp-content\/uploads\/2014\/05\/ricardo_david_paez_especial_mineros_06052014_3.jpg\"><img loading=\"lazy\" decoding=\"async\" class=\"alignnone size-full wp-image-11578\" src=\"http:\/\/gradadigital.com\/home\/wp-content\/uploads\/2014\/05\/ricardo_david_paez_especial_mineros_06052014_3.jpg\" alt=\"ricardo_david_paez_especial_mineros_06052014_3\" width=\"682\" height=\"396\" srcset=\"http:\/\/gradadigital.com\/home\/wp-content\/uploads\/2014\/05\/ricardo_david_paez_especial_mineros_06052014_3.jpg 682w, http:\/\/gradadigital.com\/home\/wp-content\/uploads\/2014\/05\/ricardo_david_paez_especial_mineros_06052014_3-300x174.jpg 300w\" sizes=\"auto, (max-width: 682px) 100vw, 682px\" \/><\/a><\/p>\n<p style=\"text-align: justify; padding-left: 60px;\"><em>&#8211; <strong>\u00bfQu\u00e9 diferencia hay de aquel jugador que so\u00f1aba con ser profesional, a este que asume la decisi\u00f3n de retirarse?<\/strong><\/em><br \/>\n<em>&#8211; Empezando me quer\u00eda comer el mundo, y ahora uno lo disfruta de otra manera. Viendo una carrera que est\u00e1 quedando atr\u00e1s. Ten\u00eda esa ambici\u00f3n de querer conseguir cosas, de cambiar el f\u00fatbol venezolano. Cuando yo empec\u00e9 en el a\u00f1o 96-97, nuestro f\u00fatbol ten\u00eda muchas cosas por conseguir. No ten\u00edamos casi nada a qu\u00e9 aferrarnos. Siento que algo le dej\u00e9.<\/em><\/p>\n<p style=\"text-align: justify; padding-left: 60px;\"><em>&#8211; <strong>Ser hijo de un futbolista debe influir en la mentalidad de un ni\u00f1o que tambi\u00e9n disfrutaba de las actuaciones de su padre<\/strong><\/em><br \/>\n<em>&#8211; Siempre me dio consejo como padre, como t\u00e9cnico, pero nunca me oblig\u00f3 a ser futbolista. Me dej\u00f3 solo muchas veces, sab\u00eda que no hay que obligar a las personas porque es una profesi\u00f3n sacrificada, y deb\u00eda aprender a sobrevivir en este mundo.<\/em><\/p>\n<p style=\"text-align: justify; padding-left: 60px;\"><em>&#8211; <strong>Y una vez culminado la carrera de futbolista, las aspiraciones apuntan a ser estratega<\/strong><\/em><br \/>\n<em>&#8211; Tantas experiencias que tuve, por ser un trotamundos como me llaman, me da la posibilidad de ver el f\u00fatbol como lo veo. Uno tiene que seguir actualiz\u00e1ndose, pero ya he visto tantas cosas en tantos lugares, que algo me sorprenda es muy dif\u00edcil. M\u00e1s que negativo es positivo, ya que tengo una visi\u00f3n muy amplia, vividos en equipos grandes y peque\u00f1os.<\/em><\/p>\n<p style=\"padding-left: 60px; text-align: center;\"><img loading=\"lazy\" decoding=\"async\" class=\"alignnone size-full wp-image-11576\" src=\"http:\/\/gradadigital.com\/home\/wp-content\/uploads\/2014\/05\/ricardo_david_paez_especial_mineros_06052014_5.jpg\" alt=\"ricardo_david_paez_especial_mineros_06052014_5\" width=\"682\" height=\"396\" srcset=\"http:\/\/gradadigital.com\/home\/wp-content\/uploads\/2014\/05\/ricardo_david_paez_especial_mineros_06052014_5.jpg 682w, http:\/\/gradadigital.com\/home\/wp-content\/uploads\/2014\/05\/ricardo_david_paez_especial_mineros_06052014_5-300x174.jpg 300w\" sizes=\"auto, (max-width: 682px) 100vw, 682px\" \/><\/p>\n<p style=\"text-align: justify; padding-left: 60px;\"><em>&#8211; <strong>Ya luego de siete a\u00f1os, aquellos momentos terribles que vivi\u00f3 con las acusaciones de los aficionados y sectores de la prensa \u00bfLo ha podido perdonar?<\/strong><\/em><br \/>\n<em>&#8211; Siempre lo super\u00e9 porque me puse nuevos proyectos en la vida. Pero es un dolor que me queda para toda la vida. La mejor eliminatoria, est\u00e1bamos quintos, yo con 28 a\u00f1os en un momento excelente de mi carrera, tuve toda la gente en contra. El d\u00eda que me quieran hacer un homenaje no lo voy a aceptar, porque me lo ten\u00edan que haber hecho cuando jugaba. Siempre he sido franco para decir las cosas.<\/em><\/p>\n<p style=\"text-align: justify; padding-left: 60px;\"><em>&#8211; <strong>\u00bfPoder ser director t\u00e9cnico ser\u00e1 una oportunidad para demostrar otra manera para aportar?<\/strong><\/em><br \/>\n<em>&#8211; La vida te da nuevas posibilidades, y ser t\u00e9cnico podr\u00eda darme la oportunidad de volver a disfrutar esos a\u00f1os que no pude vistiendo la camiseta de la selecci\u00f3n, porque tuve que salir muy temprano. Ah\u00ed quedaron mis n\u00fameros, y despu\u00e9s de siete a\u00f1os, creo que soy uno de los que m\u00e1s he ganado. No importa los partidos jugados, sino los ganados, y ah\u00ed est\u00e1 mi nombre muy cerca de Juan (Arango).<\/em><\/p>\n<p style=\"padding-left: 60px; text-align: center;\"><img loading=\"lazy\" decoding=\"async\" class=\"alignnone size-full wp-image-11579\" src=\"http:\/\/gradadigital.com\/home\/wp-content\/uploads\/2014\/05\/ricardo_david_paez_especial_mineros_06052014_2.jpg\" alt=\"ricardo_david_paez_especial_mineros_06052014_2\" width=\"682\" height=\"396\" srcset=\"http:\/\/gradadigital.com\/home\/wp-content\/uploads\/2014\/05\/ricardo_david_paez_especial_mineros_06052014_2.jpg 682w, http:\/\/gradadigital.com\/home\/wp-content\/uploads\/2014\/05\/ricardo_david_paez_especial_mineros_06052014_2-300x174.jpg 300w\" sizes=\"auto, (max-width: 682px) 100vw, 682px\" \/><\/p>\n<p style=\"text-align: justify; padding-left: 60px;\"><em>&#8211; <strong>Su padre, quien tambi\u00e9n vivi\u00f3 aquel mal momento, expres\u00f3 que el tiempo lim\u00f3 perezas, que con el tiempo la gente fue reconociendo su aporte y trabajo<\/strong><\/em><br \/>\n<em>&#8211; No le guardo rencor a la gente porque yo entend\u00ed eso tambi\u00e9n. Es muy dif\u00edcil asimilar tantas victorias despu\u00e9s de tantas derrotas. Crecimos de una manera muy r\u00e1pida, y no sab\u00edamos lo que ten\u00edamos y no supimos digerir. La gente sabe que todo forma parte de un crecimiento, que el objetivo es ir al Mundial, de tener jugadores que nos representen de manera digna.<\/em><\/p>\n<p style=\"text-align: justify; padding-left: 60px;\"><em>\u00a0&#8211; <strong>\u00bfCu\u00e1ndo cambi\u00f3 la mentalidad del jugador para comenzar a creer?<\/strong><\/em><br \/>\n<em>&#8211; Soy un convencido de que Venezuela despu\u00e9s de esa primera eliminatoria para Corea y Jap\u00f3n, que nosotros levantamos en la \u00faltima fecha, y que aunado a la eliminatoria para Alemania 2006, era una realidad ir al Mundial. No era utop\u00eda, no vend\u00edamos mentira a la gente.<\/em><\/p>\n<p style=\"text-align: justify; padding-left: 60px;\"><em>&#8211; <strong>\u00bfY qu\u00e9 ha faltado para cumplir el sue\u00f1o?<\/strong><\/em><br \/>\n<em>&#8211; No lo hemos logrado porque competimos con otras selecciones que tambi\u00e9n se preparan para eso, pero estamos cerca, y en poco tiempo, si se toman las decisiones correctas y los t\u00e9cnicos que vengan se saben adaptar al estilo y pensamiento del jugador venezolano, creo que no hay ninguna excusa para ir al Mundial, en el pr\u00f3ximo o en el de arriba.<\/em><\/p>\n<p style=\"padding-left: 60px; text-align: center;\"><img loading=\"lazy\" decoding=\"async\" class=\"alignnone size-full wp-image-11580\" src=\"http:\/\/gradadigital.com\/home\/wp-content\/uploads\/2014\/05\/ricardo_david_paez_especial_mineros_06052014.jpg\" alt=\"ricardo_david_paez_especial_mineros_06052014\" width=\"682\" height=\"396\" srcset=\"http:\/\/gradadigital.com\/home\/wp-content\/uploads\/2014\/05\/ricardo_david_paez_especial_mineros_06052014.jpg 682w, http:\/\/gradadigital.com\/home\/wp-content\/uploads\/2014\/05\/ricardo_david_paez_especial_mineros_06052014-300x174.jpg 300w\" sizes=\"auto, (max-width: 682px) 100vw, 682px\" \/><\/p>\n<p style=\"text-align: justify; padding-left: 60px;\"><em>&#8211; <strong>Decidir retirarse debe ser muy complejo. \u00bfCon qui\u00e9n lo decidi\u00f3?<\/strong><\/em><br \/>\n<em>&#8211; Fue una decisi\u00f3n interna, algo que nace de adentro. Con mi familia, mi esposa, mis hijas, pap\u00e1 y mam\u00e1, los m\u00e1s cercanos, y luego con la familia grande. Es una decisi\u00f3n que da nostalgia porque hoy todav\u00eda siento que me queda mucho por dar en el f\u00fatbol dentro de la cancha, pero creo que es la mejor decisi\u00f3n que estoy tomando. Quiero ayudar al f\u00fatbol venezolano desde otro punto.<\/em><\/p>\n<p style=\"text-align: justify; padding-left: 60px;\"><em>&#8211; <strong>Entonces tiene nuevamente ganas de comerse al mundo<\/strong><\/em><br \/>\n<em>&#8211; Tengo metas y objetivos que quiero cumplir como cuando empec\u00e9 como jugador. Como te coment\u00e9, ten\u00eda mucha ambici\u00f3n, y ahora pueda que lo tenga m\u00e1s como t\u00e9cnico que cuando jugador. El f\u00fatbol lo llevo en la sangre desde que tengo uso de raz\u00f3n. El moverse dentro de la cancha es lo que a uno lo llena, los sacrificios.<\/em><\/p>\n<p style=\"text-align: justify; padding-left: 60px;\"><em>&#8211; <strong>\u00bfC\u00f3mo ser\u00e1 Ricardo David de t\u00e9cnico?<\/strong><\/em><br \/>\n<em>&#8211; Es una filosof\u00eda de vida que se amolda con los a\u00f1os. Uno con los a\u00f1os se adapta, se tiene una madures diferente, y creo que ser\u00e9 un t\u00e9cnico que querr\u00e1 ganar, conseguir t\u00edtulos, que quiere ser ganador. Con mi pap\u00e1 hablaba que mi mayor deseo es que quer\u00eda formar valores, que no todo quede en la cancha, sino que los jugadores sean para la sociedad positivos.<\/em><\/p>\n<p style=\"padding-left: 60px; text-align: center;\"><img loading=\"lazy\" decoding=\"async\" class=\"alignnone size-full wp-image-11577\" src=\"http:\/\/gradadigital.com\/home\/wp-content\/uploads\/2014\/05\/ricardo_david_paez_especial_mineros_06052014_4.jpg\" alt=\"ricardo_david_paez_especial_mineros_06052014_4\" width=\"682\" height=\"396\" srcset=\"http:\/\/gradadigital.com\/home\/wp-content\/uploads\/2014\/05\/ricardo_david_paez_especial_mineros_06052014_4.jpg 682w, http:\/\/gradadigital.com\/home\/wp-content\/uploads\/2014\/05\/ricardo_david_paez_especial_mineros_06052014_4-300x174.jpg 300w\" sizes=\"auto, (max-width: 682px) 100vw, 682px\" \/><\/p>\n<p style=\"text-align: justify; padding-left: 60px;\"><em>&#8211; <strong>Si pudieras elegir un a\u00f1o en particular, \u00bfCon cu\u00e1l te quedas?<\/strong><\/em><br \/>\n<em>&#8211; Mi carrera fue muy dilatada. Es muy dif\u00edcil elegir un a\u00f1o. En el 2000 con Estudiantes de M\u00e9rida fue un a\u00f1o donde hice muchas cosas importantes, despu\u00e9s con T\u00e1chira tambi\u00e9n, y afuera cuando estuve en San Luis de M\u00e9xico que logr\u00e9 quedar Campe\u00f3n, y luego en Am\u00e9rica de Cali que estuvimos de primero y al final perdimos por un punto la final, y en Grecia ese a\u00f1o para m\u00ed fue muy bueno.<\/em><\/p>\n<p style=\"text-align: justify; padding-left: 60px;\"><em>&#8211; <strong>\u00bfY Mineros? Este a\u00f1o debe ser uno de los que m\u00e1s recordar\u00e1s<\/strong><\/em><br \/>\n<em>&#8211; Y este a\u00f1o en Mineros si se da la estrella, creo que lo voy a disfrutar. Cuando me retire y pasen los a\u00f1os seguramente me voy a acordar del \u00faltimo a\u00f1o, que tuvimos un gran equipo y que yo con 35 a\u00f1os pude mantenerme f\u00edsicamente y t\u00e9cnicamente a la par de grandes jugadores que tengo al lado.<\/em><\/p>\n<p style=\"text-align: justify;\">\n<p style=\"text-align: justify;\">Con el saludo de sus amigos, el reconocimiento de seguidores que lo alientan a que no cuelgue los botines, se retir\u00f3 Ricardo David P\u00e1ez, decidido a seguir so\u00f1ando, continuar super\u00e1ndose, y seguir creyendo.<\/p>\n","protected":false},"excerpt":{"rendered":"<p>Miguel Vallenilla &#8211; La vida transcurre en base a decisiones, y para un futbolista estas aparecen desde muy joven. So\u00f1ar con el f\u00fatbol no necesariamente conlleve a alcanzar el profesionalismo, pero son muchos los que se sacrifican para tratar de cumplirlos. El apellido P\u00e1ez es posiblemente sin\u00f3nimo de f\u00fatbol entre los conocedores del balompi\u00e9 nacional, &#8230;<\/p>\n","protected":false},"author":4,"featured_media":11575,"comment_status":"closed","ping_status":"closed","sticky":false,"template":"","format":"standard","meta":{"footnotes":""},"categories":[32,5,15,31],"tags":[284,322,1843,289,453],"class_list":["post-11573","post","type-post","status-publish","format-standard","has-post-thumbnail","hentry","category-especial","category-futbol-nacional","category-mineros-de-guayana","category-primera-division","tag-especial-2","tag-gradadigital","tag-mineros-de-guayana","tag-reportaje","tag-ricardo-david-paez"],"_links":{"self":[{"href":"http:\/\/gradadigital.com\/home\/wp-json\/wp\/v2\/posts\/11573","targetHints":{"allow":["GET"]}}],"collection":[{"href":"http:\/\/gradadigital.com\/home\/wp-json\/wp\/v2\/posts"}],"about":[{"href":"http:\/\/gradadigital.com\/home\/wp-json\/wp\/v2\/types\/post"}],"author":[{"embeddable":true,"href":"http:\/\/gradadigital.com\/home\/wp-json\/wp\/v2\/users\/4"}],"replies":[{"embeddable":true,"href":"http:\/\/gradadigital.com\/home\/wp-json\/wp\/v2\/comments?post=11573"}],"version-history":[{"count":2,"href":"http:\/\/gradadigital.com\/home\/wp-json\/wp\/v2\/posts\/11573\/revisions"}],"predecessor-version":[{"id":11581,"href":"http:\/\/gradadigital.com\/home\/wp-json\/wp\/v2\/posts\/11573\/revisions\/11581"}],"wp:featuredmedia":[{"embeddable":true,"href":"http:\/\/gradadigital.com\/home\/wp-json\/wp\/v2\/media\/11575"}],"wp:attachment":[{"href":"http:\/\/gradadigital.com\/home\/wp-json\/wp\/v2\/media?parent=11573"}],"wp:term":[{"taxonomy":"category","embeddable":true,"href":"http:\/\/gradadigital.com\/home\/wp-json\/wp\/v2\/categories?post=11573"},{"taxonomy":"post_tag","embeddable":true,"href":"http:\/\/gradadigital.com\/home\/wp-json\/wp\/v2\/tags?post=11573"}],"curies":[{"name":"wp","href":"https:\/\/api.w.org\/{rel}","templated":true}]}}