{"id":1146,"date":"2013-06-06T10:49:32","date_gmt":"2013-06-06T15:19:32","guid":{"rendered":"http:\/\/gradadigital.com\/home\/?p=1146"},"modified":"2013-06-06T23:09:32","modified_gmt":"2013-06-07T03:39:32","slug":"juan-guerra-le-dice-adios-al-caracas-fc","status":"publish","type":"post","link":"http:\/\/gradadigital.com\/home\/juan-guerra-le-dice-adios-al-caracas-fc\/","title":{"rendered":"Juan Guerra le dice adi\u00f3s al Caracas FC"},"content":{"rendered":"<p><img loading=\"lazy\" decoding=\"async\" class=\"aligncenter\" alt=\"\" src=\"http:\/\/www.gradadigital.com\/principal\/images\/stories\/juan_guerra_caracas_09032012.jpg\" width=\"596\" height=\"346\" \/><\/p>\n<p style=\"text-align: justify;\"><b>Prensa CFC.-<\/b> El Caracas F\u00fatbol Club anuncia la desvinculaci\u00f3n del mediocampista Juan Guerra de cara a la temporada 2013-2014 debido a la culminaci\u00f3n de su contrato. La junta directiva agradece al jugador su labor en las filas del Endecacampe\u00f3n venezolano y le desea el mayor de los \u00e9xitos en sus pr\u00f3ximos retos.<\/p>\n<p style=\"text-align: justify;\">Juan Guerra es la octava baja del equipo, junto a las ya mencionadas\u00a0de Rohel Brice~no, Julio Machado, Ren\u00e9 Flores, Renny Vega, Jes\u00fas Meza, James Cabezas y Alexis Hinestroza. En la temporada 2012-2013, el\u00a0volante de marca caraque~no jug\u00f3 32 partidos, 25 de ellos como\u00a0titular, y sum\u00f3 2.238 minutos estando entre los diez jugadores que m\u00e1s\u00a0vio acci\u00f3n en el certamen pasado.<\/p>\n","protected":false},"excerpt":{"rendered":"<p>Prensa CFC.- El Caracas F\u00fatbol Club anuncia la desvinculaci\u00f3n del mediocampista Juan Guerra de cara a la temporada 2013-2014 debido a la culminaci\u00f3n de su contrato. La junta directiva agradece al jugador su labor en las filas del Endecacampe\u00f3n venezolano y le desea el mayor de los \u00e9xitos en sus pr\u00f3ximos retos. Juan Guerra es &#8230;<\/p>\n","protected":false},"author":1,"featured_media":1147,"comment_status":"closed","ping_status":"closed","sticky":false,"template":"","format":"standard","meta":{"footnotes":""},"categories":[9,5,31],"tags":[],"class_list":["post-1146","post","type-post","status-publish","format-standard","has-post-thumbnail","hentry","category-caracas-fc","category-futbol-nacional","category-primera-division"],"_links":{"self":[{"href":"http:\/\/gradadigital.com\/home\/wp-json\/wp\/v2\/posts\/1146","targetHints":{"allow":["GET"]}}],"collection":[{"href":"http:\/\/gradadigital.com\/home\/wp-json\/wp\/v2\/posts"}],"about":[{"href":"http:\/\/gradadigital.com\/home\/wp-json\/wp\/v2\/types\/post"}],"author":[{"embeddable":true,"href":"http:\/\/gradadigital.com\/home\/wp-json\/wp\/v2\/users\/1"}],"replies":[{"embeddable":true,"href":"http:\/\/gradadigital.com\/home\/wp-json\/wp\/v2\/comments?post=1146"}],"version-history":[{"count":5,"href":"http:\/\/gradadigital.com\/home\/wp-json\/wp\/v2\/posts\/1146\/revisions"}],"predecessor-version":[{"id":1150,"href":"http:\/\/gradadigital.com\/home\/wp-json\/wp\/v2\/posts\/1146\/revisions\/1150"}],"wp:featuredmedia":[{"embeddable":true,"href":"http:\/\/gradadigital.com\/home\/wp-json\/wp\/v2\/media\/1147"}],"wp:attachment":[{"href":"http:\/\/gradadigital.com\/home\/wp-json\/wp\/v2\/media?parent=1146"}],"wp:term":[{"taxonomy":"category","embeddable":true,"href":"http:\/\/gradadigital.com\/home\/wp-json\/wp\/v2\/categories?post=1146"},{"taxonomy":"post_tag","embeddable":true,"href":"http:\/\/gradadigital.com\/home\/wp-json\/wp\/v2\/tags?post=1146"}],"curies":[{"name":"wp","href":"https:\/\/api.w.org\/{rel}","templated":true}]}}