{"id":11444,"date":"2014-05-03T17:33:46","date_gmt":"2014-05-03T22:03:46","guid":{"rendered":"http:\/\/gradadigital.com\/home\/?p=11444"},"modified":"2014-05-05T10:45:16","modified_gmt":"2014-05-05T15:15:16","slug":"datos-rosales-se-despidio-del-twente","status":"publish","type":"post","link":"http:\/\/gradadigital.com\/home\/datos-rosales-se-despidio-del-twente\/","title":{"rendered":"+DATOS\/FOTOS | Rosales se despidi\u00f3 del Twente"},"content":{"rendered":"<p style=\"text-align: center;\"><img loading=\"lazy\" decoding=\"async\" class=\"alignnone size-full wp-image-11445\" src=\"http:\/\/gradadigital.com\/home\/wp-content\/uploads\/2014\/05\/roberto_rosales_fctwente_03052014.jpg\" alt=\"roberto_rosales_fctwente_03052014\" width=\"596\" height=\"346\" srcset=\"http:\/\/gradadigital.com\/home\/wp-content\/uploads\/2014\/05\/roberto_rosales_fctwente_03052014.jpg 596w, http:\/\/gradadigital.com\/home\/wp-content\/uploads\/2014\/05\/roberto_rosales_fctwente_03052014-300x174.jpg 300w\" sizes=\"auto, (max-width: 596px) 100vw, 596px\" \/><\/p>\n<p style=\"text-align: justify;\"><strong>GradaDigital.com &#8211;<\/strong> El lateral venezolano, Roberto Rosales, cumpli\u00f3 su \u00faltimo encuentro de la temporada en la Eredivisie, al empatar 2-2 frente al\u00a0Zwolle, en lo que habr\u00eda sido su \u00faltimo encuentro con los colores del FC Twente.<\/p>\n<p style=\"text-align: justify;\">Rosales ha estado en la \u00f3rbita del f\u00fatbol espa\u00f1ol, donde el M\u00e1laga representa el nuevo hogar del criollo. El jugador una vez finalizado el encuentro del d\u00eda s\u00e1bado, recibi\u00f3 una despedida por parte de la directiva, as\u00ed como el resto de compa\u00f1eros que tambi\u00e9n tendr\u00e1n nuevo destino. \u00abbedankt!\u00bb fue el mensaje de despedida que le concedi\u00f3 su equipo desde el a\u00f1o 2010, que significa \u00abgracias!\u00bb.<\/p>\n<p style=\"text-align: justify;\"><strong>Estad\u00edsticas de Roberto Rosales en el FC Twente:<br \/>\n<\/strong>Eredivisie: PJ: 153 (110 titular) | TA: 28 | TR: 0 | Goles: 3<br \/>\nCopas Nacionales: PJ: 7 (todos titular) | TA: 1 | TR: 1 | Goles: 0<br \/>\nUEFA Europa\u00a0League: PJ: 25 (todos titular) | TA: 6 | TR: 0 | Goles: 0<br \/>\nUEFA Champions League: PJ: 6 (todos titular) | TA: 1 | TR: 0 | Goles: 1<\/p>\n<p style=\"text-align: justify;\"><strong>TOTAL:<\/strong> PJ: 191 (148 titular) | TA: 36 | TR: 1 | Goles: 4<\/p>\n<p style=\"text-align: center;\"><strong>FOTOS<\/strong><\/p>\n<p style=\"text-align: center;\"><img loading=\"lazy\" decoding=\"async\" class=\"alignnone size-full wp-image-11448\" src=\"http:\/\/gradadigital.com\/home\/wp-content\/uploads\/2014\/05\/roberto_rosales_fctwente_03052014_4.jpg\" alt=\"roberto_rosales_fctwente_03052014_4\" width=\"397\" height=\"596\" srcset=\"http:\/\/gradadigital.com\/home\/wp-content\/uploads\/2014\/05\/roberto_rosales_fctwente_03052014_4.jpg 397w, http:\/\/gradadigital.com\/home\/wp-content\/uploads\/2014\/05\/roberto_rosales_fctwente_03052014_4-199x300.jpg 199w\" sizes=\"auto, (max-width: 397px) 100vw, 397px\" \/><\/p>\n<p style=\"text-align: center;\"><img loading=\"lazy\" decoding=\"async\" class=\"alignnone size-full wp-image-11449\" src=\"http:\/\/gradadigital.com\/home\/wp-content\/uploads\/2014\/05\/roberto_rosales_fctwente_03052014_3.jpg\" alt=\"roberto_rosales_fctwente_03052014_3\" width=\"596\" height=\"346\" srcset=\"http:\/\/gradadigital.com\/home\/wp-content\/uploads\/2014\/05\/roberto_rosales_fctwente_03052014_3.jpg 596w, http:\/\/gradadigital.com\/home\/wp-content\/uploads\/2014\/05\/roberto_rosales_fctwente_03052014_3-300x174.jpg 300w\" sizes=\"auto, (max-width: 596px) 100vw, 596px\" \/><\/p>\n<p style=\"text-align: center;\"><img loading=\"lazy\" decoding=\"async\" class=\"alignnone size-full wp-image-11450\" src=\"http:\/\/gradadigital.com\/home\/wp-content\/uploads\/2014\/05\/roberto_rosales_fctwente_03052014_2.jpg\" alt=\"roberto_rosales_fctwente_03052014_2\" width=\"596\" height=\"346\" srcset=\"http:\/\/gradadigital.com\/home\/wp-content\/uploads\/2014\/05\/roberto_rosales_fctwente_03052014_2.jpg 596w, http:\/\/gradadigital.com\/home\/wp-content\/uploads\/2014\/05\/roberto_rosales_fctwente_03052014_2-300x174.jpg 300w\" sizes=\"auto, (max-width: 596px) 100vw, 596px\" \/><\/p>\n","protected":false},"excerpt":{"rendered":"<p>GradaDigital.com &#8211; El lateral venezolano, Roberto Rosales, cumpli\u00f3 su \u00faltimo encuentro de la temporada en la Eredivisie, al empatar 2-2 frente al\u00a0Zwolle, en lo que habr\u00eda sido su \u00faltimo encuentro con los colores del FC Twente. Rosales ha estado en la \u00f3rbita del f\u00fatbol espa\u00f1ol, donde el M\u00e1laga representa el nuevo hogar del criollo. El &#8230;<\/p>\n","protected":false},"author":4,"featured_media":11445,"comment_status":"closed","ping_status":"closed","sticky":false,"template":"","format":"standard","meta":{"footnotes":""},"categories":[43,36,4],"tags":[529,77],"class_list":["post-11444","post","type-post","status-publish","format-standard","has-post-thumbnail","hentry","category-fotos","category-internacional","category-legionarios","tag-fc-twente","tag-roberto-rosales"],"_links":{"self":[{"href":"http:\/\/gradadigital.com\/home\/wp-json\/wp\/v2\/posts\/11444","targetHints":{"allow":["GET"]}}],"collection":[{"href":"http:\/\/gradadigital.com\/home\/wp-json\/wp\/v2\/posts"}],"about":[{"href":"http:\/\/gradadigital.com\/home\/wp-json\/wp\/v2\/types\/post"}],"author":[{"embeddable":true,"href":"http:\/\/gradadigital.com\/home\/wp-json\/wp\/v2\/users\/4"}],"replies":[{"embeddable":true,"href":"http:\/\/gradadigital.com\/home\/wp-json\/wp\/v2\/comments?post=11444"}],"version-history":[{"count":4,"href":"http:\/\/gradadigital.com\/home\/wp-json\/wp\/v2\/posts\/11444\/revisions"}],"predecessor-version":[{"id":11529,"href":"http:\/\/gradadigital.com\/home\/wp-json\/wp\/v2\/posts\/11444\/revisions\/11529"}],"wp:featuredmedia":[{"embeddable":true,"href":"http:\/\/gradadigital.com\/home\/wp-json\/wp\/v2\/media\/11445"}],"wp:attachment":[{"href":"http:\/\/gradadigital.com\/home\/wp-json\/wp\/v2\/media?parent=11444"}],"wp:term":[{"taxonomy":"category","embeddable":true,"href":"http:\/\/gradadigital.com\/home\/wp-json\/wp\/v2\/categories?post=11444"},{"taxonomy":"post_tag","embeddable":true,"href":"http:\/\/gradadigital.com\/home\/wp-json\/wp\/v2\/tags?post=11444"}],"curies":[{"name":"wp","href":"https:\/\/api.w.org\/{rel}","templated":true}]}}