{"id":11442,"date":"2014-05-03T15:48:07","date_gmt":"2014-05-03T20:18:07","guid":{"rendered":"http:\/\/gradadigital.com\/home\/?p=11442"},"modified":"2014-05-03T15:48:07","modified_gmt":"2014-05-03T20:18:07","slug":"zamora-quiere-atraer-la-posibilidad-de-titularse","status":"publish","type":"post","link":"http:\/\/gradadigital.com\/home\/zamora-quiere-atraer-la-posibilidad-de-titularse\/","title":{"rendered":"Zamora quiere atraer la posibilidad de titularse"},"content":{"rendered":"<p style=\"text-align: center;\"><img loading=\"lazy\" decoding=\"async\" class=\"alignnone size-full wp-image-6720\" src=\"http:\/\/gradadigital.com\/home\/wp-content\/uploads\/2013\/12\/zamora_caracas_01122013.jpg\" alt=\"zamora_caracas_01122013\" width=\"596\" height=\"346\" srcset=\"http:\/\/gradadigital.com\/home\/wp-content\/uploads\/2013\/12\/zamora_caracas_01122013.jpg 596w, http:\/\/gradadigital.com\/home\/wp-content\/uploads\/2013\/12\/zamora_caracas_01122013-300x174.jpg 300w\" sizes=\"auto, (max-width: 596px) 100vw, 596px\" \/><\/p>\n<p style=\"text-align: justify;\"><strong>Peter Herrera \/ Prensa Zamora FC, Barinas.<\/strong> El Zamora F\u00fatbol Club jugar\u00e1 este domingo un partido trascendental en sus aspiraciones del Torneo Clausura 2014, cuando visite el dif\u00edcil estadio Ol\u00edmpico de la UCV para enfrentar al Caracas FC; dejando como posibilidad latente conseguir el t\u00edtulo por segunda vez en este estadio, si se dan los resultados y se consiguen los tres puntos.<\/p>\n<p style=\"text-align: justify;\">Uno de los referentes barineses en cancha, que pudo celebrar en 2011 y de seguro estar\u00e1 presente desde el pitazo inicial este fin de semana es Arles Flores, quien previo al encuentro declar\u00f3 que \u201ceste va a ser un partido muy importante para nosotros, para lo que queremos que es quedarnos con la Copa. Necesitamos estar concentrados los 90\u2019 minutos, atento a la pelota parada; sabemos que la cancha va a estar un poco complicada pero eso es para los dos equipos, igual necesitamos estar con las dos l\u00edneas juntas para defender y atacar r\u00e1pido sin perder el orden que nos pide el profe (Noel Sanvicente)\u201d.<\/p>\n<p style=\"text-align: justify;\">En cuanto al rival, el segundo capit\u00e1n de la \u2018furia llanera\u2019 dijo \u201cCaracas es un equipo dif\u00edcil que siempre est\u00e1 peleando arriba, tienen algunos jugadores claves que no podr\u00e1n estar, pero nosotros no nos preocupamos por ellos sino por nosotros.<\/p>\n<p style=\"text-align: justify;\">Entendemos que va a ser un partido muy duro, ellos vienen con racha de derrotas y seguro querr\u00e1n conseguir los tres puntos, ah\u00ed nosotros estaremos atentos y bien concentrados todo el partido\u201d.<\/p>\n<p style=\"text-align: justify;\">Para cerrar en la recta final de este Clausura que pudiese ser hist\u00f3rico para el blanquinegro, Flores opin\u00f3 \u201cestamos culminando el torneo ya en la recta final gracias a Dios, con resultados positivos en cuanto a lo f\u00edsico todo gracias a una buena preparaci\u00f3n previa. Nosotros nos estamos mentalizando en llegar de la mejor manera, para afrontar estos partidos que nos quedan y as\u00ed hacer lo posible por darle una alegr\u00eda a toda nuestra fanaticada\u201d.<\/p>\n<p style=\"text-align: justify;\">El encuentro est\u00e1 pautado para iniciar a las 3:30 de la tarde en el coso capitalino, con la particularidad del no ingreso de barras visitantes por decisi\u00f3n de la directiva local.<\/p>\n","protected":false},"excerpt":{"rendered":"<p>Peter Herrera \/ Prensa Zamora FC, Barinas. El Zamora F\u00fatbol Club jugar\u00e1 este domingo un partido trascendental en sus aspiraciones del Torneo Clausura 2014, cuando visite el dif\u00edcil estadio Ol\u00edmpico de la UCV para enfrentar al Caracas FC; dejando como posibilidad latente conseguir el t\u00edtulo por segunda vez en este estadio, si se dan los &#8230;<\/p>\n","protected":false},"author":4,"featured_media":6720,"comment_status":"closed","ping_status":"closed","sticky":false,"template":"","format":"standard","meta":{"footnotes":""},"categories":[9,5,31,21],"tags":[1838,1847],"class_list":["post-11442","post","type-post","status-publish","format-standard","has-post-thumbnail","hentry","category-caracas-fc","category-futbol-nacional","category-primera-division","category-zamora-fc","tag-caracas-fc","tag-zamora-fc"],"_links":{"self":[{"href":"http:\/\/gradadigital.com\/home\/wp-json\/wp\/v2\/posts\/11442","targetHints":{"allow":["GET"]}}],"collection":[{"href":"http:\/\/gradadigital.com\/home\/wp-json\/wp\/v2\/posts"}],"about":[{"href":"http:\/\/gradadigital.com\/home\/wp-json\/wp\/v2\/types\/post"}],"author":[{"embeddable":true,"href":"http:\/\/gradadigital.com\/home\/wp-json\/wp\/v2\/users\/4"}],"replies":[{"embeddable":true,"href":"http:\/\/gradadigital.com\/home\/wp-json\/wp\/v2\/comments?post=11442"}],"version-history":[{"count":1,"href":"http:\/\/gradadigital.com\/home\/wp-json\/wp\/v2\/posts\/11442\/revisions"}],"predecessor-version":[{"id":11443,"href":"http:\/\/gradadigital.com\/home\/wp-json\/wp\/v2\/posts\/11442\/revisions\/11443"}],"wp:featuredmedia":[{"embeddable":true,"href":"http:\/\/gradadigital.com\/home\/wp-json\/wp\/v2\/media\/6720"}],"wp:attachment":[{"href":"http:\/\/gradadigital.com\/home\/wp-json\/wp\/v2\/media?parent=11442"}],"wp:term":[{"taxonomy":"category","embeddable":true,"href":"http:\/\/gradadigital.com\/home\/wp-json\/wp\/v2\/categories?post=11442"},{"taxonomy":"post_tag","embeddable":true,"href":"http:\/\/gradadigital.com\/home\/wp-json\/wp\/v2\/tags?post=11442"}],"curies":[{"name":"wp","href":"https:\/\/api.w.org\/{rel}","templated":true}]}}