{"id":11438,"date":"2014-05-03T13:44:50","date_gmt":"2014-05-03T18:14:50","guid":{"rendered":"http:\/\/gradadigital.com\/home\/?p=11438"},"modified":"2014-05-03T13:44:50","modified_gmt":"2014-05-03T18:14:50","slug":"aficion-del-zamora-no-podra-acompanar-a-su-equipo-en-caracas","status":"publish","type":"post","link":"http:\/\/gradadigital.com\/home\/aficion-del-zamora-no-podra-acompanar-a-su-equipo-en-caracas\/","title":{"rendered":"Afici\u00f3n del Zamora no podr\u00e1 acompa\u00f1ar a su equipo en Caracas"},"content":{"rendered":"<p style=\"text-align: center;\"><a href=\"http:\/\/gradadigital.com\/home\/wp-content\/uploads\/2013\/05\/aficion_zamora_estudiantes_12052013_7.jpg\"><img loading=\"lazy\" decoding=\"async\" class=\"alignnone size-full wp-image-649\" src=\"http:\/\/gradadigital.com\/home\/wp-content\/uploads\/2013\/05\/aficion_zamora_estudiantes_12052013_7.jpg\" alt=\"aficion_zamora_estudiantes_12052013_7\" width=\"596\" height=\"346\" srcset=\"http:\/\/gradadigital.com\/home\/wp-content\/uploads\/2013\/05\/aficion_zamora_estudiantes_12052013_7.jpg 596w, http:\/\/gradadigital.com\/home\/wp-content\/uploads\/2013\/05\/aficion_zamora_estudiantes_12052013_7-300x174.jpg 300w\" sizes=\"auto, (max-width: 596px) 100vw, 596px\" \/><\/a><\/p>\n<p style=\"text-align: justify;\"><span style=\"color: #222222;\"><strong>Prensa CFC.-<\/strong>\u00a0<\/span><span style=\"color: #222222;\">El Caracas F\u00fatbol Club, luego de una serie de reuniones con los miembros de seguridad , tom\u00f3 la decisi\u00f3n de no recibir este domingo en el \u00a0estadio Ol\u00edmpico de la UCV a la barra visitante, en el marco del partido de la jornada 16 ante Zamora FC, medida que solo obedece a estrictas razones de seguridad.<\/span><br style=\"color: #222222;\" \/><br style=\"color: #222222;\" \/><span style=\"color: #222222;\">Esperamos la comprensi\u00f3n ante la decisi\u00f3n tomada y reiteramos el compromiso de la instituci\u00f3n de darle la mejor atenci\u00f3n tanto al fan\u00e1tico de nuestro equipo as\u00ed como al visitante, vitales para el crecimiento del f\u00fatbol venezolano, recordando nuestro lema: \u00abLa violencia no es parte de tu pasi\u00f3n\u00bb.<\/span><\/p>\n","protected":false},"excerpt":{"rendered":"<p>Prensa CFC.-\u00a0El Caracas F\u00fatbol Club, luego de una serie de reuniones con los miembros de seguridad , tom\u00f3 la decisi\u00f3n de no recibir este domingo en el \u00a0estadio Ol\u00edmpico de la UCV a la barra visitante, en el marco del partido de la jornada 16 ante Zamora FC, medida que solo obedece a estrictas razones &#8230;<\/p>\n","protected":false},"author":4,"featured_media":649,"comment_status":"closed","ping_status":"closed","sticky":false,"template":"","format":"standard","meta":{"footnotes":""},"categories":[9,5,31,21],"tags":[528,69,1838,1847],"class_list":["post-11438","post","type-post","status-publish","format-standard","has-post-thumbnail","hentry","category-caracas-fc","category-futbol-nacional","category-primera-division","category-zamora-fc","tag-aficion","tag-barinas","tag-caracas-fc","tag-zamora-fc"],"_links":{"self":[{"href":"http:\/\/gradadigital.com\/home\/wp-json\/wp\/v2\/posts\/11438","targetHints":{"allow":["GET"]}}],"collection":[{"href":"http:\/\/gradadigital.com\/home\/wp-json\/wp\/v2\/posts"}],"about":[{"href":"http:\/\/gradadigital.com\/home\/wp-json\/wp\/v2\/types\/post"}],"author":[{"embeddable":true,"href":"http:\/\/gradadigital.com\/home\/wp-json\/wp\/v2\/users\/4"}],"replies":[{"embeddable":true,"href":"http:\/\/gradadigital.com\/home\/wp-json\/wp\/v2\/comments?post=11438"}],"version-history":[{"count":1,"href":"http:\/\/gradadigital.com\/home\/wp-json\/wp\/v2\/posts\/11438\/revisions"}],"predecessor-version":[{"id":11439,"href":"http:\/\/gradadigital.com\/home\/wp-json\/wp\/v2\/posts\/11438\/revisions\/11439"}],"wp:featuredmedia":[{"embeddable":true,"href":"http:\/\/gradadigital.com\/home\/wp-json\/wp\/v2\/media\/649"}],"wp:attachment":[{"href":"http:\/\/gradadigital.com\/home\/wp-json\/wp\/v2\/media?parent=11438"}],"wp:term":[{"taxonomy":"category","embeddable":true,"href":"http:\/\/gradadigital.com\/home\/wp-json\/wp\/v2\/categories?post=11438"},{"taxonomy":"post_tag","embeddable":true,"href":"http:\/\/gradadigital.com\/home\/wp-json\/wp\/v2\/tags?post=11438"}],"curies":[{"name":"wp","href":"https:\/\/api.w.org\/{rel}","templated":true}]}}