{"id":1143,"date":"2013-06-06T09:41:45","date_gmt":"2013-06-06T14:11:45","guid":{"rendered":"http:\/\/gradadigital.com\/home\/?p=1143"},"modified":"2013-06-07T14:58:49","modified_gmt":"2013-06-07T19:28:49","slug":"roberto-armua-llega-al-equipo-avileno","status":"publish","type":"post","link":"http:\/\/gradadigital.com\/home\/roberto-armua-llega-al-equipo-avileno\/","title":{"rendered":"Roberto Arm\u00faa llega al equipo avile\u00f1o"},"content":{"rendered":"<p><img loading=\"lazy\" decoding=\"async\" class=\"aligncenter\" alt=\"\" src=\"http:\/\/www.gradadigital.com\/principal\/images\/stories\/armua_23102011.jpg\" width=\"596\" height=\"346\" \/><\/p>\n<p style=\"text-align: justify;\"><strong>Prensa Caracas FC &#8211;<\/strong> El volante de creaci\u00f3n argentino Roberto Arm\u00faa se convirti\u00f3 en el sexto fichaje del Caracas F\u00fatbol Club, con un contrato que regir\u00e1\u00a0hasta el 31 de mayo de 2014.<\/p>\n<p style=\"text-align: justify;\">Arm\u00faa conoce perfectamente el balompi\u00e9 venezolano luego de defender los colores de Trujillanos FC en dos per\u00edodos (2006-08 y 2009-12), Uni\u00f3n Atl\u00e9tico Maracaibo (2008) y Mineros en 2009, incluyendo en su curr\u00edculo un t\u00edtulo de Copa Venezuela con el equipo de Valera en 2010.<\/p>\n<p style=\"text-align: justify;\">Es un jugador con mucha capacidad de creaci\u00f3n en el medio sector y con\u00a0llegada a gol, destacando sobre todo en el Torneo Apertura 2010 cuando en un total de 14 partidos termin\u00f3 vulnerando las redes del rival hasta en 8 ocasiones.<\/p>\n<div style=\"text-align: justify;\"><strong>\u00abEstoy muy contento de llegar al club m\u00e1s grande de Venezuela. Con la experiencia que he adquirido en tantos a\u00f1os que tengo en el f\u00fatbol de este pa\u00eds, intentar\u00e9 ayudar en la obtenci\u00f3n de un nuevo t\u00edtulo para\u00a0esta instituci\u00f3n\u201d<\/strong>, declar\u00f3 el jugador como nuevo miembro de la\u00a0plantilla del \u00abRojo\u00bb, quien en este momento se encuentra en su pa\u00eds y se\u00a0reportar\u00e1 el primer d\u00eda de pretemporada.<\/div>\n<div style=\"text-align: justify;\"><\/div>\n<div style=\"text-align: justify;\"><strong>\u201cEs muy buena la mezcla de jugadores j\u00f3venes y jugadores con experiencia. Yo, m\u00e1s all\u00e1 de la edad que tengo, puedo aportar lo que s\u00e9 en cancha. Siento mucha alegr\u00eda en este momento y dar\u00e9 lo mejor de\u00a0m\u00ed para cumplir con los objetivos\u201d<\/strong>, culmin\u00f3 el jugador v\u00eda telef\u00f3nica.<\/div>\n<div style=\"text-align: justify;\"><\/div>\n<div style=\"text-align: justify;\">FICHA T\u00c9CNICA<br \/>\nNOMBRES: Roberto Javier<br \/>\nAPELLIDO: Arm\u00faa<br \/>\nPOSICI\u00d3N: Volante ofensivo<br \/>\nLUGAR \u00a0DE NACIMIENTO: Jos\u00e9 C. Paz, BA 8 de agosto de 1982<br \/>\nESTATURA\/PESO: 1,74 MTS\/73 kg<br \/>\n\u00daLTIMO EQUIPO: Club Atl\u00e9tico Estudiantes<\/div>\n","protected":false},"excerpt":{"rendered":"<p>Prensa Caracas FC &#8211; El volante de creaci\u00f3n argentino Roberto Arm\u00faa se convirti\u00f3 en el sexto fichaje del Caracas F\u00fatbol Club, con un contrato que regir\u00e1\u00a0hasta el 31 de mayo de 2014. Arm\u00faa conoce perfectamente el balompi\u00e9 venezolano luego de defender los colores de Trujillanos FC en dos per\u00edodos (2006-08 y 2009-12), Uni\u00f3n Atl\u00e9tico Maracaibo &#8230;<\/p>\n","protected":false},"author":1,"featured_media":1255,"comment_status":"closed","ping_status":"closed","sticky":false,"template":"","format":"standard","meta":{"footnotes":""},"categories":[9,5,31],"tags":[],"class_list":["post-1143","post","type-post","status-publish","format-standard","has-post-thumbnail","hentry","category-caracas-fc","category-futbol-nacional","category-primera-division"],"_links":{"self":[{"href":"http:\/\/gradadigital.com\/home\/wp-json\/wp\/v2\/posts\/1143","targetHints":{"allow":["GET"]}}],"collection":[{"href":"http:\/\/gradadigital.com\/home\/wp-json\/wp\/v2\/posts"}],"about":[{"href":"http:\/\/gradadigital.com\/home\/wp-json\/wp\/v2\/types\/post"}],"author":[{"embeddable":true,"href":"http:\/\/gradadigital.com\/home\/wp-json\/wp\/v2\/users\/1"}],"replies":[{"embeddable":true,"href":"http:\/\/gradadigital.com\/home\/wp-json\/wp\/v2\/comments?post=1143"}],"version-history":[{"count":4,"href":"http:\/\/gradadigital.com\/home\/wp-json\/wp\/v2\/posts\/1143\/revisions"}],"predecessor-version":[{"id":1145,"href":"http:\/\/gradadigital.com\/home\/wp-json\/wp\/v2\/posts\/1143\/revisions\/1145"}],"wp:featuredmedia":[{"embeddable":true,"href":"http:\/\/gradadigital.com\/home\/wp-json\/wp\/v2\/media\/1255"}],"wp:attachment":[{"href":"http:\/\/gradadigital.com\/home\/wp-json\/wp\/v2\/media?parent=1143"}],"wp:term":[{"taxonomy":"category","embeddable":true,"href":"http:\/\/gradadigital.com\/home\/wp-json\/wp\/v2\/categories?post=1143"},{"taxonomy":"post_tag","embeddable":true,"href":"http:\/\/gradadigital.com\/home\/wp-json\/wp\/v2\/tags?post=1143"}],"curies":[{"name":"wp","href":"https:\/\/api.w.org\/{rel}","templated":true}]}}