{"id":11414,"date":"2014-05-01T20:59:01","date_gmt":"2014-05-02T01:29:01","guid":{"rendered":"http:\/\/gradadigital.com\/home\/?p=11414"},"modified":"2014-05-01T20:59:01","modified_gmt":"2014-05-02T01:29:01","slug":"video-miku-se-reencontro-con-el-gol-por-la-copa-del-principe","status":"publish","type":"post","link":"http:\/\/gradadigital.com\/home\/video-miku-se-reencontro-con-el-gol-por-la-copa-del-principe\/","title":{"rendered":"VIDEO | \u00abMiku\u00bb se reencontr\u00f3 con el gol por la Copa del Pr\u00edncipe"},"content":{"rendered":"<iframe loading=\"lazy\" width=\"682\" height=\"348\" src=\"http:\/\/www.youtube.com\/embed\/YHOzW_m647U?rel=0\" frameborder=\"0\" allowfullscreen><\/iframe>\n<p style=\"text-align: justify;\"><strong>GradaDigital.com &#8211;<\/strong> El delantero venezolano, Nicolas \u00abMiku\u00bb Fedor, se reencontr\u00f3 con el gol en Qatar, tras anotar por la Copa del Pr\u00edncipe en los octavos de final ante el\u00a0Akherittiyat.<\/p>\n<p style=\"text-align: justify;\">El tanto de \u00abMiku\u00bb fue el primero en el presente a\u00f1o, tanto que no repet\u00eda desde el 29 de noviembre del a\u00f1o pasado. Cabe destacar que el criollo sufri\u00f3 una lesi\u00f3n que lo hab\u00eda alejado de las canchas.<\/p>\n<p style=\"text-align: justify;\">Finalmente el Al Gharafa vencer\u00eda 2-3, y accedi\u00f3 a los cuartos de final de la competencia. <strong>\u00a1Mira el gol del caraque\u00f1o!<\/strong><\/p>\n","protected":false},"excerpt":{"rendered":"<p>GradaDigital.com &#8211; El delantero venezolano, Nicolas \u00abMiku\u00bb Fedor, se reencontr\u00f3 con el gol en Qatar, tras anotar por la Copa del Pr\u00edncipe en los octavos de final ante el\u00a0Akherittiyat. El tanto de \u00abMiku\u00bb fue el primero en el presente a\u00f1o, tanto que no repet\u00eda desde el 29 de noviembre del a\u00f1o pasado. Cabe destacar que &#8230;<\/p>\n","protected":false},"author":4,"featured_media":11415,"comment_status":"closed","ping_status":"closed","sticky":false,"template":"","format":"standard","meta":{"footnotes":""},"categories":[27,36,4],"tags":[518,394,517,516,188],"class_list":["post-11414","post","type-post","status-publish","format-standard","has-post-thumbnail","hentry","category-video","category-internacional","category-legionarios","tag-al-gharafa","tag-gol","tag-miku","tag-nicolas-fedor","tag-video-2"],"_links":{"self":[{"href":"http:\/\/gradadigital.com\/home\/wp-json\/wp\/v2\/posts\/11414","targetHints":{"allow":["GET"]}}],"collection":[{"href":"http:\/\/gradadigital.com\/home\/wp-json\/wp\/v2\/posts"}],"about":[{"href":"http:\/\/gradadigital.com\/home\/wp-json\/wp\/v2\/types\/post"}],"author":[{"embeddable":true,"href":"http:\/\/gradadigital.com\/home\/wp-json\/wp\/v2\/users\/4"}],"replies":[{"embeddable":true,"href":"http:\/\/gradadigital.com\/home\/wp-json\/wp\/v2\/comments?post=11414"}],"version-history":[{"count":1,"href":"http:\/\/gradadigital.com\/home\/wp-json\/wp\/v2\/posts\/11414\/revisions"}],"predecessor-version":[{"id":11416,"href":"http:\/\/gradadigital.com\/home\/wp-json\/wp\/v2\/posts\/11414\/revisions\/11416"}],"wp:featuredmedia":[{"embeddable":true,"href":"http:\/\/gradadigital.com\/home\/wp-json\/wp\/v2\/media\/11415"}],"wp:attachment":[{"href":"http:\/\/gradadigital.com\/home\/wp-json\/wp\/v2\/media?parent=11414"}],"wp:term":[{"taxonomy":"category","embeddable":true,"href":"http:\/\/gradadigital.com\/home\/wp-json\/wp\/v2\/categories?post=11414"},{"taxonomy":"post_tag","embeddable":true,"href":"http:\/\/gradadigital.com\/home\/wp-json\/wp\/v2\/tags?post=11414"}],"curies":[{"name":"wp","href":"https:\/\/api.w.org\/{rel}","templated":true}]}}