{"id":11363,"date":"2014-04-29T12:11:59","date_gmt":"2014-04-29T16:41:59","guid":{"rendered":"http:\/\/gradadigital.com\/home\/?p=11363"},"modified":"2014-04-29T12:11:59","modified_gmt":"2014-04-29T16:41:59","slug":"presidente-de-fifa-comprometido-en-luchar-contra-el-racismo","status":"publish","type":"post","link":"http:\/\/gradadigital.com\/home\/presidente-de-fifa-comprometido-en-luchar-contra-el-racismo\/","title":{"rendered":"Presidente de FIFA comprometido en luchar contra el racismo"},"content":{"rendered":"<p style=\"color: #494949; text-align: center;\"><img loading=\"lazy\" decoding=\"async\" class=\"alignnone size-full wp-image-11364\" src=\"http:\/\/gradadigital.com\/home\/wp-content\/uploads\/2014\/04\/joseph_blatter_fifa_29042014.jpg\" alt=\"joseph_blatter_fifa_29042014\" width=\"596\" height=\"346\" srcset=\"http:\/\/gradadigital.com\/home\/wp-content\/uploads\/2014\/04\/joseph_blatter_fifa_29042014.jpg 596w, http:\/\/gradadigital.com\/home\/wp-content\/uploads\/2014\/04\/joseph_blatter_fifa_29042014-300x174.jpg 300w\" sizes=\"auto, (max-width: 596px) 100vw, 596px\" \/><\/p>\n<p style=\"color: #494949; text-align: justify;\"><strong>AFP, Madrid-<\/strong> El presidente de la FIFA, Joseph Blatter, ha enviado una carta a Avi Luzon, presidente de la asociaci\u00f3n israel\u00ed de este deporte, en la que \u00abratifica el compromiso\u00bb de dicho organismo \u00aben la lucha contra la discriminaci\u00f3n y el racismo en todas sus formas\u00bb, coincidiendo con la celebraci\u00f3n en ese pa\u00eds de la jornada en memoria del Holocausto.<\/p>\n<p style=\"color: #494949; text-align: justify;\">\u00abEn este d\u00eda tan especial para su pa\u00eds y naci\u00f3n, en nombre de la comunidad internacional del f\u00fatbol deseo expresar mi m\u00e1s sincera solidaridad con los familiares de las v\u00edctimas del Holocausto, as\u00ed como mi admiraci\u00f3n por todas las personas que plantaron cara a tanta maldad y resistieron con bravura\u00bb, escribe Blatter.<\/p>\n<p style=\"color: #494949; text-align: justify;\">\u00abSetenta a\u00f1os despu\u00e9s de los horrorosos cr\u00edmenes cometidos contra el pueblo israel\u00ed, la FIFA y su Presidente mantienen su compromiso en la lucha contra el racismo y la discriminaci\u00f3n en todas sus formas, una postura consagrada en nuestros Estatutos\u00bb, agrega.<\/p>\n<p style=\"color: #494949; text-align: justify;\">Blatter se\u00f1ala que est\u00e1 \u00abfirmemente convencido de que el f\u00fatbol, y su extraordinaria capacidad para derribar barreras y aunar a los pueblos, es una de las fuerzas m\u00e1s poderosas para hacer el bien en este mundo\u00bb.<\/p>\n<p style=\"color: #494949; text-align: justify;\">\u00abPor esta raz\u00f3n me siento igualmente comprometido con el desarrollo del f\u00fatbol en el mundo entero, para liberar este potencial inmenso entre todos los pueblos\u00bb, concluye.<\/p>\n<p style=\"color: #494949; text-align: justify;\">Israel conmemora hoy la jornada en memoria del Holocausto con actos oficiales en los que se leyeron los nombres de las v\u00edctimas del genocidio y las sirenas antia\u00e9reas paralizaron el pa\u00eds en una de las fechas m\u00e1s solemnes del calendario nacional.<\/p>\n<p style=\"color: #494949; text-align: justify;\">El Museo del Holocausto de Jerusal\u00e9n (Yad Vashem) y el Parlamento israel\u00ed (Kneset) acogieron los dos actos principales de la jornada en la que se leen de viva voz los nombres de las v\u00edctimas jud\u00edas de la barbarie nazi, de las cuales tres millones han sido identificadas.<\/p>\n<p style=\"color: #494949; text-align: justify;\">Un total de 6 millones de jud\u00edos, lo que representaba dos tercios del juda\u00edsmo europeo, fue aniquilado por la maquinaria nazi durante la Segunda Guerra Mundial.<\/p>\n<p style=\"color: #494949; text-align: justify;\">Israel fij\u00f3 el D\u00eda del Holocausto una semana antes de la fecha del establecimiento del Estado jud\u00edo de acuerdo al calendario hebreo, una conmemoraci\u00f3n que en los pa\u00edses occidentales tiene lugar el 27 de enero, efem\u00e9ride de la liberaci\u00f3n del campo de Auschwitz por las tropas sovi\u00e9ticas.<\/p>\n","protected":false},"excerpt":{"rendered":"<p>AFP, Madrid- El presidente de la FIFA, Joseph Blatter, ha enviado una carta a Avi Luzon, presidente de la asociaci\u00f3n israel\u00ed de este deporte, en la que \u00abratifica el compromiso\u00bb de dicho organismo \u00aben la lucha contra la discriminaci\u00f3n y el racismo en todas sus formas\u00bb, coincidiendo con la celebraci\u00f3n en ese pa\u00eds de la &#8230;<\/p>\n","protected":false},"author":4,"featured_media":11364,"comment_status":"closed","ping_status":"closed","sticky":false,"template":"","format":"standard","meta":{"footnotes":""},"categories":[36],"tags":[110,491],"class_list":["post-11363","post","type-post","status-publish","format-standard","has-post-thumbnail","hentry","category-internacional","tag-fifa","tag-joseph-blatter"],"_links":{"self":[{"href":"http:\/\/gradadigital.com\/home\/wp-json\/wp\/v2\/posts\/11363","targetHints":{"allow":["GET"]}}],"collection":[{"href":"http:\/\/gradadigital.com\/home\/wp-json\/wp\/v2\/posts"}],"about":[{"href":"http:\/\/gradadigital.com\/home\/wp-json\/wp\/v2\/types\/post"}],"author":[{"embeddable":true,"href":"http:\/\/gradadigital.com\/home\/wp-json\/wp\/v2\/users\/4"}],"replies":[{"embeddable":true,"href":"http:\/\/gradadigital.com\/home\/wp-json\/wp\/v2\/comments?post=11363"}],"version-history":[{"count":1,"href":"http:\/\/gradadigital.com\/home\/wp-json\/wp\/v2\/posts\/11363\/revisions"}],"predecessor-version":[{"id":11365,"href":"http:\/\/gradadigital.com\/home\/wp-json\/wp\/v2\/posts\/11363\/revisions\/11365"}],"wp:featuredmedia":[{"embeddable":true,"href":"http:\/\/gradadigital.com\/home\/wp-json\/wp\/v2\/media\/11364"}],"wp:attachment":[{"href":"http:\/\/gradadigital.com\/home\/wp-json\/wp\/v2\/media?parent=11363"}],"wp:term":[{"taxonomy":"category","embeddable":true,"href":"http:\/\/gradadigital.com\/home\/wp-json\/wp\/v2\/categories?post=11363"},{"taxonomy":"post_tag","embeddable":true,"href":"http:\/\/gradadigital.com\/home\/wp-json\/wp\/v2\/tags?post=11363"}],"curies":[{"name":"wp","href":"https:\/\/api.w.org\/{rel}","templated":true}]}}