{"id":11274,"date":"2014-04-26T16:22:46","date_gmt":"2014-04-26T20:52:46","guid":{"rendered":"http:\/\/gradadigital.com\/home\/?p=11274"},"modified":"2014-04-26T16:22:46","modified_gmt":"2014-04-26T20:52:46","slug":"respuestas-al-futuro-institucional-del-caracas-fc","status":"publish","type":"post","link":"http:\/\/gradadigital.com\/home\/respuestas-al-futuro-institucional-del-caracas-fc\/","title":{"rendered":"Respuestas al futuro institucional del Caracas FC"},"content":{"rendered":"<p style=\"text-align: center;\"><img loading=\"lazy\" decoding=\"async\" class=\"alignnone size-full wp-image-11275\" src=\"http:\/\/gradadigital.com\/home\/wp-content\/uploads\/2014\/04\/caracas_institucional_26042014.jpg\" alt=\"caracas_institucional_26042014\" width=\"596\" height=\"346\" srcset=\"http:\/\/gradadigital.com\/home\/wp-content\/uploads\/2014\/04\/caracas_institucional_26042014.jpg 596w, http:\/\/gradadigital.com\/home\/wp-content\/uploads\/2014\/04\/caracas_institucional_26042014-300x174.jpg 300w\" sizes=\"auto, (max-width: 596px) 100vw, 596px\" \/><\/p>\n<p style=\"text-align: justify;\"><strong>Miguel Vallenilla &#8211;<\/strong> \u00bfPodr\u00eda estar el Caracas FC en nuevas manos? \u00bfEs posible que sean las \u00faltimas temporadas del Caracas FC bajo la orientaci\u00f3n de la familia Valentiner?. Estas preguntas se han venido escuchando en esos pasillos donde los rumores van y vienen. Algunos han apuntado a que el traspaso a una nueva organizaci\u00f3n ya est\u00e1 concretado, otros deducen que la instituci\u00f3n est\u00e1 en b\u00fasqueda de socios, pero por lo pronto, todo seguir\u00eda como en los \u00faltimos 24 a\u00f1os.<\/p>\n<p style=\"text-align: justify;\">Varias fuentes han apuntado que la Organizaci\u00f3n Cisneros, comandado por el Presidente Gustavo Cisneros, estar\u00eda interesado en conseguir los derechos del Caracas FC. Al principio se aseguraba que el inter\u00e9s era \u00fanicamente por el club de f\u00fatbol once veces campe\u00f3n de Venezuela, y posteriormente que el inter\u00e9s se extender\u00eda por toda la Organizaci\u00f3n Cocodrilos, as\u00ed como sus instalaciones. Estas afirmaciones tomaron fuerza por la ausencia del Presidente Philip Valentiner.<\/p>\n<p style=\"text-align: justify;\">La delincuencia ha sido una mal protagonista del d\u00eda a d\u00eda que ha sido dif\u00edcil de disminuir en nuestro pa\u00eds. El Presidente del Caracas FC, Philip Valentiner, no pudo escapar de esta lamentable situaci\u00f3n del que por suerte pudo salir airoso, sin pasar a mayores. Evitando\u00a0entrar en detalles, este c\u00famulo de situaciones han hecho que el Presidente, por los momentos, se ausentara del pa\u00eds, y por lo pronto se desconoce un retorno pr\u00f3ximo.<\/p>\n<p style=\"text-align: center;\"><img loading=\"lazy\" decoding=\"async\" class=\"alignnone size-full wp-image-1308\" src=\"http:\/\/gradadigital.com\/home\/wp-content\/uploads\/2013\/06\/philip_18032011.jpg\" alt=\"philip_18032011\" width=\"596\" height=\"346\" srcset=\"http:\/\/gradadigital.com\/home\/wp-content\/uploads\/2013\/06\/philip_18032011.jpg 596w, http:\/\/gradadigital.com\/home\/wp-content\/uploads\/2013\/06\/philip_18032011-300x174.jpg 300w\" sizes=\"auto, (max-width: 596px) 100vw, 596px\" \/><\/p>\n<p style=\"text-align: justify;\">A ra\u00edz de esto, se ha asegurado que ya habr\u00edan ocurrido reuniones fuera de Venezuela ante el inter\u00e9s de organizaciones por hacerse de los servicios de la Organizaci\u00f3n Cocodrilos, incluso unas de ella se habr\u00eda concretado en Rep\u00fablica Dominicana, indican rumores.<\/p>\n<p style=\"text-align: justify;\">Con todas estas incertidumbres, la palabra requerida es una voz oficial, y el Coordinador General del Club, el se\u00f1or Ricardo Padr\u00f3n, contest\u00f3 las interrogantes. <strong>\u201cNo conocemos de d\u00f3nde se originaron este tipo de rumores. Es completamente falso\u201d<\/strong>, indic\u00f3 tras la consulta de Grada Digital.<\/p>\n<p style=\"text-align: justify;\">Como explica Padr\u00f3n, <strong>\u201cla Organizaci\u00f3n Deportiva Cocodrilos sigue trabajando de la misma manera, apostando a su proyecto. Si bien es cierto que nuestro Presidente no se encuentra en el pa\u00eds, no es menos cierto que seguimos trabajando de la misma manera, luchando por lo que es el proyecto de la Organizaci\u00f3n Deportiva como tal, con el Caracas FC, as\u00ed como la organizaci\u00f3n del equipo de baloncesto (Cocodrilos de Caracas)\u201d<\/strong>.<\/p>\n<p style=\"text-align: justify;\">De todos los rumores, ninguna ser\u00eda cierta, incluso la idea de trabajar junto a socios estar\u00eda descartado. <strong>\u201cEsto pertenece a la familia, y a la Organizaci\u00f3n Consorcio Vargas, as\u00ed que sigue siendo de la misma manera, prepar\u00e1ndonos para cumplir ya 25 a\u00f1os, queriendo crecer, comprometidos con el deporte, con nuestro f\u00fatbol y la afici\u00f3n\u201d<\/strong>. Para el Coordinador del club, un ejemplo de que todo ha seguido bajo la misma ideolog\u00eda de trabajo es la construcci\u00f3n de nuevas canchas para las inferiores.<\/p>\n<p style=\"text-align: justify;\">De todas maneras, el Caracas si ha tenido que estructurar su metodolog\u00eda pensando en el futuro, sea por la situaci\u00f3n econ\u00f3mica del pa\u00eds u otros factores. <strong>\u201cEvidentemente Caracas no est\u00e1 para la realidad econ\u00f3mica del pa\u00eds, incluso no solo en el pa\u00eds sino Mundial. Ya nosotros lo estamos visualizando de alguna manera, y por eso apostamos a la cantera, convencidos de que estamos en el camino correcto\u201d<\/strong>. Entonces \u00bftodo sigue igual? <strong>\u201cCaracas sigue trabajando con m\u00e1s ganas, fuerza, creyendo en el proyecto, perteneciendo al Consorcio Vargas y la familia Valentiner\u201d<\/strong>, finaliz\u00f3.<\/p>\n","protected":false},"excerpt":{"rendered":"<p>Miguel Vallenilla &#8211; \u00bfPodr\u00eda estar el Caracas FC en nuevas manos? \u00bfEs posible que sean las \u00faltimas temporadas del Caracas FC bajo la orientaci\u00f3n de la familia Valentiner?. Estas preguntas se han venido escuchando en esos pasillos donde los rumores van y vienen. Algunos han apuntado a que el traspaso a una nueva organizaci\u00f3n ya &#8230;<\/p>\n","protected":false},"author":4,"featured_media":1308,"comment_status":"closed","ping_status":"closed","sticky":false,"template":"","format":"standard","meta":{"footnotes":""},"categories":[9,5,31],"tags":[1838,475,472,473,474,471,278],"class_list":["post-11274","post","type-post","status-publish","format-standard","has-post-thumbnail","hentry","category-caracas-fc","category-futbol-nacional","category-primera-division","tag-caracas-fc","tag-cisneros","tag-el-caracas","tag-institucional","tag-organizacion-cisneros","tag-philip-valentiner","tag-rojo"],"_links":{"self":[{"href":"http:\/\/gradadigital.com\/home\/wp-json\/wp\/v2\/posts\/11274","targetHints":{"allow":["GET"]}}],"collection":[{"href":"http:\/\/gradadigital.com\/home\/wp-json\/wp\/v2\/posts"}],"about":[{"href":"http:\/\/gradadigital.com\/home\/wp-json\/wp\/v2\/types\/post"}],"author":[{"embeddable":true,"href":"http:\/\/gradadigital.com\/home\/wp-json\/wp\/v2\/users\/4"}],"replies":[{"embeddable":true,"href":"http:\/\/gradadigital.com\/home\/wp-json\/wp\/v2\/comments?post=11274"}],"version-history":[{"count":1,"href":"http:\/\/gradadigital.com\/home\/wp-json\/wp\/v2\/posts\/11274\/revisions"}],"predecessor-version":[{"id":11276,"href":"http:\/\/gradadigital.com\/home\/wp-json\/wp\/v2\/posts\/11274\/revisions\/11276"}],"wp:featuredmedia":[{"embeddable":true,"href":"http:\/\/gradadigital.com\/home\/wp-json\/wp\/v2\/media\/1308"}],"wp:attachment":[{"href":"http:\/\/gradadigital.com\/home\/wp-json\/wp\/v2\/media?parent=11274"}],"wp:term":[{"taxonomy":"category","embeddable":true,"href":"http:\/\/gradadigital.com\/home\/wp-json\/wp\/v2\/categories?post=11274"},{"taxonomy":"post_tag","embeddable":true,"href":"http:\/\/gradadigital.com\/home\/wp-json\/wp\/v2\/tags?post=11274"}],"curies":[{"name":"wp","href":"https:\/\/api.w.org\/{rel}","templated":true}]}}