{"id":11249,"date":"2014-04-23T19:49:17","date_gmt":"2014-04-24T00:19:17","guid":{"rendered":"http:\/\/gradadigital.com\/home\/?p=11249"},"modified":"2014-04-23T19:49:17","modified_gmt":"2014-04-24T00:19:17","slug":"video-rey-sabemos-que-podemos-darnos-ese-gusto-de-tener-un-torneo-internacio%e2%80%8bnal","status":"publish","type":"post","link":"http:\/\/gradadigital.com\/home\/video-rey-sabemos-que-podemos-darnos-ese-gusto-de-tener-un-torneo-internacio%e2%80%8bnal\/","title":{"rendered":"+VIDEO | Rey: \u00abSabemos que podemos darnos ese gusto de tener un torneo internacio\u200bnal\u00bb"},"content":{"rendered":"<p dir=\"ltr\" style=\"text-align: center;\"><iframe loading=\"lazy\" width=\"682\" height=\"348\" src=\"http:\/\/www.youtube.com\/embed\/lvH_dFyHiXA?rel=0\" frameborder=\"0\" allowfullscreen><\/iframe>\n<p dir=\"ltr\" style=\"text-align: justify;\"><strong>Mariann Garc\u00eda,\u00a0 Barquisimeto.-<\/strong> El Deportivo Lara recibe el pr\u00f3ximo domingo 27 de abril,\u00a0 en el Metropolitano de Cabudare al Deportivo La Guaira, equipo que es dirigido por un viejo conocido de los larenses. Los dirigidos por Rafael Dudamel saben que en estas \u00faltimas jornadas deben sumar s\u00ed o s\u00ed para llegar de la mejor manera a la Pre-Sudamericana.<\/p>\n<p dir=\"ltr\" style=\"text-align: justify;\">Aunque saben muy bien quien en Lenin Bastidas,\u00a0 el defensor Jos\u00e9 Manuel Rey no se conf\u00eda,\u00a0 pues en su actual club hay jugadores distintos a los \u00abRojinegros\u00bb:<br \/>\n\u00abEl hecho de que sepamos c\u00f3mo trabaje no implica que el equipo que tiene juegue a lo mismo que hac\u00eda el Deportivo Lara con \u00e9l. No tiene los mismos hombres, las caracter\u00edsticas que ten\u00edan los del Deportivo a lo mejor no la tiene en La Guaira o mejor que ac\u00e1\u00bb, destac\u00f3.<\/p>\n<p dir=\"ltr\" style=\"text-align: justify;\">M\u00e1s all\u00e1 del regreso de Lenin como t\u00e9cnico de otro equipo,\u00a0 Rey sabe que el pr\u00f3ximo deber\u00e1n salir a dejarlo todo en la cancha e imponer su condici\u00f3n de local.\u00a0 \u00abEl partido es de ganarlo y jugar en casa con autoridad, de hacer las cosas bien como lo hicimos ante Zulia en el primer tiempo y que no ocurra el desastre del segundo\u00bb, destac\u00f3 el experimentado defensa,\u00a0 quien pas\u00f3 la p\u00e1gina del amargo empate con los zulianos y se enfoca en lo que viene.<\/p>\n<p dir=\"ltr\" style=\"text-align: justify;\">A falta de tres jornadas para bajar el tel\u00f3n del Torneo Clausura 2014, los crepusculares ya tienen sus cuentas y apuestan a sumar las nueve unidades que restan por disputar en el semestre,su objetivo ya est\u00e1 en conseguir un boleto internacional en la Pre &#8211; Sudamericana: \u00abLa experiencia sirve, son partidos que aparte de jugar contra el antiguo t\u00e9cnico que le tenemos cari\u00f1o,\u00a0 es saber que podemos tener la tranquilidad de entrar al octogonal porque estamos a seis puntos de Estudiantes. Ya nosotros tenemos nuestras cuenta y ya estamos viviendo lo que puede pasar y a qu\u00e9 equipo podemos enfrentar.\u00a0 Sabemos que podemos darnos ese gusto de tener un torneo internacional en el Apertura\u00bb.<\/p>\n","protected":false},"excerpt":{"rendered":"<p>Mariann Garc\u00eda,\u00a0 Barquisimeto.- El Deportivo Lara recibe el pr\u00f3ximo domingo 27 de abril,\u00a0 en el Metropolitano de Cabudare al Deportivo La Guaira, equipo que es dirigido por un viejo conocido de los larenses. Los dirigidos por Rafael Dudamel saben que en estas \u00faltimas jornadas deben sumar s\u00ed o s\u00ed para llegar de la mejor manera &#8230;<\/p>\n","protected":false},"author":4,"featured_media":6338,"comment_status":"closed","ping_status":"closed","sticky":false,"template":"","format":"standard","meta":{"footnotes":""},"categories":[8,5,31],"tags":[1837,62,213],"class_list":["post-11249","post","type-post","status-publish","format-standard","has-post-thumbnail","hentry","category-cd-lara","category-futbol-nacional","category-primera-division","tag-cd-lara","tag-deportivo-lara","tag-jose-manuel-rey"],"_links":{"self":[{"href":"http:\/\/gradadigital.com\/home\/wp-json\/wp\/v2\/posts\/11249","targetHints":{"allow":["GET"]}}],"collection":[{"href":"http:\/\/gradadigital.com\/home\/wp-json\/wp\/v2\/posts"}],"about":[{"href":"http:\/\/gradadigital.com\/home\/wp-json\/wp\/v2\/types\/post"}],"author":[{"embeddable":true,"href":"http:\/\/gradadigital.com\/home\/wp-json\/wp\/v2\/users\/4"}],"replies":[{"embeddable":true,"href":"http:\/\/gradadigital.com\/home\/wp-json\/wp\/v2\/comments?post=11249"}],"version-history":[{"count":2,"href":"http:\/\/gradadigital.com\/home\/wp-json\/wp\/v2\/posts\/11249\/revisions"}],"predecessor-version":[{"id":11251,"href":"http:\/\/gradadigital.com\/home\/wp-json\/wp\/v2\/posts\/11249\/revisions\/11251"}],"wp:featuredmedia":[{"embeddable":true,"href":"http:\/\/gradadigital.com\/home\/wp-json\/wp\/v2\/media\/6338"}],"wp:attachment":[{"href":"http:\/\/gradadigital.com\/home\/wp-json\/wp\/v2\/media?parent=11249"}],"wp:term":[{"taxonomy":"category","embeddable":true,"href":"http:\/\/gradadigital.com\/home\/wp-json\/wp\/v2\/categories?post=11249"},{"taxonomy":"post_tag","embeddable":true,"href":"http:\/\/gradadigital.com\/home\/wp-json\/wp\/v2\/tags?post=11249"}],"curies":[{"name":"wp","href":"https:\/\/api.w.org\/{rel}","templated":true}]}}