{"id":11220,"date":"2014-04-22T12:16:56","date_gmt":"2014-04-22T16:46:56","guid":{"rendered":"http:\/\/gradadigital.com\/home\/?p=11220"},"modified":"2014-04-22T12:16:56","modified_gmt":"2014-04-22T16:46:56","slug":"ricardo-david-paez-debemos-mantener-el-enfoque-presionar-hasta-el-ultimo-minuto","status":"publish","type":"post","link":"http:\/\/gradadigital.com\/home\/ricardo-david-paez-debemos-mantener-el-enfoque-presionar-hasta-el-ultimo-minuto\/","title":{"rendered":"Ricardo David P\u00e1ez: \u00abDebemos mantener el enfoque, presionar hasta el \u00faltimo minuto\u00bb"},"content":{"rendered":"<p style=\"text-align: center;\"><img loading=\"lazy\" decoding=\"async\" class=\"alignnone size-full wp-image-11221\" alt=\"ricardo_david_paez_mineros_22042014\" src=\"http:\/\/gradadigital.com\/home\/wp-content\/uploads\/2014\/04\/ricardo_david_paez_mineros_22042014.jpg\" width=\"596\" height=\"346\" srcset=\"http:\/\/gradadigital.com\/home\/wp-content\/uploads\/2014\/04\/ricardo_david_paez_mineros_22042014.jpg 596w, http:\/\/gradadigital.com\/home\/wp-content\/uploads\/2014\/04\/ricardo_david_paez_mineros_22042014-300x174.jpg 300w\" sizes=\"auto, (max-width: 596px) 100vw, 596px\" \/><\/p>\n<p style=\"text-align: justify;\"><strong>Prensa Mineros de Guayana,\u00a0Francisco Toch\u00f3n Rosales<\/strong> &#8211;\u00a0Luchar hasta el \u00faltimo minuto. Esa es la consigna del plantel de Mineros de Guayana para la recta\u00a0final del Torneo Clausura, que comienza este domingo cuando visitar\u00e1n el complicado c\u00e9sped del\u00a0estadio Br\u00edgido Iriarte para medirse al Atl\u00e9tico Venezuela.<\/p>\n<p style=\"text-align: justify;\">El volante Ricardo David P\u00e1ez afirm\u00f3 que solo tienen en mente conseguir los nueve puntos que\u00a0quedan en el campeonato. \u201cEstamos con la esperanza de que obteniendo estos tres partidos se\u00a0nos pueden dar los resultados, el equipo est\u00e1 enfocado en lograr esos posibles 37 puntos, hay que\u00a0ir paso a paso\u201d, dijo el \u201c10\u201d negriazul, tras el entrenamiento de este martes que se desarroll\u00f3 en la\u00a0cancha del Colegio Loyola.<\/p>\n<p style=\"text-align: justify;\">P\u00e1ez indic\u00f3 que en el f\u00fatbol nada est\u00e1 escrito, por lo que pelear\u00e1n hasta el \u00faltimo suspiro para\u00a0consagrarse campeones de este torneo. Actualmente los mineristas se encuentran en la tercera\u00a0casilla con 28 puntos, a cuatro de la cima ocupada por Zamora FC.<\/p>\n<p style=\"text-align: justify;\">\u201cSabemos que puede haber una final, pero nosotros queremos ganar estos partidos, presionar\u00a0hasta el \u00faltimo juego, porque en muchas ocasiones se ha visto que se revierten este tipo de\u00a0situaciones\u201d, acot\u00f3. \u201cNo hay que desesperarse, debemos mantener el enfoque, presionar hasta el\u00a0\u00faltimo minuto, porque en caso que se equivoquen estaremos ah\u00ed\u201d, sentenci\u00f3.<\/p>\n<p style=\"text-align: justify;\"><strong>Mantener el buen camino<\/strong><br \/>\nMineros retom\u00f3 los trabajos el lunes en la tarde en el CTE y sigui\u00f3 este martes de cara a un nuevo\u00a0partido como visitante, que ser\u00e1 en una cancha dif\u00edcil, pero P\u00e1ez record\u00f3 que en los \u00faltimos duelos\u00a0en la capital han logrado contrarrestar el estado del c\u00e9sped con el buen f\u00fatbol del grupo.<\/p>\n<p style=\"text-align: justify;\">\u201cSer\u00e1 un partido dif\u00edcil, el equipo va a dar todo para lograr esta victoria que nos mantenga cerca\u00a0de la cima\u201d, apunt\u00f3. \u201cSabemos que es una cancha dif\u00edcil pero en las \u00faltimas presentaciones en\u00a0Caracas no nos ha ido mal, el equipo ha sabido desenvolverse en esos terrenos, espero que\u00a0sigamos por esa senda en este partido que ser\u00e1 fundamental para seguir peleando, todos estamos\u00a0enfocados en ganar todo lo que queda\u201d, expres\u00f3.<\/p>\n<p style=\"text-align: justify;\">Por \u00faltimo el \u201c10\u201d negriazul destac\u00f3 que el equipo se encuentra en gran forma. \u201cEste equipo\u00a0ha asimilado una idea, categor\u00eda para jugar, hay que mostrar nuestra capacidad, ojal\u00e1 al final se\u00a0nos de el resultado, hay que estar por encima de todos los factores y ser contundentes\u201d, dijo.<\/p>\n<p style=\"text-align: justify;\">\u201cAl grupo lo veo bien, este fin de semana pasado ayud\u00f3 bastante para que nos enfoquemos y\u00a0enfrentar estos partidos con nuestros argumentos\u201d, cerr\u00f3.\u00a0En el entrenamiento destac\u00f3 la presencia del volante \u00c1ngel Chourio, quien realiz\u00f3 trabajos\u00a0diferenciados antes de seguir la terapia, en medio de la recuperaci\u00f3n de su lesi\u00f3n. Los dirigidos\u00a0por Richard P\u00e1ez Monz\u00f3n seguir\u00e1n sus trabajos este mi\u00e9rcoles a primera hora en la cancha del\u00a0Centro \u00cdtalo.<\/p>\n","protected":false},"excerpt":{"rendered":"<p>Prensa Mineros de Guayana,\u00a0Francisco Toch\u00f3n Rosales &#8211;\u00a0Luchar hasta el \u00faltimo minuto. Esa es la consigna del plantel de Mineros de Guayana para la recta\u00a0final del Torneo Clausura, que comienza este domingo cuando visitar\u00e1n el complicado c\u00e9sped del\u00a0estadio Br\u00edgido Iriarte para medirse al Atl\u00e9tico Venezuela. El volante Ricardo David P\u00e1ez afirm\u00f3 que solo tienen en mente &#8230;<\/p>\n","protected":false},"author":4,"featured_media":11221,"comment_status":"closed","ping_status":"closed","sticky":false,"template":"","format":"standard","meta":{"footnotes":""},"categories":[5,15,31],"tags":[1843,453],"class_list":["post-11220","post","type-post","status-publish","format-standard","has-post-thumbnail","hentry","category-futbol-nacional","category-mineros-de-guayana","category-primera-division","tag-mineros-de-guayana","tag-ricardo-david-paez"],"_links":{"self":[{"href":"http:\/\/gradadigital.com\/home\/wp-json\/wp\/v2\/posts\/11220","targetHints":{"allow":["GET"]}}],"collection":[{"href":"http:\/\/gradadigital.com\/home\/wp-json\/wp\/v2\/posts"}],"about":[{"href":"http:\/\/gradadigital.com\/home\/wp-json\/wp\/v2\/types\/post"}],"author":[{"embeddable":true,"href":"http:\/\/gradadigital.com\/home\/wp-json\/wp\/v2\/users\/4"}],"replies":[{"embeddable":true,"href":"http:\/\/gradadigital.com\/home\/wp-json\/wp\/v2\/comments?post=11220"}],"version-history":[{"count":2,"href":"http:\/\/gradadigital.com\/home\/wp-json\/wp\/v2\/posts\/11220\/revisions"}],"predecessor-version":[{"id":11223,"href":"http:\/\/gradadigital.com\/home\/wp-json\/wp\/v2\/posts\/11220\/revisions\/11223"}],"wp:featuredmedia":[{"embeddable":true,"href":"http:\/\/gradadigital.com\/home\/wp-json\/wp\/v2\/media\/11221"}],"wp:attachment":[{"href":"http:\/\/gradadigital.com\/home\/wp-json\/wp\/v2\/media?parent=11220"}],"wp:term":[{"taxonomy":"category","embeddable":true,"href":"http:\/\/gradadigital.com\/home\/wp-json\/wp\/v2\/categories?post=11220"},{"taxonomy":"post_tag","embeddable":true,"href":"http:\/\/gradadigital.com\/home\/wp-json\/wp\/v2\/tags?post=11220"}],"curies":[{"name":"wp","href":"https:\/\/api.w.org\/{rel}","templated":true}]}}