{"id":11178,"date":"2014-04-19T15:17:25","date_gmt":"2014-04-19T19:47:25","guid":{"rendered":"http:\/\/gradadigital.com\/home\/?p=11178"},"modified":"2014-05-07T02:17:10","modified_gmt":"2014-05-07T06:47:10","slug":"arbitros-sudamericanos-con-el-sello-mundial-de-brasil-2014","status":"publish","type":"post","link":"http:\/\/gradadigital.com\/home\/arbitros-sudamericanos-con-el-sello-mundial-de-brasil-2014\/","title":{"rendered":"\u00c1rbitros sudamericanos con el sello mundial de Brasil 2014"},"content":{"rendered":"<p style=\"text-align: center;\"><img loading=\"lazy\" decoding=\"async\" class=\"alignnone size-full wp-image-11179\" alt=\"wilmer_roldan_arbitro_mundial_19042014\" src=\"http:\/\/gradadigital.com\/home\/wp-content\/uploads\/2014\/04\/wilmer_roldan_arbitro_mundial_19042014.jpg\" width=\"596\" height=\"346\" srcset=\"http:\/\/gradadigital.com\/home\/wp-content\/uploads\/2014\/04\/wilmer_roldan_arbitro_mundial_19042014.jpg 596w, http:\/\/gradadigital.com\/home\/wp-content\/uploads\/2014\/04\/wilmer_roldan_arbitro_mundial_19042014-300x174.jpg 300w\" sizes=\"auto, (max-width: 596px) 100vw, 596px\" \/><\/p>\n<p style=\"text-align: justify;\"><strong>Prensa CONMEBOL &#8211;<\/strong> La CONMEBOL, tendr\u00e1 seis \u00e1rbitros principales en la Copa del Mundo Brasil 2014 de la FIFA. Tienen una trayectoria notable, con el barniz, de los torneos locales y los organizados por la Confederaci\u00f3n, Sudam\u00e9rica\u00a0no s\u00f3lo aporta futbolistas y t\u00e9cnicos, tambi\u00e9n la riqueza t\u00e9cnica y capacidad de sus \u00e1rbitros, reflejo de la alta competitividad profesional.<\/p>\n<p style=\"text-align: justify;\">El Mundial de Brasil tendr\u00e1 a Carlos A. Vera de Ecuador, V\u00edctor Carrillo de Per\u00fa, Enrique Osses de Chile, N\u00e9stor Fiaban Pitana de Argentina, Sandro Ricci de Brasil \u00a0y Wilmar Rold\u00e1n de Colombia. En la foto principal aparecen los mismos y la CSF tiene la certeza que honrar\u00e1n la tradici\u00f3n innata del continente.<\/p>\n<p style=\"text-align: justify;\">Adem\u00e1s de los mencionados fueron convocados 11 asistentes para el evento cada vez m\u00e1s cercano, ellos son:<\/p>\n<p style=\"text-align: justify;\">\u00a0&#8211; Rodney Aquino (Paraguay)<br \/>\n&#8211; Carlos Astroza (Chile)<br \/>\n&#8211; Juan Pablo Belatti (Argentina)<br \/>\n&#8211; Emerson De Carvalho (Brasil)<br \/>\n&#8211; Humberto Clavijo (Colombia)<br \/>\n&#8211; Eduardo D\u00edaz (Colombia)<br \/>\n&#8211; Christian Lescano (Ecuador)<br \/>\n&#8211; Hern\u00e1n Maidana (Argentina)<br \/>\n&#8211; Sergio Roman (Chile)<br \/>\n&#8211; Byron Romero (Ecuador)<br \/>\n&#8211; Marcelo Van Gasse (Brasil)<\/p>\n","protected":false},"excerpt":{"rendered":"<p>Prensa CONMEBOL &#8211; La CONMEBOL, tendr\u00e1 seis \u00e1rbitros principales en la Copa del Mundo Brasil 2014 de la FIFA. Tienen una trayectoria notable, con el barniz, de los torneos locales y los organizados por la Confederaci\u00f3n, Sudam\u00e9rica\u00a0no s\u00f3lo aporta futbolistas y t\u00e9cnicos, tambi\u00e9n la riqueza t\u00e9cnica y capacidad de sus \u00e1rbitros, reflejo de la alta &#8230;<\/p>\n","protected":false},"author":4,"featured_media":11179,"comment_status":"closed","ping_status":"closed","sticky":false,"template":"","format":"standard","meta":{"footnotes":""},"categories":[445,36],"tags":[434,226,436,437,438,435,433],"class_list":["post-11178","post","type-post","status-publish","format-standard","has-post-thumbnail","hentry","category-brasil-2014","category-internacional","tag-carlos-a-vera-de-ecuador","tag-conmebol","tag-enrique-osses-de-chile","tag-nestor-fiaban-pitana-de-argentina","tag-sandro-ricci-de-brasil","tag-victor-carrillo-de-peru","tag-wiler-roldan"],"_links":{"self":[{"href":"http:\/\/gradadigital.com\/home\/wp-json\/wp\/v2\/posts\/11178","targetHints":{"allow":["GET"]}}],"collection":[{"href":"http:\/\/gradadigital.com\/home\/wp-json\/wp\/v2\/posts"}],"about":[{"href":"http:\/\/gradadigital.com\/home\/wp-json\/wp\/v2\/types\/post"}],"author":[{"embeddable":true,"href":"http:\/\/gradadigital.com\/home\/wp-json\/wp\/v2\/users\/4"}],"replies":[{"embeddable":true,"href":"http:\/\/gradadigital.com\/home\/wp-json\/wp\/v2\/comments?post=11178"}],"version-history":[{"count":2,"href":"http:\/\/gradadigital.com\/home\/wp-json\/wp\/v2\/posts\/11178\/revisions"}],"predecessor-version":[{"id":11181,"href":"http:\/\/gradadigital.com\/home\/wp-json\/wp\/v2\/posts\/11178\/revisions\/11181"}],"wp:featuredmedia":[{"embeddable":true,"href":"http:\/\/gradadigital.com\/home\/wp-json\/wp\/v2\/media\/11179"}],"wp:attachment":[{"href":"http:\/\/gradadigital.com\/home\/wp-json\/wp\/v2\/media?parent=11178"}],"wp:term":[{"taxonomy":"category","embeddable":true,"href":"http:\/\/gradadigital.com\/home\/wp-json\/wp\/v2\/categories?post=11178"},{"taxonomy":"post_tag","embeddable":true,"href":"http:\/\/gradadigital.com\/home\/wp-json\/wp\/v2\/tags?post=11178"}],"curies":[{"name":"wp","href":"https:\/\/api.w.org\/{rel}","templated":true}]}}