{"id":11097,"date":"2014-04-14T10:59:19","date_gmt":"2014-04-14T15:29:19","guid":{"rendered":"http:\/\/gradadigital.com\/home\/?p=11097"},"modified":"2014-04-14T10:59:19","modified_gmt":"2014-04-14T15:29:19","slug":"paez-esto-se-define-en-esta-recta-final","status":"publish","type":"post","link":"http:\/\/gradadigital.com\/home\/paez-esto-se-define-en-esta-recta-final\/","title":{"rendered":"P\u00e1ez: \u00abEsto se define en esta recta final\u00bb"},"content":{"rendered":"<p style=\"text-align: center;\"><img loading=\"lazy\" decoding=\"async\" class=\"alignnone size-full wp-image-11098\" alt=\"richard_paez_mineros_elvigia_13042014\" src=\"http:\/\/gradadigital.com\/home\/wp-content\/uploads\/2014\/04\/richard_paez_mineros_elvigia_13042014.jpg\" width=\"596\" height=\"346\" srcset=\"http:\/\/gradadigital.com\/home\/wp-content\/uploads\/2014\/04\/richard_paez_mineros_elvigia_13042014.jpg 596w, http:\/\/gradadigital.com\/home\/wp-content\/uploads\/2014\/04\/richard_paez_mineros_elvigia_13042014-300x174.jpg 300w\" sizes=\"auto, (max-width: 596px) 100vw, 596px\" \/><\/p>\n<p style=\"text-align: justify;\"><strong>Prensa Mineros de Guayana,\u00a0Francisco Toch\u00f3n Rosales &#8211;\u00a0<\/strong>\u201cEl grupo dio muestras de que seguir\u00e1 peleando hasta el \u00faltimo momento la opci\u00f3n de quedar\u00a0campe\u00f3n de este torneo\u201d. As\u00ed de claro se mostr\u00f3 el t\u00e9cnico Richard P\u00e1ez Monz\u00f3n, tras la\u00a0contundente victoria de Mineros de Guayana 4-1 frente al Atl\u00e9tico El Vig\u00eda, en un duelo\u00a0correspondiente a la jornada 14 del Torneo Clausura.<\/p>\n<p style=\"text-align: justify;\">Los negriazules sumaron su s\u00e9ptimo partido al hilo sin perder en el semestre y dejaron su arco\u00a0en cero por decimoquinta vez en la campa\u00f1a. Adem\u00e1s, Mineros volvi\u00f3 a mostrar ante los andinos\u00a0su contundencia en casa, para conseguir un nuevo triunfo que le permite llegar a 28 puntos y\u00a0ubicarse a uno de la cima de la tabla.<\/p>\n<p style=\"text-align: justify;\">P\u00e1ez resalt\u00f3 el buen partido de un equipo negriazul, que se qued\u00f3 con los tres puntos guiados por\u00a0un doblete de Zamir Valoyes y acompa\u00f1ados por los goles de Ricardo P\u00e1ez -con un gran tiro libre-\u00a0y de Orlando Cordero.<\/p>\n<p style=\"text-align: justify;\">\u201cCuando a este equipo lo registran para partido de obligaci\u00f3n, responde, en esta ocasi\u00f3n se volvi\u00f3\u00a0a colocar en esa postura\u201d, dijo. \u201cEste fue un partido que dominamos de principio a fin, pero que\u00a0sab\u00edamos que deb\u00edamos consolidar con resultado\u201d, acot\u00f3.<\/p>\n<p style=\"text-align: justify;\">Igualmente el entrenador se mostr\u00f3 satisfecho por la contundencia del plantel. \u201cLos jugadores\u00a0mostraron el car\u00e1cter y la contundencia, a pesar de que seguimos en esa tarea de mejorar esa\u00a0actitud, pero estamos en la pelea, ahora toca esperar los otros resultados\u201d, apunt\u00f3.<\/p>\n<p style=\"text-align: justify;\"><strong>Esfuerzo negriazul<\/strong><br \/>\nP\u00e1ez afirm\u00f3 que al grupo le cost\u00f3 el primer tiempo, ya que no tuvieron profundidad, pero destac\u00f3\u00a0que los jugadores lo siguieron intentando con mucho esfuerzo, hasta conseguir un buen triunfo\u00a0ante la afici\u00f3n. \u201cPara este partido tuvimos que realizar varios cambios con jugadores que no\u00a0ven\u00edan con el ritmo competitivo, pero poco a poco lo fueron logrando, nos faltaba verticalidad y\u00a0profundidad en el primer tiempo, pero destac\u00f3 el empe\u00f1o que pusieron\u201d, expres\u00f3.<\/p>\n<p style=\"text-align: justify;\">\u201cLos muchachos no se quedaron con las dificultades del primer tiempo, el equipo sigui\u00f3\u00a0trabajando en lo queremos, y llegaron esos goles para darle tranquilidad al resultado\u201d, dijo.<\/p>\n<p style=\"text-align: justify;\">\u201cAdem\u00e1s en el segundo tiempo el rival acus\u00f3 el desgaste, defenderse noventa minutos no es f\u00e1cil\u00a0ante un equipo como Mineros\u201d, sentenci\u00f3.<\/p>\n<p style=\"text-align: justify;\">Por \u00faltimo el entrenador negriazul afirm\u00f3 que el equipo seguir\u00e1 peleando con todo en la etapa\u00a0final del torneo. \u201cEsto se define en esta recta final, todo se encuentra muy cerrado en la parte alta,\u00a0nosotros seguiremos con nuestra mentalidad ganadora\u201d, cerr\u00f3.<\/p>\n","protected":false},"excerpt":{"rendered":"<p>Prensa Mineros de Guayana,\u00a0Francisco Toch\u00f3n Rosales &#8211;\u00a0\u201cEl grupo dio muestras de que seguir\u00e1 peleando hasta el \u00faltimo momento la opci\u00f3n de quedar\u00a0campe\u00f3n de este torneo\u201d. As\u00ed de claro se mostr\u00f3 el t\u00e9cnico Richard P\u00e1ez Monz\u00f3n, tras la\u00a0contundente victoria de Mineros de Guayana 4-1 frente al Atl\u00e9tico El Vig\u00eda, en un duelo\u00a0correspondiente a la jornada 14 &#8230;<\/p>\n","protected":false},"author":4,"featured_media":11098,"comment_status":"closed","ping_status":"closed","sticky":false,"template":"","format":"standard","meta":{"footnotes":""},"categories":[5,15,31],"tags":[1843,217],"class_list":["post-11097","post","type-post","status-publish","format-standard","has-post-thumbnail","hentry","category-futbol-nacional","category-mineros-de-guayana","category-primera-division","tag-mineros-de-guayana","tag-richard-paez"],"_links":{"self":[{"href":"http:\/\/gradadigital.com\/home\/wp-json\/wp\/v2\/posts\/11097","targetHints":{"allow":["GET"]}}],"collection":[{"href":"http:\/\/gradadigital.com\/home\/wp-json\/wp\/v2\/posts"}],"about":[{"href":"http:\/\/gradadigital.com\/home\/wp-json\/wp\/v2\/types\/post"}],"author":[{"embeddable":true,"href":"http:\/\/gradadigital.com\/home\/wp-json\/wp\/v2\/users\/4"}],"replies":[{"embeddable":true,"href":"http:\/\/gradadigital.com\/home\/wp-json\/wp\/v2\/comments?post=11097"}],"version-history":[{"count":2,"href":"http:\/\/gradadigital.com\/home\/wp-json\/wp\/v2\/posts\/11097\/revisions"}],"predecessor-version":[{"id":11100,"href":"http:\/\/gradadigital.com\/home\/wp-json\/wp\/v2\/posts\/11097\/revisions\/11100"}],"wp:featuredmedia":[{"embeddable":true,"href":"http:\/\/gradadigital.com\/home\/wp-json\/wp\/v2\/media\/11098"}],"wp:attachment":[{"href":"http:\/\/gradadigital.com\/home\/wp-json\/wp\/v2\/media?parent=11097"}],"wp:term":[{"taxonomy":"category","embeddable":true,"href":"http:\/\/gradadigital.com\/home\/wp-json\/wp\/v2\/categories?post=11097"},{"taxonomy":"post_tag","embeddable":true,"href":"http:\/\/gradadigital.com\/home\/wp-json\/wp\/v2\/tags?post=11097"}],"curies":[{"name":"wp","href":"https:\/\/api.w.org\/{rel}","templated":true}]}}