{"id":10977,"date":"2014-04-09T03:24:45","date_gmt":"2014-04-09T07:54:45","guid":{"rendered":"http:\/\/gradadigital.com\/home\/?p=10977"},"modified":"2014-04-09T03:28:13","modified_gmt":"2014-04-09T07:58:13","slug":"video-vinotintas-presidieron-la-asamblea-nacional","status":"publish","type":"post","link":"http:\/\/gradadigital.com\/home\/video-vinotintas-presidieron-la-asamblea-nacional\/","title":{"rendered":"+VIDEO | Vinotintas \u00abpresidieron\u00bb la Asamblea Nacional"},"content":{"rendered":"<p style=\"text-align: center;\"><iframe loading=\"lazy\" width=\"682\" height=\"348\" src=\"http:\/\/www.youtube.com\/embed\/doIuV32FICc?rel=0\" frameborder=\"0\" allowfullscreen><\/iframe>\n<p style=\"text-align: justify;\"><strong>GradaDigital.com &#8211;<\/strong> Las integrantes de la seleccion femenina venezolana de f\u00fatbol Sub 17, Michelle Romero y B\u00e1rbara Serrano, \u00abpresidieron\u00bb la Asamblea Nacional <a href=\"http:\/\/gradadigital.com\/home\/fotosvideo-an-entrego-reconocimiento-a-la-vinotinto-femenina-s-17\/\" target=\"_blank\">donde fueron homenajeadas por el cuarto puesto logrado en la Copa Mundial de Costa Rica 2014<\/a>.<\/p>\n<p style=\"text-align: center;\"><a href=\"http:\/\/gradadigital.com\/home\/wp-content\/uploads\/2014\/04\/michelle_romero_barbara_serrano_asamblea_nacional_venezuela_mundial_sub17_08042014.jpg\"><img loading=\"lazy\" decoding=\"async\" class=\"alignnone size-full wp-image-10978\" alt=\"michelle_romero_barbara_serrano_asamblea_nacional_venezuela_mundial_sub17_08042014\" src=\"http:\/\/gradadigital.com\/home\/wp-content\/uploads\/2014\/04\/michelle_romero_barbara_serrano_asamblea_nacional_venezuela_mundial_sub17_08042014.jpg\" width=\"596\" height=\"346\" srcset=\"http:\/\/gradadigital.com\/home\/wp-content\/uploads\/2014\/04\/michelle_romero_barbara_serrano_asamblea_nacional_venezuela_mundial_sub17_08042014.jpg 596w, http:\/\/gradadigital.com\/home\/wp-content\/uploads\/2014\/04\/michelle_romero_barbara_serrano_asamblea_nacional_venezuela_mundial_sub17_08042014-300x174.jpg 300w\" sizes=\"auto, (max-width: 596px) 100vw, 596px\" \/><\/a><\/p>\n<p style=\"text-align: justify;\">Michelle Romero aprovech\u00f3 la oportunidad para extender saludos a su familia en Maracaibo, mientras que B\u00e1rbara Serrano entre risas dec\u00eda \u00abestamos pasando pena, vamonos\u00bb.<\/p>\n<p style=\"text-align: justify;\">Posteriormente,\u00a0Diosdado Cabello Rond\u00f3n, Presidente del parlamento, felicit\u00f3 al plantel dirigido por Zseremeta. \u201cEstas muchachas nunca dieron por perdido un bal\u00f3n. Cualquier homenaje que le hagamos quedar\u00e1 peque\u00f1o muchachas\u00bb.<\/p>\n<p style=\"text-align: right;\"><strong>Video cortes\u00eda:<\/strong><br \/>\nDiario Panorama \/ AN<\/p>\n","protected":false},"excerpt":{"rendered":"<p>GradaDigital.com &#8211; Las integrantes de la seleccion femenina venezolana de f\u00fatbol Sub 17, Michelle Romero y B\u00e1rbara Serrano, \u00abpresidieron\u00bb la Asamblea Nacional donde fueron homenajeadas por el cuarto puesto logrado en la Copa Mundial de Costa Rica 2014. Michelle Romero aprovech\u00f3 la oportunidad para extender saludos a su familia en Maracaibo, mientras que B\u00e1rbara Serrano &#8230;<\/p>\n","protected":false},"author":4,"featured_media":10978,"comment_status":"closed","ping_status":"closed","sticky":false,"template":"","format":"standard","meta":{"footnotes":""},"categories":[27,41,26,3],"tags":[371,315,317,327],"class_list":["post-10977","post","type-post","status-publish","format-standard","has-post-thumbnail","hentry","category-video","category-futbol-femenino","category-seleccion-femenina","category-seleccion-nacional","tag-asamblea-nacional","tag-barbara-serrano","tag-michelle-romero","tag-vinotintas"],"_links":{"self":[{"href":"http:\/\/gradadigital.com\/home\/wp-json\/wp\/v2\/posts\/10977","targetHints":{"allow":["GET"]}}],"collection":[{"href":"http:\/\/gradadigital.com\/home\/wp-json\/wp\/v2\/posts"}],"about":[{"href":"http:\/\/gradadigital.com\/home\/wp-json\/wp\/v2\/types\/post"}],"author":[{"embeddable":true,"href":"http:\/\/gradadigital.com\/home\/wp-json\/wp\/v2\/users\/4"}],"replies":[{"embeddable":true,"href":"http:\/\/gradadigital.com\/home\/wp-json\/wp\/v2\/comments?post=10977"}],"version-history":[{"count":3,"href":"http:\/\/gradadigital.com\/home\/wp-json\/wp\/v2\/posts\/10977\/revisions"}],"predecessor-version":[{"id":10980,"href":"http:\/\/gradadigital.com\/home\/wp-json\/wp\/v2\/posts\/10977\/revisions\/10980"}],"wp:featuredmedia":[{"embeddable":true,"href":"http:\/\/gradadigital.com\/home\/wp-json\/wp\/v2\/media\/10978"}],"wp:attachment":[{"href":"http:\/\/gradadigital.com\/home\/wp-json\/wp\/v2\/media?parent=10977"}],"wp:term":[{"taxonomy":"category","embeddable":true,"href":"http:\/\/gradadigital.com\/home\/wp-json\/wp\/v2\/categories?post=10977"},{"taxonomy":"post_tag","embeddable":true,"href":"http:\/\/gradadigital.com\/home\/wp-json\/wp\/v2\/tags?post=10977"}],"curies":[{"name":"wp","href":"https:\/\/api.w.org\/{rel}","templated":true}]}}