{"id":10940,"date":"2014-04-08T04:21:38","date_gmt":"2014-04-08T08:51:38","guid":{"rendered":"http:\/\/gradadigital.com\/home\/?p=10940"},"modified":"2014-04-08T04:37:39","modified_gmt":"2014-04-08T09:07:39","slug":"video-zamora-llega-a-belo-horizonte-y-entrena-este-martes-en-toca-da-raposa-ii","status":"publish","type":"post","link":"http:\/\/gradadigital.com\/home\/video-zamora-llega-a-belo-horizonte-y-entrena-este-martes-en-toca-da-raposa-ii\/","title":{"rendered":"+VIDEO | Zamora llega a Belo Horizonte y entrena este martes en Toca da Raposa II"},"content":{"rendered":"<p style=\"text-align: center;\"><iframe loading=\"lazy\" width=\"682\" height=\"348\" src=\"http:\/\/www.youtube.com\/embed\/P8DyX5UMLe0?rel=0\" frameborder=\"0\" allowfullscreen><\/iframe>\n<p style=\"text-align: justify;\"><strong>Eduardo \u00abCucho\u00bb Contreras. &#8211;<\/strong> El Zamora F\u00fatbol Club aterriz\u00f3 este lunes en el Aeropuerto Internacional de Confins, en la Regi\u00f3n Metropolitana de Belo Horizonte, a las 8:45 pm (7:15 pm en Venezuela) para enfrentar el pr\u00f3ximo jueves, 10 de abril, a las\u00a04:00 pm, al Atl\u00e9tico Mineiro por la Jornada 6 del Grupo 4 de la Copa Libertadores de Am\u00e9rica 2014. Despu\u00e9s de m\u00e1s de diez horas de viaje, la delegaci\u00f3n venezolana lleg\u00f3 cansada y no quiso dar entrevistas a la prensa brasile\u00f1a.<\/p>\n<p style=\"text-align: center;\"><img decoding=\"async\" alt=\"http:\/\/gradadigital.com\/home\/wp-content\/uploads\/2014\/04\/zamora_aterrizaje_belo_horizonte_brasil_07042014.jpg\" src=\"http:\/\/gradadigital.com\/home\/wp-content\/uploads\/2014\/04\/zamora_aterrizaje_belo_horizonte_brasil_07042014.jpg\" \/><\/p>\n<p style=\"text-align: justify;\">La Furia Llanera, quien viaj\u00f3 con un total de 20 jugadores, entrenar\u00e1 este martes en Toca da Raposa II a las 9:00 am y a las 4:00 pm. El mi\u00e9rcoles, un d\u00eda antes del partido, el equipo venezolano trabajar\u00e1 en la ma\u00f1ana a las 9:00 am, nuevamente en el centro de entrenamiento de Cruzeiro, y luego, a las 5:30 pm, har\u00e1 el reconocimiento del Estadio Independ\u00eancia, escenario del partido del jueves.<\/p>\n<p style=\"text-align: justify;\">El conjunto dirigido por Noel \u00abChita\u00bb Sanvicente necesita una victoria frente al equipo Galo para clasificar a los octavos de final de la competici\u00f3n de clubes m\u00e1s importante del continente. Un empate entre el Club Nacional (PAR) y Santa Fe (COL), que juegan en el mismo horario en territorio paraguayo, clasificar\u00eda al Zamora sin importar el resultado que obtenga en Brasil, ya que ambos sumar\u00edan 6 unidades y el equipo barin\u00e9s\u00a0acumula 7.<\/p>\n<p style=\"text-align: center;\"><strong>Copa Libertadores 2014 | Grupo 4<\/strong><\/p>\n<table id=\"page_competition_1_block_competition_tables_group_12_block_competition_league_table_1_table\" data-round_id=\"23725\" data-group_id=\"6681\">\n<tbody>\n<tr id=\"team_rank_row_317\" data-team_id=\"317\">\n<td><\/td>\n<td style=\"text-align: left;\">\u00a0<strong>EQUIPO<\/strong><\/td>\n<td style=\"text-align: center;\" data-column=\"mp\" data-popup=\"competition_league_table_popup\"><strong>PJ<\/strong><\/td>\n<td style=\"text-align: center;\" data-column=\"total_won\" data-popup=\"competition_league_table_popup\"><strong>PG<\/strong><\/td>\n<td style=\"text-align: center;\" data-column=\"total_drawn\" data-popup=\"competition_league_table_popup\"><strong>PE<\/strong><\/td>\n<td style=\"text-align: center;\"><strong>PP<\/strong><\/td>\n<td style=\"text-align: center;\" data-column=\"total_gf\" data-popup=\"competition_league_table_popup\"><strong>GF<\/strong><\/td>\n<td style=\"text-align: center;\" data-column=\"total_ga\" data-popup=\"competition_league_table_popup\"><strong>GC<\/strong><\/td>\n<td style=\"text-align: center;\"><strong>DG<\/strong><\/td>\n<td style=\"text-align: center;\" data-column=\"points\" data-popup=\"competition_league_table_popup\"><strong>PTS<\/strong><\/td>\n<\/tr>\n<tr id=\"team_rank_row_7017\" data-team_id=\"7017\">\n<td><span style=\"color: #0000ff;\"><strong>1<\/strong><\/span><br \/>\n<span style=\"color: #0000ff;\"><strong>2<\/strong><\/span><br \/>\n<strong><span style=\"color: #ff0000;\">3<\/span><\/strong><br \/>\n<strong><span style=\"color: #ff0000;\">4<\/span><\/strong><\/td>\n<td>Atl\u00e9tico Mineiro<br \/>\n<strong>ZAMORA<\/strong><br \/>\nSanta Fe<br \/>\nClub Nacional<\/td>\n<td style=\"text-align: center;\" data-column=\"mp\" data-popup=\"competition_league_table_popup\">5<br \/>\n<strong>5<\/strong><br \/>\n5<br \/>\n5<\/td>\n<td style=\"text-align: center;\" data-column=\"total_won\" data-popup=\"competition_league_table_popup\">2<br \/>\n<strong>2<\/strong><br \/>\n1<br \/>\n1<\/td>\n<td style=\"text-align: center;\" data-column=\"total_drawn\" data-popup=\"competition_league_table_popup\">3<br \/>\n<strong>1<\/strong><br \/>\n2<br \/>\n2<\/td>\n<td style=\"text-align: center;\" data-column=\"total_lost\" data-popup=\"competition_league_table_popup\">0<br \/>\n<strong>2<\/strong><br \/>\n2<br \/>\n2<\/td>\n<td style=\"text-align: center;\" data-column=\"total_gf\" data-popup=\"competition_league_table_popup\">7<br \/>\n<strong>6<\/strong><br \/>\n8<br \/>\n5<\/td>\n<td style=\"text-align: center;\" data-column=\"total_ga\" data-popup=\"competition_league_table_popup\">5<br \/>\n<strong>5<\/strong><br \/>\n8<br \/>\n8<\/td>\n<td style=\"text-align: center;\">+2<br \/>\n<strong>+1<\/strong><br \/>\n+0<br \/>\n-3<\/td>\n<td style=\"text-align: center;\" data-column=\"points\" data-popup=\"competition_league_table_popup\"><strong>9<\/strong><br \/>\n<strong>7<\/strong><br \/>\n<strong>5<\/strong><br \/>\n<strong>5<\/strong><\/td>\n<\/tr>\n<\/tbody>\n<\/table>\n<p><em><strong><span style=\"color: #0000ff;\">\u2022<\/span><\/strong> Equipos clasificados\u00a0a los octavos de final de la Copa Libertadores de Am\u00e9rica 2014<\/em><br \/>\n<em><span style=\"color: #ff0000;\"><strong>\u2022<\/strong><\/span> Equipos eliminados de la Copa Libertadores de Am\u00e9rica 2014<\/em><\/p>\n","protected":false},"excerpt":{"rendered":"<p>Eduardo \u00abCucho\u00bb Contreras. &#8211; El Zamora F\u00fatbol Club aterriz\u00f3 este lunes en el Aeropuerto Internacional de Confins, en la Regi\u00f3n Metropolitana de Belo Horizonte, a las 8:45 pm (7:15 pm en Venezuela) para enfrentar el pr\u00f3ximo jueves, 10 de abril, a las\u00a04:00 pm, al Atl\u00e9tico Mineiro por la Jornada 6 del Grupo 4 de la &#8230;<\/p>\n","protected":false},"author":3,"featured_media":10939,"comment_status":"closed","ping_status":"closed","sticky":false,"template":"","format":"standard","meta":{"footnotes":""},"categories":[27,37,36,21],"tags":[341,69,353,348,233,1854,356,357,355,225,342,208,118,358,359,354,51,221,220],"class_list":["post-10940","post","type-post","status-publish","format-standard","has-post-thumbnail","hentry","category-video","category-copa-libertadores","category-internacional","category-zamora-fc","tag-atletico-mineiro","tag-barinas","tag-belo-horizonte","tag-brasil","tag-chita","tag-copa-libertadores","tag-estadio-independencia","tag-grupo-4","tag-la-furia-llanera","tag-libertadores","tag-mineiro","tag-nacional","tag-noel-sanvicente","tag-octavos-de-final","tag-santa-fe","tag-toca-da-raposa-ii","tag-venezuela","tag-zamora","tag-zamora-futbol-club"],"_links":{"self":[{"href":"http:\/\/gradadigital.com\/home\/wp-json\/wp\/v2\/posts\/10940","targetHints":{"allow":["GET"]}}],"collection":[{"href":"http:\/\/gradadigital.com\/home\/wp-json\/wp\/v2\/posts"}],"about":[{"href":"http:\/\/gradadigital.com\/home\/wp-json\/wp\/v2\/types\/post"}],"author":[{"embeddable":true,"href":"http:\/\/gradadigital.com\/home\/wp-json\/wp\/v2\/users\/3"}],"replies":[{"embeddable":true,"href":"http:\/\/gradadigital.com\/home\/wp-json\/wp\/v2\/comments?post=10940"}],"version-history":[{"count":6,"href":"http:\/\/gradadigital.com\/home\/wp-json\/wp\/v2\/posts\/10940\/revisions"}],"predecessor-version":[{"id":10947,"href":"http:\/\/gradadigital.com\/home\/wp-json\/wp\/v2\/posts\/10940\/revisions\/10947"}],"wp:featuredmedia":[{"embeddable":true,"href":"http:\/\/gradadigital.com\/home\/wp-json\/wp\/v2\/media\/10939"}],"wp:attachment":[{"href":"http:\/\/gradadigital.com\/home\/wp-json\/wp\/v2\/media?parent=10940"}],"wp:term":[{"taxonomy":"category","embeddable":true,"href":"http:\/\/gradadigital.com\/home\/wp-json\/wp\/v2\/categories?post=10940"},{"taxonomy":"post_tag","embeddable":true,"href":"http:\/\/gradadigital.com\/home\/wp-json\/wp\/v2\/tags?post=10940"}],"curies":[{"name":"wp","href":"https:\/\/api.w.org\/{rel}","templated":true}]}}