{"id":1083,"date":"2013-06-04T19:42:38","date_gmt":"2013-06-05T00:12:38","guid":{"rendered":"http:\/\/gradadigital.com\/home\/?p=1083"},"modified":"2013-06-05T11:51:37","modified_gmt":"2013-06-05T16:21:37","slug":"1083","status":"publish","type":"post","link":"http:\/\/gradadigital.com\/home\/1083\/","title":{"rendered":"Continu\u00f3 el trabajo imperturbable de la Vinotinto en La Paz"},"content":{"rendered":"<p><img loading=\"lazy\" decoding=\"async\" class=\"aligncenter\" alt=\"\" src=\"http:\/\/gradadigital.com\/home\/wp-content\/uploads\/2013\/05\/juan_arango_entrenamiento_la_paz_04062013.jpg\" width=\"596\" height=\"346\" \/><\/p>\n<p style=\"text-align: justify;\"><strong>Prensa FVF. La Paz, Bolivia. &#8211; <\/strong>Con dos vibrantes sesiones este martes continu\u00f3 el trabajo imperturbable de la Vinotinto en La Paz, Bolivia, sede del pr\u00f3ximo compromiso del equipo venezolano en la continuaci\u00f3n del Premundial Sudamericano el pr\u00f3ximo viernes siete.<\/p>\n<p style=\"text-align: justify;\">Con sus 23 jugadores presentes, el seleccionado que comanda el director t\u00e9cnico C\u00e9sar Far\u00edas se esforz\u00f3 en el campo boliviano de forma de conseguir las condiciones requeridas en la b\u00fasqueda de los puntos en disputa frente al aguerrido bando local.<\/p>\n<p style=\"text-align: justify;\">Ya con parte de la rutina cumplida, la Vinotinto sigue las instrucciones del cuerpo t\u00e9cnico para armar su juego ante los de uniforme verdiblanco a los que Venezuela venci\u00f3\u00a0en su incursi\u00f3n anterior en La Paz, 1 gol por 0, durante 2009.<\/p>\n<p><img loading=\"lazy\" decoding=\"async\" class=\"aligncenter\" alt=\"\" src=\"http:\/\/gradadigital.com\/home\/wp-content\/uploads\/2013\/05\/entrenamiento_venezuela_la_paz_04062013.jpg\" width=\"596\" height=\"346\" \/><\/p>\n<p style=\"text-align: justify;\">Hay optimismo en el cuerpo t\u00e9cnico y el grupo de jugadores venezolanos por todo el trabajo que se perfecciona y que comenz\u00f3 el pasado 13 de mayo en la elevaci\u00f3n del P\u00e1ramo de La Culata, posteriormente, la agrupaci\u00f3n venezolana realiz\u00f3 un fogueo con El Salvador el estadio Metropolitano M\u00e9rida con triunfo de 2 goles por 1.<\/p>\n<p style=\"text-align: justify;\">Los venezolanos est\u00e1n en la Paz desde el pasado viernes y cada d\u00eda toman mayor fortaleza, todos conscientes de la importancia del compromiso y de la pr\u00f3xima parada, que ser\u00e1 cuatro d\u00edas despu\u00e9s del choque con los bolivianos frente a Uruguay en el estadio Cachamay, de Puerto Ordaz.<\/p>\n","protected":false},"excerpt":{"rendered":"<p>Prensa FVF. La Paz, Bolivia. &#8211; Con dos vibrantes sesiones este martes continu\u00f3 el trabajo imperturbable de la Vinotinto en La Paz, Bolivia, sede del pr\u00f3ximo compromiso del equipo venezolano en la continuaci\u00f3n del Premundial Sudamericano el pr\u00f3ximo viernes siete. Con sus 23 jugadores presentes, el seleccionado que comanda el director t\u00e9cnico C\u00e9sar Far\u00edas se &#8230;<\/p>\n","protected":false},"author":4,"featured_media":0,"comment_status":"closed","ping_status":"closed","sticky":false,"template":"","format":"standard","meta":{"footnotes":""},"categories":[40,3],"tags":[],"class_list":["post-1083","post","type-post","status-publish","format-standard","hentry","category-seleccion-nacional-mayores","category-seleccion-nacional"],"_links":{"self":[{"href":"http:\/\/gradadigital.com\/home\/wp-json\/wp\/v2\/posts\/1083","targetHints":{"allow":["GET"]}}],"collection":[{"href":"http:\/\/gradadigital.com\/home\/wp-json\/wp\/v2\/posts"}],"about":[{"href":"http:\/\/gradadigital.com\/home\/wp-json\/wp\/v2\/types\/post"}],"author":[{"embeddable":true,"href":"http:\/\/gradadigital.com\/home\/wp-json\/wp\/v2\/users\/4"}],"replies":[{"embeddable":true,"href":"http:\/\/gradadigital.com\/home\/wp-json\/wp\/v2\/comments?post=1083"}],"version-history":[{"count":4,"href":"http:\/\/gradadigital.com\/home\/wp-json\/wp\/v2\/posts\/1083\/revisions"}],"predecessor-version":[{"id":1087,"href":"http:\/\/gradadigital.com\/home\/wp-json\/wp\/v2\/posts\/1083\/revisions\/1087"}],"wp:attachment":[{"href":"http:\/\/gradadigital.com\/home\/wp-json\/wp\/v2\/media?parent=1083"}],"wp:term":[{"taxonomy":"category","embeddable":true,"href":"http:\/\/gradadigital.com\/home\/wp-json\/wp\/v2\/categories?post=1083"},{"taxonomy":"post_tag","embeddable":true,"href":"http:\/\/gradadigital.com\/home\/wp-json\/wp\/v2\/tags?post=1083"}],"curies":[{"name":"wp","href":"https:\/\/api.w.org\/{rel}","templated":true}]}}