{"id":10763,"date":"2014-04-02T23:14:37","date_gmt":"2014-04-03T03:44:37","guid":{"rendered":"http:\/\/gradadigital.com\/home\/?p=10763"},"modified":"2014-04-02T23:14:37","modified_gmt":"2014-04-03T03:44:37","slug":"zamora-se-reencontro-con-los-tres-puntos-en-guanare","status":"publish","type":"post","link":"http:\/\/gradadigital.com\/home\/zamora-se-reencontro-con-los-tres-puntos-en-guanare\/","title":{"rendered":"Zamora se reencontr\u00f3 con los tres puntos en Guanare"},"content":{"rendered":"<div style=\"text-align: center;\">\n<p><img loading=\"lazy\" decoding=\"async\" class=\"alignnone size-full wp-image-10764\" alt=\"llaneros_zamora_02042014\" src=\"http:\/\/gradadigital.com\/home\/wp-content\/uploads\/2014\/04\/llaneros_zamora_02042014.jpg\" width=\"596\" height=\"346\" srcset=\"http:\/\/gradadigital.com\/home\/wp-content\/uploads\/2014\/04\/llaneros_zamora_02042014.jpg 596w, http:\/\/gradadigital.com\/home\/wp-content\/uploads\/2014\/04\/llaneros_zamora_02042014-300x174.jpg 300w\" sizes=\"auto, (max-width: 596px) 100vw, 596px\" \/><\/p>\n<p style=\"text-align: justify;\"><strong>Peter Herrera \/ Prensa Zamora FC,\u00a0Guanare.<\/strong> El Zamora F\u00fatbol Club regres\u00f3 este mi\u00e9rcoles a la senda victoriosa al derrotar 0-2 a su similar de Llaneros de Guanare, en compromiso adelantado correspondiente a la\u00a0d\u00e9cima cuarta fecha del Torneo Clausura 2014.<\/p>\n<p style=\"text-align: justify;\">En la primera mitad la \u2018Furia Llanera\u2019 sali\u00f3 a buscar el compromiso, a pesar de los cambios\u00a0presentados por el profesor Noel Sanvicente, Zamora no cambi\u00f3 su propuesta ofensiva\u00a0y desde el pitazo inicial quiso quedarse con los tres puntos. Como era de esperarse\u00a0la primera de peligro fue para el blanquinegro que al 3\u2019 en los pies de Jhoan Arenas\u00a0probaron de larga distancia, aunque fue suave a las manos del golero. En el contragolpe el\u00a0local tuvo su oportunidad, cuando Ever Espinoza aprovecho un error defensivo y en mano\u00a0a mano la mand\u00f3 por un costado del arco barin\u00e9s.<\/p>\n<p style=\"text-align: justify;\">Las propuestas estuvieron dirigidas en los pies de V\u00edctor P\u00e9rez, Jhon Murillo y Arenas\u00a0que buscaron los remates de Pierre Pluchino para iniciar la cuenta. Al 6\u2019 el dorsal \u20189\u2019\u00a0desbord\u00f3 por izquierda y mand\u00f3 un centro al punto penal, para que \u201cEl Peluca\u201d Arenas\u00a0improvisara un remate de izquierda que se fue a penas desviado. Un poco m\u00e1s tarde en la\u00a0fracci\u00f3n 18\u2019, P\u00e9rez sac\u00f3 a un defensor por derecha y remat\u00f3 fuerte a media altura cerca\u00a0del bajante izquierdo. Los locales consiguieron la paridad en dominio del esf\u00e9rico y al 35\u2019\u00a0Gonz\u00e1lez aprovecho un bote cerca del \u00e1rea grande para sacar un zapatazo que exigi\u00f3 la\u00a0intervenci\u00f3n de Alexis Angulo para enviarla por la \u00faltima l\u00ednea y as\u00ed concluir los primeros\u00a045\u2019 con un empate sin goles.<\/p>\n<p style=\"text-align: justify;\">Para el complemento el visitante apost\u00f3 un poco m\u00e1s en lo ofensivo, dando ingreso a\u00a0su goleador Juan Falc\u00f3n para ganar fuerza en el ataque y muchas m\u00e1s posibilidades de\u00a0marcar desde el primer minuto. Al 53\u2019 Falc\u00f3n recibi\u00f3 de espaldas, la toc\u00f3 para Murillo,\u00a0\u00e9ste de primera filtr\u00f3 para Pluchino que en mano a mano no pudo conseguir el primer\u00a0tanto zamorano. Pero al 65\u2019 el envi\u00f3n zamorano dio frutos cuando Falc\u00f3n hace una pared\u00a0con Layneker Zafra que env\u00eda un pase atr\u00e1s que no pudo ser despejado por la defensa\u00a0local y Pluchino ingres\u00f3 con un leve toque para 0-1.<\/p>\n<p style=\"text-align: justify;\">La celebraci\u00f3n fue poca pues dos minutos m\u00e1s tarde un centro de Arenas queda en bote\u00a0dentro del \u00e1rea que aprovech\u00f3 el central Javier L\u00f3pez y sin marca la incrusta sobre el\u00a0bajante izquierdo para aumentar el marcador. Al 70\u2019 el tercero se aproxim\u00f3 con una\u00a0gran jugada del juvenil Murillo que dej\u00f3 en el camino tres defensores y remat\u00f3 cerca del\u00a0bajante izquierdo. A pesar del dominio blanquinegro el resto del encuentro, no hubo ,m\u00e1s\u00a0cambios y los tres puntos se fueron a la ciudad de Barinas, que ahora piensa en su duelo\u00a0ante Trujillanos del pr\u00f3ximo fin de semana.<\/p>\n<\/div>\n<div style=\"text-align: center;\"><iframe loading=\"lazy\" src=\"http:\/\/gradadigital.com\/datafactory\/html\/venezuela\/ficha189653.html\" height=\"1030\" width=\"702\" frameborder=\"0\" marginwidth=\"0\" marginheight=\"0\" scrolling=\"no\"><\/iframe><\/div>\n","protected":false},"excerpt":{"rendered":"<p>Peter Herrera \/ Prensa Zamora FC,\u00a0Guanare. El Zamora F\u00fatbol Club regres\u00f3 este mi\u00e9rcoles a la senda victoriosa al derrotar 0-2 a su similar de Llaneros de Guanare, en compromiso adelantado correspondiente a la\u00a0d\u00e9cima cuarta fecha del Torneo Clausura 2014. En la primera mitad la \u2018Furia Llanera\u2019 sali\u00f3 a buscar el compromiso, a pesar de los &#8230;<\/p>\n","protected":false},"author":4,"featured_media":10764,"comment_status":"closed","ping_status":"closed","sticky":false,"template":"","format":"standard","meta":{"footnotes":""},"categories":[5,14,31,21],"tags":[161,66,221,1847],"class_list":["post-10763","post","type-post","status-publish","format-standard","has-post-thumbnail","hentry","category-futbol-nacional","category-llaneros-fc","category-primera-division","category-zamora-fc","tag-guanare","tag-llaneros-de-guanare","tag-zamora","tag-zamora-fc"],"_links":{"self":[{"href":"http:\/\/gradadigital.com\/home\/wp-json\/wp\/v2\/posts\/10763","targetHints":{"allow":["GET"]}}],"collection":[{"href":"http:\/\/gradadigital.com\/home\/wp-json\/wp\/v2\/posts"}],"about":[{"href":"http:\/\/gradadigital.com\/home\/wp-json\/wp\/v2\/types\/post"}],"author":[{"embeddable":true,"href":"http:\/\/gradadigital.com\/home\/wp-json\/wp\/v2\/users\/4"}],"replies":[{"embeddable":true,"href":"http:\/\/gradadigital.com\/home\/wp-json\/wp\/v2\/comments?post=10763"}],"version-history":[{"count":1,"href":"http:\/\/gradadigital.com\/home\/wp-json\/wp\/v2\/posts\/10763\/revisions"}],"predecessor-version":[{"id":10765,"href":"http:\/\/gradadigital.com\/home\/wp-json\/wp\/v2\/posts\/10763\/revisions\/10765"}],"wp:featuredmedia":[{"embeddable":true,"href":"http:\/\/gradadigital.com\/home\/wp-json\/wp\/v2\/media\/10764"}],"wp:attachment":[{"href":"http:\/\/gradadigital.com\/home\/wp-json\/wp\/v2\/media?parent=10763"}],"wp:term":[{"taxonomy":"category","embeddable":true,"href":"http:\/\/gradadigital.com\/home\/wp-json\/wp\/v2\/categories?post=10763"},{"taxonomy":"post_tag","embeddable":true,"href":"http:\/\/gradadigital.com\/home\/wp-json\/wp\/v2\/tags?post=10763"}],"curies":[{"name":"wp","href":"https:\/\/api.w.org\/{rel}","templated":true}]}}