{"id":10749,"date":"2014-04-02T11:37:20","date_gmt":"2014-04-02T16:07:20","guid":{"rendered":"http:\/\/gradadigital.com\/home\/?p=10749"},"modified":"2014-04-02T11:42:06","modified_gmt":"2014-04-02T16:12:06","slug":"se-oficializo-el-torneo-sedes-y-logo-de-la-copa-america-de-chile","status":"publish","type":"post","link":"http:\/\/gradadigital.com\/home\/se-oficializo-el-torneo-sedes-y-logo-de-la-copa-america-de-chile\/","title":{"rendered":"Se oficializ\u00f3 el torneo, sedes y logo de la Copa Am\u00e9rica de Chile"},"content":{"rendered":"<p style=\"text-align: center;\"><img loading=\"lazy\" decoding=\"async\" class=\"alignnone size-full wp-image-10750\" alt=\"copa_america_2015_chile_2014\" src=\"http:\/\/gradadigital.com\/home\/wp-content\/uploads\/2014\/04\/copa_america_2015_chile_2014.jpg\" width=\"596\" height=\"346\" srcset=\"http:\/\/gradadigital.com\/home\/wp-content\/uploads\/2014\/04\/copa_america_2015_chile_2014.jpg 596w, http:\/\/gradadigital.com\/home\/wp-content\/uploads\/2014\/04\/copa_america_2015_chile_2014-300x174.jpg 300w\" sizes=\"auto, (max-width: 596px) 100vw, 596px\" \/><\/p>\n<p style=\"text-align: justify;\"><strong>GradaDigital.com &#8211;<\/strong> En horas de la ma\u00f1ana, en la ciudad de Santiago, se efectu\u00f3 la ceremonia oficial de la presentaci\u00f3n de la Copa Am\u00e9rica Chile 2015, con la presencia del estratega, Jorge Sampaoli, representantes de la CONMEBOL con su Presidente, Eugenio Figueredo, y ex jugadores como Iv\u00e1n Zamorano, entre otros.<\/p>\n<p style=\"text-align: justify;\"><strong>\u00abQuiero expresar el apoyo de la CSF a los habitantes de Chile que hoy sufren. Siempre han demostrado valent\u00eda y coraje\u00bb<\/strong>, expres\u00f3 Figueredo, ante los fuertes sismos que se han hecho presente en el norte del pa\u00eds. Iv\u00e1n Zamorano, por su parte, considera que la Copa Am\u00e9rica <strong>\u00absirvi\u00f3 mucho para dar el salto y llegar a Europa\u00bb<\/strong>.<\/p>\n<p style=\"text-align: justify;\">Las sedes confirmadas para la presente edici\u00f3n, han sido:\u00a0Antofagasta, La Serena, Vi\u00f1a del Mar, Valpara\u00edso, Santiago, Rancagua, Concepci\u00f3n y Temuco.<\/p>\n<p style=\"text-align: center;\"><strong>LOGO<\/strong><\/p>\n<p style=\"text-align: center;\"><img loading=\"lazy\" decoding=\"async\" class=\"alignnone size-full wp-image-10751\" alt=\"logo_copamaerica_chile_2015_gradadigital\" src=\"http:\/\/gradadigital.com\/home\/wp-content\/uploads\/2014\/04\/logo_copamaerica_chile_2015_gradadigital.jpg\" width=\"1024\" height=\"337\" srcset=\"http:\/\/gradadigital.com\/home\/wp-content\/uploads\/2014\/04\/logo_copamaerica_chile_2015_gradadigital.jpg 1024w, http:\/\/gradadigital.com\/home\/wp-content\/uploads\/2014\/04\/logo_copamaerica_chile_2015_gradadigital-300x98.jpg 300w\" sizes=\"auto, (max-width: 1024px) 100vw, 1024px\" \/><\/p>\n","protected":false},"excerpt":{"rendered":"<p>GradaDigital.com &#8211; En horas de la ma\u00f1ana, en la ciudad de Santiago, se efectu\u00f3 la ceremonia oficial de la presentaci\u00f3n de la Copa Am\u00e9rica Chile 2015, con la presencia del estratega, Jorge Sampaoli, representantes de la CONMEBOL con su Presidente, Eugenio Figueredo, y ex jugadores como Iv\u00e1n Zamorano, entre otros. \u00abQuiero expresar el apoyo de &#8230;<\/p>\n","protected":false},"author":4,"featured_media":10751,"comment_status":"closed","ping_status":"closed","sticky":false,"template":"","format":"standard","meta":{"footnotes":""},"categories":[42,36,40,3],"tags":[308,151,198,51,71],"class_list":["post-10749","post","type-post","status-publish","format-standard","has-post-thumbnail","hentry","category-copa-america","category-internacional","category-seleccion-nacional-mayores","category-seleccion-nacional","tag-copa-america-chile-2015","tag-la-vinotinto","tag-logo","tag-venezuela","tag-vinotinto"],"_links":{"self":[{"href":"http:\/\/gradadigital.com\/home\/wp-json\/wp\/v2\/posts\/10749","targetHints":{"allow":["GET"]}}],"collection":[{"href":"http:\/\/gradadigital.com\/home\/wp-json\/wp\/v2\/posts"}],"about":[{"href":"http:\/\/gradadigital.com\/home\/wp-json\/wp\/v2\/types\/post"}],"author":[{"embeddable":true,"href":"http:\/\/gradadigital.com\/home\/wp-json\/wp\/v2\/users\/4"}],"replies":[{"embeddable":true,"href":"http:\/\/gradadigital.com\/home\/wp-json\/wp\/v2\/comments?post=10749"}],"version-history":[{"count":2,"href":"http:\/\/gradadigital.com\/home\/wp-json\/wp\/v2\/posts\/10749\/revisions"}],"predecessor-version":[{"id":10753,"href":"http:\/\/gradadigital.com\/home\/wp-json\/wp\/v2\/posts\/10749\/revisions\/10753"}],"wp:featuredmedia":[{"embeddable":true,"href":"http:\/\/gradadigital.com\/home\/wp-json\/wp\/v2\/media\/10751"}],"wp:attachment":[{"href":"http:\/\/gradadigital.com\/home\/wp-json\/wp\/v2\/media?parent=10749"}],"wp:term":[{"taxonomy":"category","embeddable":true,"href":"http:\/\/gradadigital.com\/home\/wp-json\/wp\/v2\/categories?post=10749"},{"taxonomy":"post_tag","embeddable":true,"href":"http:\/\/gradadigital.com\/home\/wp-json\/wp\/v2\/tags?post=10749"}],"curies":[{"name":"wp","href":"https:\/\/api.w.org\/{rel}","templated":true}]}}