{"id":10668,"date":"2014-03-30T22:28:09","date_gmt":"2014-03-31T02:58:09","guid":{"rendered":"http:\/\/gradadigital.com\/home\/?p=10668"},"modified":"2014-03-30T22:28:09","modified_gmt":"2014-03-31T02:58:09","slug":"llaneros-hunde-mas-a-yaracuyanos","status":"publish","type":"post","link":"http:\/\/gradadigital.com\/home\/llaneros-hunde-mas-a-yaracuyanos\/","title":{"rendered":"Llaneros hunde m\u00e1s a Yaracuyanos"},"content":{"rendered":"<p style=\"text-align: center;\"><img loading=\"lazy\" decoding=\"async\" class=\"alignnone size-full wp-image-10669\" alt=\"yaracuyanos_llaneros_30032014\" src=\"http:\/\/gradadigital.com\/home\/wp-content\/uploads\/2014\/03\/yaracuyanos_llaneros_30032014.jpg\" width=\"596\" height=\"346\" srcset=\"http:\/\/gradadigital.com\/home\/wp-content\/uploads\/2014\/03\/yaracuyanos_llaneros_30032014.jpg 596w, http:\/\/gradadigital.com\/home\/wp-content\/uploads\/2014\/03\/yaracuyanos_llaneros_30032014-300x174.jpg 300w\" sizes=\"auto, (max-width: 596px) 100vw, 596px\" \/><\/p>\n<p style=\"text-align: justify;\"><strong>PRENSA YFC\u00a0(30-03-2014).<\/strong>&#8211;\u00a0El avasallante sol llanero dio la bienvenida a una nueva jornada del futbol de primera divisi\u00f3n nacional que se desarrollo en tierras de Guanare, \u00e9sta vez la confrontaci\u00f3n tuvo como protagonistas a\u00a0\u00a0colosos y verdiazules, en un duelo de urgencias para ambos planteles para esta jornada n\u00famero doce del balompi\u00e9 criollo.<\/p>\n<p style=\"text-align: justify;\">Durante el primer\u00a0\u00a0cap\u00edtulo en el Estadio Rafael Calles Pinto, se desarrollo un juego denso, trabado y de m\u00e1xima presi\u00f3n por parte de los locales, mientras que el plantel blanquiazul planto un sistema de velocidad y defensa que no fue porcentualmente productivo para la causa sanfelipe\u00f1a.<\/p>\n<p style=\"text-align: justify;\">El cobro de un tiro libre trajo consigo la primera anotaci\u00f3n para el Batall\u00f3n Santo, que consigue una pelota a\u00e9rea para el coromotano\u00a0\u00a0Julio Barboza, que de cabeza la anida en la redes del cancerbero Daniel Valdez con lo que se inaugura la\u00a0marquesina a favor de Llaneros.<\/p>\n<p style=\"text-align: justify;\">El conjunto Yaracuyanos trato de ensamblar mayor\u00a0\u00a0volumen de ataque por las bandas con el intento de desdoble, en aras de poblar las \u00e1reas sensibles de los verdiazules, sin embargo una nueva jugada\u00a0\u00a0a pelota quieta consigue en mano a mano a Eiver Espinoza ,que aprovecha\u00a0\u00a0la ocasi\u00f3n para enganchar con la bota derecha y la guarda por segunda vez en el arco blanquiazul.<\/p>\n<p style=\"text-align: justify;\">Los segundos cuarenta y cinco minutos mostraron mayor \u00edmpetu y agresividad por parte de los Colosos de Sorte\u00a0\u00a0que sorpresivamente al minuto 53 queda con diez jugadores con\u00a0\u00a0la expulsi\u00f3n del capit\u00e1n Jos\u00e9 Mera con cartulina roja, sin embargo la situaci\u00f3n no amilano las acciones trepidantes del combinado tricolor de Yaracuy.<\/p>\n<p style=\"text-align: justify;\">Con jugadas concebidas desde el centro de la cancha, pressing y mucha velocidad m\u00e1s de ocho llegadas claras de cara al arco llanero fueron la otra cara de la moneda para el once yaracuyano, al 73\u00b4 un desdoble en diagonal asistido por Wilquely Rangel la deja servida para Nicol\u00e1s Ledesma quien descose el arco del verdiazul Carlos Salazar para el marcador preliminar (2X1).<\/p>\n<p style=\"text-align: justify;\">Una jugada fuerte suscitada\u00a0\u00a0al borde del \u00e1rea es sentenciada con el cobro de\u00a0\u00a0penal, facturado por Eiver Espinoza al minuto 79, el once blanquiazul no atemorizo su avance y encimo en varias oportunidades el \u00e1rea neur\u00e1lgica del conjunto llanero, sin embargo el tiempo en contra acorto las posibilidades de la remontada para los Colosos de Sorte en esta fecha, para ceder con marcador final (3&#215;1) en territorio del Batall\u00f3n Santo.<\/p>\n<div style=\"text-align: center;\"><iframe loading=\"lazy\" src=\"http:\/\/gradadigital.com\/datafactory\/html\/venezuela\/ficha189635.html\" height=\"1030\" width=\"702\" frameborder=\"0\" marginwidth=\"0\" marginheight=\"0\" scrolling=\"no\"><\/iframe><\/div>\n","protected":false},"excerpt":{"rendered":"<p>PRENSA YFC\u00a0(30-03-2014).&#8211;\u00a0El avasallante sol llanero dio la bienvenida a una nueva jornada del futbol de primera divisi\u00f3n nacional que se desarrollo en tierras de Guanare, \u00e9sta vez la confrontaci\u00f3n tuvo como protagonistas a\u00a0\u00a0colosos y verdiazules, en un duelo de urgencias para ambos planteles para esta jornada n\u00famero doce del balompi\u00e9 criollo. Durante el primer\u00a0\u00a0cap\u00edtulo en &#8230;<\/p>\n","protected":false},"author":4,"featured_media":10669,"comment_status":"closed","ping_status":"closed","sticky":false,"template":"","format":"standard","meta":{"footnotes":""},"categories":[5,14,31,20],"tags":[66,1846],"class_list":["post-10668","post","type-post","status-publish","format-standard","has-post-thumbnail","hentry","category-futbol-nacional","category-llaneros-fc","category-primera-division","category-yaracuyanos-fc","tag-llaneros-de-guanare","tag-yaracuyanos-fc"],"_links":{"self":[{"href":"http:\/\/gradadigital.com\/home\/wp-json\/wp\/v2\/posts\/10668","targetHints":{"allow":["GET"]}}],"collection":[{"href":"http:\/\/gradadigital.com\/home\/wp-json\/wp\/v2\/posts"}],"about":[{"href":"http:\/\/gradadigital.com\/home\/wp-json\/wp\/v2\/types\/post"}],"author":[{"embeddable":true,"href":"http:\/\/gradadigital.com\/home\/wp-json\/wp\/v2\/users\/4"}],"replies":[{"embeddable":true,"href":"http:\/\/gradadigital.com\/home\/wp-json\/wp\/v2\/comments?post=10668"}],"version-history":[{"count":1,"href":"http:\/\/gradadigital.com\/home\/wp-json\/wp\/v2\/posts\/10668\/revisions"}],"predecessor-version":[{"id":10670,"href":"http:\/\/gradadigital.com\/home\/wp-json\/wp\/v2\/posts\/10668\/revisions\/10670"}],"wp:featuredmedia":[{"embeddable":true,"href":"http:\/\/gradadigital.com\/home\/wp-json\/wp\/v2\/media\/10669"}],"wp:attachment":[{"href":"http:\/\/gradadigital.com\/home\/wp-json\/wp\/v2\/media?parent=10668"}],"wp:term":[{"taxonomy":"category","embeddable":true,"href":"http:\/\/gradadigital.com\/home\/wp-json\/wp\/v2\/categories?post=10668"},{"taxonomy":"post_tag","embeddable":true,"href":"http:\/\/gradadigital.com\/home\/wp-json\/wp\/v2\/tags?post=10668"}],"curies":[{"name":"wp","href":"https:\/\/api.w.org\/{rel}","templated":true}]}}