{"id":10624,"date":"2014-03-29T19:59:10","date_gmt":"2014-03-30T00:29:10","guid":{"rendered":"http:\/\/gradadigital.com\/home\/?p=10624"},"modified":"2014-03-30T01:37:02","modified_gmt":"2014-03-30T06:07:02","slug":"especial-noel-sanvicente-heroe-en-su-hogar-y-en-la-cancha","status":"publish","type":"post","link":"http:\/\/gradadigital.com\/home\/especial-noel-sanvicente-heroe-en-su-hogar-y-en-la-cancha\/","title":{"rendered":"ESPECIAL | Noel Sanvicente, h\u00e9roe en su hogar y en la cancha"},"content":{"rendered":"<p style=\"text-align: center;\" align=\"center\"><img loading=\"lazy\" decoding=\"async\" class=\"alignnone size-full wp-image-10633\" alt=\"noel_sanvicente_especial_zamora_29032014\" src=\"http:\/\/gradadigital.com\/home\/wp-content\/uploads\/2014\/03\/noel_sanvicente_especial_zamora_29032014.jpg\" width=\"682\" height=\"396\" srcset=\"http:\/\/gradadigital.com\/home\/wp-content\/uploads\/2014\/03\/noel_sanvicente_especial_zamora_29032014.jpg 682w, http:\/\/gradadigital.com\/home\/wp-content\/uploads\/2014\/03\/noel_sanvicente_especial_zamora_29032014-300x174.jpg 300w\" sizes=\"auto, (max-width: 682px) 100vw, 682px\" \/><\/p>\n<p style=\"text-align: justify;\" align=\"center\"><b style=\"line-height: 1.5em;\">Miguel Vallenilla &#8211;<\/b><span style=\"line-height: 1.5em;\"> La noche terminaba, y la ciudad de Barinas se preparaba para concluirla con la alegr\u00eda de haber visto triunfar a su equipo nuevamente en un encuentro de Copa Libertadores. De las gradas retumbaba la ovaci\u00f3n a Pedro Ram\u00edrez, otras m\u00e1s a Juan Falc\u00f3n, y el ya tradicional gesto de agradecimiento a Noel Sanvicente, quien de manera r\u00e1pida y merecida ha sabido ganarse el aprecio de un pueblo que logr\u00f3 cumplir un sue\u00f1o de bordar la estrella en su escudo, hace casi ya un a\u00f1o.<\/span><\/p>\n<p style=\"text-align: justify;\">No est\u00e1n clasificados, al menos todav\u00eda, pero son h\u00e9roes. El color blanco y negro del equipo, ya recorre Sudam\u00e9rica con la elegancia del flux que cada jugador quiso adue\u00f1arse. Los aplausos en los rincones del Estadio La Carolina no son por el triunfo, son para agradecer el compromiso que han adquirido los integrantes de un equipo que ha representado con nobleza, grandeza y esp\u00edritu de juego a su pueblo. Las victorias se han convertido en un ingrediente fruto del trabajo sin descanso.<\/p>\n<p style=\"text-align: justify;\">Pasada la noche, los h\u00e9roes se re\u00fanen para descansar tras la jornada, mientras que Noel Sanvicente todav\u00eda tiene trabajo que cumplir. El estratega debe responder al llamado de su familia que lo requer\u00eda para una tarea igual de importante como el que asume desde el banquillo. Una rana obstaculizaba la casa del hombre seis veces campe\u00f3n de Venezuela. Posiblemente, la rana, como buen llanero, quer\u00eda conocer al art\u00edfice de los logros del Zamora. Posteriormente el entrenador lo alej\u00f3, su familia pudo ingresar a su hogar, y el t\u00e9cnico sigui\u00f3 camino al hotel donde lo esperaban sus jugadores. Para ser h\u00e9roe, hay muchas maneras.<\/p>\n<p style=\"padding-left: 60px; text-align: justify;\">&#8211;\u00a0\u00a0\u00a0\u00a0\u00a0\u00a0\u00a0\u00a0\u00a0 <strong><i>\u00bfSe siente satisfecho por el triunfo y la posibilidad de la clasificaci\u00f3n?<\/i><\/strong><\/p>\n<p style=\"padding-left: 60px; text-align: justify;\">&#8211;\u00a0\u00a0\u00a0\u00a0\u00a0\u00a0\u00a0\u00a0\u00a0 <i>Lo bonito de todo esto es que tenemos la posibilidad, que dependemos de nosotros. Sabemos que ser\u00e1 dif\u00edcil, pero desde que ca\u00edmos en el grupo ya era dif\u00edcil. Poco a poco la madurez de muchos muchachos se ha fortalecido. A veces jugamos mal, regular, por momentos jugamos bien, pero siempre con las mismas ganas. Hasta la \u00faltima fecha dependemos de nosotros.<\/i><\/p>\n<p style=\"text-align: justify;\">El f\u00fatbol venezolano tiene muchas curiosidades: campos en p\u00e9simos estados, gradas donde los espectadores pueden ingresar con sus bicicletas, perros adormecidos por el peso del calor, o una caja de cerveza que deambula en alguna esquina. Uniformes en mal estado, falta de seguridad en cada campo, entre otras m\u00e1s, much\u00edsimas m\u00e1s\u00a0 falencias que se podr\u00edan resumir en varios tomos. Contra toda adversidad, en un f\u00fatbol carente de buen gusto y voluntades, el grupo que compone al Zamora FC trata de remar, trata de no amilanarse ante las grandes competencias, no temerle a la magnitud de las dimensiones. No son los m\u00e1s ricos, no tienen a los jugadores m\u00e1s requeridos del torneo, son de poca prensa, nunca son candidatos.<\/p>\n<p style=\"padding-left: 60px; text-align: justify;\">&#8211;\u00a0\u00a0\u00a0\u00a0\u00a0\u00a0\u00a0\u00a0\u00a0 <strong><i>\u00bfQu\u00e9 tiene este grupo que lo hace especial?<\/i><\/strong><\/p>\n<p style=\"padding-left: 60px; text-align: justify;\">&#8211;\u00a0\u00a0\u00a0\u00a0\u00a0\u00a0\u00a0\u00a0\u00a0 <i>Cuando uno est\u00e1 en un equipo es hacer grupo, de que ellos hagan las cosas por mejorar. Cuando le vas cambiando la mentalidad al jugador, ellos se creen m\u00e1s profesional. La iniciativa de la ropa hace que los directivos vean que ellos no solamente piensan en el equipo, y que tambi\u00e9n lo hacen los jugadores, profesionalismo desde la vestimenta hasta el juego en la misma cancha. Un jugador que se cuida, que es dependiente, que se puede ir al quiropedista para mantener en buen estado sus pies porque sabe que depende de sus piernas, son cositas que uno lo ve y sabe que el grupo cada vez quiere m\u00e1s, que ha mejorado y la palabra profesional ha estado cerca.<\/i><\/p>\n<p style=\"text-align: justify;\">Estas ense\u00f1anzas que el entrenador le ha sabido transmitir a sus jugadores, sin duda han podido ser captadas. Luego de dos derrotas, hoy, a falta de un juego, son segundos. Sanvicente sabe bien lo que es la Copa Libertadores, lo vivi\u00f3 con el Caracas FC, siendo su etapa m\u00e1s exitosa en el a\u00f1o 2009, cuando hizo enamorar a un p\u00fablico con la idea de que ser campe\u00f3n no era ut\u00f3pico. Adem\u00e1s, se encarg\u00f3 de construir un proyecto que hoy nutre al equipo.<\/p>\n<p style=\"padding-left: 60px; text-align: justify;\">&#8211;\u00a0\u00a0\u00a0\u00a0\u00a0\u00a0\u00a0\u00a0\u00a0 <strong><i>\u00bfEst\u00e1 disfrutando esta Copa Libertadores?<\/i><\/strong><\/p>\n<p style=\"padding-left: 60px; text-align: justify;\">&#8211;\u00a0\u00a0\u00a0\u00a0\u00a0\u00a0\u00a0\u00a0\u00a0 <i>Siempre la disfruto. Con el Caracas hay cosas importantes. Recuerdo todav\u00eda\u00a0 aquel cabezazo entre Barone y Castell\u00edn para poder pasar. El partido de Santos\u2026 Zamora es un grupo que se ha construido de la noche a la ma\u00f1ana, muchachos que se han comprometidos con la instituci\u00f3n, y que est\u00e1n convencidos de que pueden ir al exterior. Siempre te dicen \u201cprofe deme m\u00e1s que me quiero ir\u201d, entonces se ve el crecimiento, y por eso es que uno est\u00e1 tan enamorado de este grupo.<\/i><\/p>\n<p style=\"padding-left: 60px; text-align: justify;\">&#8211;\u00a0\u00a0\u00a0\u00a0\u00a0\u00a0\u00a0\u00a0\u00a0 <strong><i>\u00bfY qu\u00e9 hay de aquel Caracas?<\/i><\/strong><\/p>\n<p style=\"padding-left: 60px; text-align: justify;\">&#8211;\u00a0\u00a0\u00a0\u00a0\u00a0\u00a0\u00a0\u00a0\u00a0 <i>Caracas era Caracas. Much\u00edsimos jugadores debutaron conmigo, despu\u00e9s fueron campeones en la Sub 18, Sub 20, Segunda y Primera. Luego quisieron darle otro matiz al Caracas, de que era campe\u00f3n con puras figuras, pero esas figuras se hicieron conmigo. Una vez salieron hasta catorce jugadores y tambi\u00e9n fuimos campeones. Cuando hay personas malintencionadas, la gente que no sabe la historia simplemente se la compran, pero son cosas del pasado. Hoy en Zamora ni somos los mejores cuando ganamos, ni somos los peores cuando perdemos.<\/i><\/p>\n<p style=\"text-align: center;\"><img loading=\"lazy\" decoding=\"async\" class=\"alignnone size-full wp-image-10632\" alt=\"noel_sanvicente_especial_zamora_29032014_2\" src=\"http:\/\/gradadigital.com\/home\/wp-content\/uploads\/2014\/03\/noel_sanvicente_especial_zamora_29032014_2.jpg\" width=\"682\" height=\"396\" srcset=\"http:\/\/gradadigital.com\/home\/wp-content\/uploads\/2014\/03\/noel_sanvicente_especial_zamora_29032014_2.jpg 682w, http:\/\/gradadigital.com\/home\/wp-content\/uploads\/2014\/03\/noel_sanvicente_especial_zamora_29032014_2-300x174.jpg 300w\" sizes=\"auto, (max-width: 682px) 100vw, 682px\" \/><\/p>\n<p style=\"text-align: justify;\">Barinas posee una cancha llamada \u201cTavacare\u201d. Era monte, estaba descuidado, y nadie pensaba en darle una mirada. Cuando Sanvicente asumi\u00f3 la direcci\u00f3n t\u00e9cnica del club, enseguida recorri\u00f3 los espacios donde un bal\u00f3n de f\u00fatbol tuviera la posibilidad de rodar. \u201cTavacare\u201d parec\u00eda una joya en bruto, as\u00ed que Noel debi\u00f3 sacar los burros que conviv\u00edan en este espacio, cort\u00f3 monte, sac\u00f3 piedras que estorbaban, y hoy en d\u00eda las divisiones inferiores hacen vida all\u00ed. Un claro ejemplo es John Murillo, jugador de apenas 18 a\u00f1os de edad que se prepar\u00f3 en estas instalaciones a cinco horas de distancia de su humilde hogar. El jugador vino con sue\u00f1os, y hoy el apellido de su familia est\u00e1 presente en los campos internacionales y convirtiendo goles.<\/p>\n<p style=\"text-align: justify; padding-left: 60px;\">&#8211;\u00a0\u00a0\u00a0\u00a0\u00a0\u00a0\u00a0\u00a0\u00a0 <strong><i>\u00bfQui\u00e9nes juegan en el Zamora?<\/i><\/strong><\/p>\n<p style=\"text-align: justify; padding-left: 60px;\">&#8211;\u00a0\u00a0\u00a0\u00a0\u00a0\u00a0\u00a0\u00a0\u00a0 <i>Conmigo juega el que se lo merece, no quien me pongan a dedo. Cuando llegamos, ninguno pensaba en irse al exterior, y ahora todos quieren irse porque ven como espejo a Pedro Ram\u00edrez. Si fuera por lo que dicen los dem\u00e1s, este equipo no hubiera sido Campe\u00f3n, este equipo no tuviera siete puntos, y no cobrara al d\u00eda. Esto ha sido trabajo del cuerpo t\u00e9cnico, personas como \u201cP\u00e1jaro\u201d Vera, Mauricio Lazzaro, Carlos Rojas. Yo me caso con la gente que est\u00e1 con nosotros.<\/i><\/p>\n<p style=\"text-align: justify; padding-left: 60px;\">&#8211;\u00a0\u00a0\u00a0\u00a0\u00a0\u00a0\u00a0\u00a0\u00a0 <strong><i>\u00bfDescubre jugadores?<\/i><\/strong><\/p>\n<p style=\"text-align: justify; padding-left: 60px;\">&#8211;\u00a0\u00a0\u00a0\u00a0\u00a0\u00a0\u00a0\u00a0\u00a0 <i>No descubro. Simplemente llegan con talentos y solo hay que pulirlos, asesorarlos, darles a entender que por algo uno trata de ayudarlos, y no solo con palabras. Tambi\u00e9n hay que darles herramientas, en pr\u00e1cticas, con videos, para que se puedan convencer.<\/i><\/p>\n<p style=\"text-align: justify;\">Los jugadores, con una sonrisa, y al mismo tiempo serenos ante las realidades a las que deben enfrentarse, llegaban uno a uno a sus respectivas habitaciones, pues la concentraci\u00f3n debe continuar por m\u00e1s que el triunfo merezca disfrutarse un poco m\u00e1s.<\/p>\n<p style=\"text-align: justify; padding-left: 60px;\">&#8211;\u00a0\u00a0\u00a0\u00a0\u00a0\u00a0\u00a0\u00a0\u00a0 <strong><i>\u00bfNormalmente, jugar en Brasil para un equipo venezolano es una derrota. \u00bfC\u00f3mo asume la posibilidad de un triunfo?<\/i><\/strong><\/p>\n<p style=\"text-align: justify; padding-left: 60px;\">&#8211;\u00a0\u00a0\u00a0\u00a0\u00a0\u00a0\u00a0\u00a0\u00a0 <i>Siempre hay una primera vez. El enemigo del Zamora somos nosotros mismos, por la misma experiencia que no tienen de enfrentarse en un escenario que jam\u00e1s han visto, y que eso puede pasar factura, pero que a medida que los partidos han transcurrido, han ido tomando la madurez.<\/i><\/p>\n<p style=\"text-align: justify; padding-left: 60px;\">&#8211;\u00a0\u00a0\u00a0\u00a0\u00a0\u00a0\u00a0\u00a0\u00a0 <strong>Siempre mencion\u00f3 con el Caracas que el objetivo debe ser un Mundial de Clubes, algo que se obtiene ganando la Libertadores. \u00bfLo mantiene?<\/strong><\/p>\n<p style=\"text-align: justify; padding-left: 60px;\">&#8211;\u00a0\u00a0\u00a0\u00a0\u00a0\u00a0\u00a0\u00a0\u00a0 Ese grupo del Caracas (2009), creo que estuvimos muy a punto de hacer historia, sabemos que ac\u00e1 no tenemos esa jerarqu\u00eda y calidad de jugadores. Las emociones no la debemos llevar tan lejos. Hay que ser sinceros y realistas y saber manejar lo que tenemos.<\/p>\n<p style=\"text-align: center;\"><img loading=\"lazy\" decoding=\"async\" class=\"alignnone size-full wp-image-10630\" alt=\"noel_sanvicente_especial_zamora_29032014_4\" src=\"http:\/\/gradadigital.com\/home\/wp-content\/uploads\/2014\/03\/noel_sanvicente_especial_zamora_29032014_4.jpg\" width=\"682\" height=\"396\" srcset=\"http:\/\/gradadigital.com\/home\/wp-content\/uploads\/2014\/03\/noel_sanvicente_especial_zamora_29032014_4.jpg 682w, http:\/\/gradadigital.com\/home\/wp-content\/uploads\/2014\/03\/noel_sanvicente_especial_zamora_29032014_4-300x174.jpg 300w\" sizes=\"auto, (max-width: 682px) 100vw, 682px\" \/><\/p>\n<p style=\"text-align: justify;\">Barinas es una ciudad particular, y sobretodo, llena de tranquilidad. En las aceras se apuestan familias al descanso y conversaciones entre vecinos. En algunas esquinas se palpita el ofrecimiento de la comida caracter\u00edstica de la ciudad acompa\u00f1ado de una buena m\u00fasica llanera y a pocos metros de La Carolina. Todos tratan de escapar del vapor que se riega en la ciudad, un calor que no ha podido desaparecer ya que la lluvia no se ha asomado por largos meses. En el aeropuerto, m\u00e1s peque\u00f1o que un avi\u00f3n, te reciben con la invitaci\u00f3n especial de conocer a los h\u00e9roes del Zamora. La ciudad le agradece a Sanvicente.<\/p>\n<p style=\"text-align: justify; padding-left: 60px;\">&#8211;\u00a0\u00a0\u00a0\u00a0\u00a0\u00a0\u00a0\u00a0\u00a0 <strong><i>\u00bfEst\u00e1 contento en Barinas?<\/i><\/strong><\/p>\n<p style=\"text-align: justify; padding-left: 60px;\">&#8211;\u00a0\u00a0\u00a0\u00a0\u00a0\u00a0\u00a0\u00a0\u00a0 <i>S\u00ed. Casi voy a tener dos a\u00f1os ac\u00e1, que r\u00e1pido se va. Vine para que cuando se hable de f\u00fatbol, hablen del Estado Barinas, y que cuando se refieran del f\u00fatbol nacional, se refieran al Zamora. Me considero un barin\u00e9s m\u00e1s a donde vaya, porque ac\u00e1 desde que llegu\u00e9 lo que he recibido es cari\u00f1o, y yo creo que cuando un ser humano recibe cari\u00f1o, jam\u00e1s se podr\u00e1 olvidar de un estado que ha tratado de maravilla. Quien me conoce sabe que soy un agradecido y creo que el Estado Barinas es para m\u00ed lo mejor que me ha pasado en mi carrera.<\/i><\/p>\n<p style=\"text-align: justify; padding-left: 60px;\">&#8211;\u00a0\u00a0\u00a0\u00a0\u00a0\u00a0\u00a0\u00a0\u00a0 <i><strong>Hoy lo pude observar agradecer a las gradas con el escudo en la mano<\/strong>.<\/i><\/p>\n<p style=\"text-align: justify; padding-left: 60px;\">&#8211;\u00a0\u00a0\u00a0\u00a0\u00a0\u00a0\u00a0\u00a0\u00a0 <i>La gente te va contagiando d\u00eda a d\u00eda por todo lo que ocurre. Este es un equipo muy econ\u00f3mico y cortico, pero que deja todo en la cancha. Las estad\u00edsticas indican que es el equipo m\u00e1s barato en los \u00faltimos tres a\u00f1os de la Copa Libertadores, donde ahora se va a enfrentar el m\u00e1s barato con el m\u00e1s caro en la \u00faltima fecha. Imagina, soy un guayan\u00e9s que sali\u00f3 a convertirse en caraque\u00f1o y ahora agarra la nacionalidad barinesa, de los llanos.<\/i><\/p>\n<p style=\"text-align: justify; padding-left: 60px;\">&#8211;\u00a0\u00a0\u00a0\u00a0\u00a0\u00a0\u00a0\u00a0\u00a0 <i><strong>Guayan\u00e9s, caraque\u00f1o, barin\u00e9s\u2026 solo falta completarlo con la selecci\u00f3n \u00bfno?<\/strong><\/i><\/p>\n<p style=\"text-align: justify; padding-left: 60px;\">&#8211;\u00a0\u00a0\u00a0\u00a0\u00a0\u00a0\u00a0\u00a0\u00a0 <i>Yo creo que se est\u00e1 dando todas las cosas para que uno no llegue. Por el silencio, por los nombres que se est\u00e1n colocando.<\/i><\/p>\n<p style=\"text-align: justify; padding-left: 60px;\">&#8211;\u00a0\u00a0\u00a0\u00a0\u00a0\u00a0\u00a0\u00a0\u00a0 <strong><i>\u00bfPero sabe que dentro de la Federaci\u00f3n y selecci\u00f3n, hay gente que desea que llegue?<\/i><\/strong><\/p>\n<p style=\"text-align: justify; padding-left: 60px;\">&#8211;\u00a0\u00a0\u00a0\u00a0\u00a0\u00a0\u00a0\u00a0\u00a0 <i>Tengo gente que quiere, pero amanecer\u00e1 y veremos. Seguiremos trabajando, pero lo que estoy claro es que el contrato de \u201cChita\u201d termina en mayo.<\/i><\/p>\n<p style=\"text-align: center;\"><img loading=\"lazy\" decoding=\"async\" class=\"alignnone size-full wp-image-10631\" alt=\"noel_sanvicente_especial_zamora_29032014_3\" src=\"http:\/\/gradadigital.com\/home\/wp-content\/uploads\/2014\/03\/noel_sanvicente_especial_zamora_29032014_3.jpg\" width=\"682\" height=\"396\" srcset=\"http:\/\/gradadigital.com\/home\/wp-content\/uploads\/2014\/03\/noel_sanvicente_especial_zamora_29032014_3.jpg 682w, http:\/\/gradadigital.com\/home\/wp-content\/uploads\/2014\/03\/noel_sanvicente_especial_zamora_29032014_3-300x174.jpg 300w\" sizes=\"auto, (max-width: 682px) 100vw, 682px\" \/><\/p>\n<p style=\"text-align: justify;\">La ilusi\u00f3n de Noel Sanvicente por La Vinotinto, como bien ha hecho notar a <em>GradaDigital.com<\/em>, se mantiene intacta. El estratega ha tenido el respaldo de la afici\u00f3n que lo ha visto dar la vuelta muchas veces, que ha recibido su compromiso por los clubes a los que ha representado, y que adem\u00e1s festej\u00f3 con ellos. Asumi\u00f3 como estratega del Caracas FC en la temporada 2001-2002 a falta de cuatro juegos, y todo ha dado un giro hacia arriba.<\/p>\n<p style=\"text-align: justify; padding-left: 60px;\">&#8211;\u00a0\u00a0\u00a0\u00a0\u00a0\u00a0\u00a0\u00a0\u00a0 <strong><i>\u00bfQu\u00e9 tanto ha cambiado en su carrera como entrenador?<\/i><\/strong><\/p>\n<p style=\"text-align: justify; padding-left: 60px;\">&#8211;\u00a0\u00a0\u00a0\u00a0\u00a0\u00a0\u00a0\u00a0\u00a0 <i>Errores tenemos cada d\u00eda. Lamentablemente en el f\u00fatbol dos m\u00e1s dos no es cuatro. Soy una persona m\u00e1s tranquila en las declaraciones, pues trato de tomar unos minutos antes de declarar, y eso te lo va dando la experiencia y los a\u00f1os. Uno siempre se equivoca analizando, para bien o mal, algo normal en el t\u00e9cnico. Lo bueno es que el f\u00fatbol siempre te da revancha. Que si uno se equivoca, sea lo menos posible. Tratar de poder tener y dar las herramientas adecuadas al grupo donde se trabaja.<\/i><\/p>\n<p style=\"text-align: justify; padding-left: 60px;\">&#8211;\u00a0\u00a0\u00a0\u00a0\u00a0\u00a0\u00a0\u00a0\u00a0 <strong><i>\u00bfY este recorrido le ha hecho saber qui\u00e9nes son sus verdaderos amigos?<\/i><\/strong><\/p>\n<p style=\"text-align: justify; padding-left: 60px;\">&#8211;\u00a0\u00a0\u00a0\u00a0\u00a0\u00a0\u00a0\u00a0\u00a0 <i>Los amigos son pocos. Amistades tengo much\u00edsimas. Cuando digo amigos es el compartir con la familia, salir, ir a la playa, cenar. Trato de estar siempre solo, y yo celebro con lo que m\u00e1s quiero que es mi familia. Mientras que el f\u00fatbol te da esa amplitud de tener muchas amistades. He ganado bastantes amistades en Barinas, sobre todo los fan\u00e1ticos. Mis emociones son con ellos, gente que trata de no tomarse un refresco para venir a apoyarnos.<\/i><\/p>\n<p style=\"text-align: justify; padding-left: 60px;\">&#8211;\u00a0\u00a0\u00a0\u00a0\u00a0\u00a0\u00a0\u00a0\u00a0 <i><strong>Nos dieron el dato, ya son 25 a\u00f1os de su debut con la Selecci\u00f3n de Venezuela como jugador<\/strong><\/i><\/p>\n<p style=\"text-align: justify; padding-left: 60px;\">&#8211;\u00a0\u00a0\u00a0\u00a0\u00a0\u00a0\u00a0\u00a0\u00a0 <i>No recordaba. S\u00e9 que tuve el partido amistoso en Matur\u00edn, y el entrenador era \u201cMendocita\u201d. No recuerdo mucho, solo que jugu\u00e9 contra Paraguay all\u00e1.<\/i><\/p>\n<p style=\"text-align: justify; padding-left: 60px;\">&#8211;\u00a0\u00a0\u00a0\u00a0\u00a0\u00a0\u00a0\u00a0\u00a0 <strong><i>\u00bfEl deseo es volver como DT?<\/i><\/strong><\/p>\n<p style=\"text-align: justify; padding-left: 60px;\">&#8211;\u00a0\u00a0\u00a0\u00a0\u00a0\u00a0\u00a0\u00a0\u00a0 <i>Esperemos que la vest\u00ed (La Vinotinto), ahora la pueda volver a usar. Simplemente hay que estar tranquilo. Lo que va a ser de uno ser\u00e1 de uno. Si no es ahorita ser\u00e1 despu\u00e9s, sino es en tres meses, es en un a\u00f1o, yo me considero joven, seguir\u00e9 trabajando para poder llegar o poder irme afuera.<\/i><\/p>\n<p style=\"text-align: justify;\">Sanvicente sigui\u00f3 a su habitaci\u00f3n, el destino no era m\u00e1s que otro que observar la repetici\u00f3n del encuentro de sus muchachos ante Nacional. Ver las buenas jugadas, lo que se planific\u00f3 y se cumpli\u00f3, los errores que se cometieron y deber\u00e1n corregir, revivir la alegr\u00eda de la gente, y descansar para que en el nuevo d\u00eda, el trabajo siga siendo la raz\u00f3n para triunfar. As\u00ed se march\u00f3 el h\u00e9roe de su hogar y de la cancha.<\/p>\n<p style=\"text-align: right;\">Barinas, 25 de marzo de 2014<\/p>\n","protected":false},"excerpt":{"rendered":"<p>Miguel Vallenilla &#8211; La noche terminaba, y la ciudad de Barinas se preparaba para concluirla con la alegr\u00eda de haber visto triunfar a su equipo nuevamente en un encuentro de Copa Libertadores. De las gradas retumbaba la ovaci\u00f3n a Pedro Ram\u00edrez, otras m\u00e1s a Juan Falc\u00f3n, y el ya tradicional gesto de agradecimiento a Noel &#8230;<\/p>\n","protected":false},"author":4,"featured_media":10633,"comment_status":"closed","ping_status":"closed","sticky":false,"template":"","format":"standard","meta":{"footnotes":""},"categories":[32,37,5,31,40,3,21],"tags":[286,291,290,285,1854,283,288,284,287,281,118,289,282,221,1847,220],"class_list":["post-10624","post","type-post","status-publish","format-standard","has-post-thumbnail","hentry","category-especial","category-copa-libertadores","category-futbol-nacional","category-primera-division","category-seleccion-nacional-mayores","category-seleccion-nacional","category-zamora-fc","tag-pajaro-vera","tag-campeon","tag-campeones","tag-carlos-rojas","tag-copa-libertadores","tag-entrenador","tag-entrevista","tag-especial-2","tag-grada-digital","tag-noel-chita-sanvicente","tag-noel-sanvicente","tag-reportaje","tag-sanvicente","tag-zamora","tag-zamora-fc","tag-zamora-futbol-club"],"_links":{"self":[{"href":"http:\/\/gradadigital.com\/home\/wp-json\/wp\/v2\/posts\/10624","targetHints":{"allow":["GET"]}}],"collection":[{"href":"http:\/\/gradadigital.com\/home\/wp-json\/wp\/v2\/posts"}],"about":[{"href":"http:\/\/gradadigital.com\/home\/wp-json\/wp\/v2\/types\/post"}],"author":[{"embeddable":true,"href":"http:\/\/gradadigital.com\/home\/wp-json\/wp\/v2\/users\/4"}],"replies":[{"embeddable":true,"href":"http:\/\/gradadigital.com\/home\/wp-json\/wp\/v2\/comments?post=10624"}],"version-history":[{"count":9,"href":"http:\/\/gradadigital.com\/home\/wp-json\/wp\/v2\/posts\/10624\/revisions"}],"predecessor-version":[{"id":10642,"href":"http:\/\/gradadigital.com\/home\/wp-json\/wp\/v2\/posts\/10624\/revisions\/10642"}],"wp:featuredmedia":[{"embeddable":true,"href":"http:\/\/gradadigital.com\/home\/wp-json\/wp\/v2\/media\/10633"}],"wp:attachment":[{"href":"http:\/\/gradadigital.com\/home\/wp-json\/wp\/v2\/media?parent=10624"}],"wp:term":[{"taxonomy":"category","embeddable":true,"href":"http:\/\/gradadigital.com\/home\/wp-json\/wp\/v2\/categories?post=10624"},{"taxonomy":"post_tag","embeddable":true,"href":"http:\/\/gradadigital.com\/home\/wp-json\/wp\/v2\/tags?post=10624"}],"curies":[{"name":"wp","href":"https:\/\/api.w.org\/{rel}","templated":true}]}}