{"id":10610,"date":"2014-03-29T12:18:01","date_gmt":"2014-03-29T16:48:01","guid":{"rendered":"http:\/\/gradadigital.com\/home\/?p=10610"},"modified":"2014-03-29T12:18:01","modified_gmt":"2014-03-29T16:48:01","slug":"andreutti-prosigue-en-su-recuperacion","status":"publish","type":"post","link":"http:\/\/gradadigital.com\/home\/andreutti-prosigue-en-su-recuperacion\/","title":{"rendered":"Andreutti prosigue en su recuperaci\u00f3n"},"content":{"rendered":"<p style=\"text-align: center;\"><img loading=\"lazy\" decoding=\"async\" class=\"alignnone size-full wp-image-10611\" alt=\"ricardo_andreutti_caracas_29032014\" src=\"http:\/\/gradadigital.com\/home\/wp-content\/uploads\/2014\/03\/ricardo_andreutti_caracas_29032014.jpg\" width=\"596\" height=\"346\" srcset=\"http:\/\/gradadigital.com\/home\/wp-content\/uploads\/2014\/03\/ricardo_andreutti_caracas_29032014.jpg 596w, http:\/\/gradadigital.com\/home\/wp-content\/uploads\/2014\/03\/ricardo_andreutti_caracas_29032014-300x174.jpg 300w\" sizes=\"auto, (max-width: 596px) 100vw, 596px\" \/><\/p>\n<p style=\"text-align: justify;\"><strong>Prensa Maggs Producciones. &#8211;\u00a0<\/strong>El jugador del Caracas FC, Ricardo Andreutti culmin\u00f3 su primera semana de recuperaci\u00f3n e inici\u00f3 este s\u00e1bado la segunda etapa de la misma. El fisioterapeuta del club capitalino,\u00a0Kevy\u00a0Oropeza, ha estado a cargo de los trabajos que realiza el mediocampista y espera que cada d\u00eda vaya evolucionando con normalidad.<\/p>\n<p style=\"text-align: justify;\">El due\u00f1o del dorsal n\u00famero quince sufri\u00f3 el mi\u00e9rcoles 19 de marzo una lesi\u00f3n en el quinto metatarsiano de su pie derecho, al estar cumpliendo con regularidad su entrenamiento correspondiente.\u00a0Oropeza\u00a0explic\u00f3 sobre c\u00f3mo fueron estos primeros d\u00edas, destacando que:\u00a0<strong>\u00abEstuvimos haciendo fortalecimiento por irradiaci\u00f3n, siempre respetando la fase fisiol\u00f3gica de la reparaci\u00f3n del hueso. Esta primera semana comenzamos trabajando con rutinas espec\u00edficas,\u00a0 todo el miembro superior, fortalecimiento de espalda,\u00a0 hombro y pectoral,\u00a0 para as\u00ed mantener la coordinaci\u00f3n del tronco. Por otra parte,\u00a0 se hicieron algunos trabajos muy peque\u00f1os en los miembros inferiores.\u00a0 La idea es que \u00e9l no pierda parte de las condiciones f\u00edsicas\u00bb.<\/strong><\/p>\n<p style=\"text-align: justify;\">El fisioterapeuta ya tiene toda la planificaci\u00f3n de lo que har\u00e1 Andreutti cada d\u00eda y coment\u00f3:\u00a0<strong>\u00abEste\u00a0s\u00e1bado (29 de marzo)\u00a0arrancamos la segunda etapa,\u00a0la\u00a0cual ser\u00e1 de movilizaciones continuas de todas las articulaci\u00f3n del tobillo, fortalecimiento espec\u00edfico de la musculatura intr\u00ednseca del pie,\u00a0 parte de la musculatura de la pantorrilla y cu\u00e1driceps. Se le va a cambiar toda la metodolog\u00eda de trabajo por una semana m\u00e1s, siendo unos d\u00edas de adaptaci\u00f3n\u00bb.<\/strong><\/p>\n<p style=\"text-align: justify;\">Desde este\u00a029\u00a0de marzo \u00abRicky\u00bb practicar\u00e1 nuevas formas y\u00a0t\u00e9cnicas en pro de evolucionar satisfactoriamente. La rutina incorporar\u00e1 la aplicaci\u00f3n de fisioterapia con agentes f\u00edsicos para ayudar a la regeneraci\u00f3n del m\u00fasculo, as\u00ed como la\u00a0inclusi\u00f3n\u00a0de trabajo aer\u00f3bico de resistencia en\u00a0piscina:\u00a0<strong>\u00abEsta actividad ser\u00e1 para aumentar un poco lo que es la parte\u00a0cardiovascular,\u00a0ya que no puede apoyar la pierna ni con la bicicleta ni por contacto directo.\u00a0 Ahora iniciaremos la segunda etapa con\u00a0acondicionamiento\u00a0<\/strong><strong>f\u00edsico, vamos a trasladar lo que se hace en cancha al agua,\u00a0 esto va a permitir facilitar la descarga del pie de Ricardo\u00bb<\/strong>,\u00a0explic\u00f3\u00a0Oropeza.<\/p>\n<p style=\"text-align: justify;\">El capitalino trabaja a diario por volver, sus rutinas han cambiado un poco, pero est\u00e1 enfocado en cumplir cada detalle que le manden para regresar con mucha fuerza a las\u00a0canchas y acompa\u00f1ar a los \u2018Rojos del \u00c1vila\u2019 en la recta final del Clausura 2014.<\/p>\n","protected":false},"excerpt":{"rendered":"<p>Prensa Maggs Producciones. &#8211;\u00a0El jugador del Caracas FC, Ricardo Andreutti culmin\u00f3 su primera semana de recuperaci\u00f3n e inici\u00f3 este s\u00e1bado la segunda etapa de la misma. El fisioterapeuta del club capitalino,\u00a0Kevy\u00a0Oropeza, ha estado a cargo de los trabajos que realiza el mediocampista y espera que cada d\u00eda vaya evolucionando con normalidad. El due\u00f1o del dorsal &#8230;<\/p>\n","protected":false},"author":4,"featured_media":10611,"comment_status":"closed","ping_status":"closed","sticky":false,"template":"","format":"standard","meta":{"footnotes":""},"categories":[9,5,31],"tags":[1838,164,279,277,278],"class_list":["post-10610","post","type-post","status-publish","format-standard","has-post-thumbnail","hentry","category-caracas-fc","category-futbol-nacional","category-primera-division","tag-caracas-fc","tag-caracas-futbol-club","tag-recuperacion","tag-ricardo-andreutti","tag-rojo"],"_links":{"self":[{"href":"http:\/\/gradadigital.com\/home\/wp-json\/wp\/v2\/posts\/10610","targetHints":{"allow":["GET"]}}],"collection":[{"href":"http:\/\/gradadigital.com\/home\/wp-json\/wp\/v2\/posts"}],"about":[{"href":"http:\/\/gradadigital.com\/home\/wp-json\/wp\/v2\/types\/post"}],"author":[{"embeddable":true,"href":"http:\/\/gradadigital.com\/home\/wp-json\/wp\/v2\/users\/4"}],"replies":[{"embeddable":true,"href":"http:\/\/gradadigital.com\/home\/wp-json\/wp\/v2\/comments?post=10610"}],"version-history":[{"count":1,"href":"http:\/\/gradadigital.com\/home\/wp-json\/wp\/v2\/posts\/10610\/revisions"}],"predecessor-version":[{"id":10612,"href":"http:\/\/gradadigital.com\/home\/wp-json\/wp\/v2\/posts\/10610\/revisions\/10612"}],"wp:featuredmedia":[{"embeddable":true,"href":"http:\/\/gradadigital.com\/home\/wp-json\/wp\/v2\/media\/10611"}],"wp:attachment":[{"href":"http:\/\/gradadigital.com\/home\/wp-json\/wp\/v2\/media?parent=10610"}],"wp:term":[{"taxonomy":"category","embeddable":true,"href":"http:\/\/gradadigital.com\/home\/wp-json\/wp\/v2\/categories?post=10610"},{"taxonomy":"post_tag","embeddable":true,"href":"http:\/\/gradadigital.com\/home\/wp-json\/wp\/v2\/tags?post=10610"}],"curies":[{"name":"wp","href":"https:\/\/api.w.org\/{rel}","templated":true}]}}