{"id":10607,"date":"2014-03-29T12:13:00","date_gmt":"2014-03-29T16:43:00","guid":{"rendered":"http:\/\/gradadigital.com\/home\/?p=10607"},"modified":"2014-03-29T12:27:15","modified_gmt":"2014-03-29T16:57:15","slug":"febles-visitar-maracay-me-trae-bonitos-recuerdos","status":"publish","type":"post","link":"http:\/\/gradadigital.com\/home\/febles-visitar-maracay-me-trae-bonitos-recuerdos\/","title":{"rendered":"Febles: \u00abVisitar Maracay me trae bonitos recuerdos\u00bb"},"content":{"rendered":"<p dir=\"ltr\" style=\"text-align: center;\"><img loading=\"lazy\" decoding=\"async\" class=\"alignnone size-full wp-image-10608\" alt=\"daniel_febles_caracas_atlvenezuela_16032014\" src=\"http:\/\/gradadigital.com\/home\/wp-content\/uploads\/2014\/03\/daniel_febles_caracas_atlvenezuela_16032014.jpg\" width=\"596\" height=\"346\" srcset=\"http:\/\/gradadigital.com\/home\/wp-content\/uploads\/2014\/03\/daniel_febles_caracas_atlvenezuela_16032014.jpg 596w, http:\/\/gradadigital.com\/home\/wp-content\/uploads\/2014\/03\/daniel_febles_caracas_atlvenezuela_16032014-300x174.jpg 300w\" sizes=\"auto, (max-width: 596px) 100vw, 596px\" \/><\/p>\n<p dir=\"ltr\" style=\"text-align: justify;\"><strong>Prensa Maggs Producciones. &#8211;\u00a0<\/strong>Este s\u00e1bado, a las 7 de la noche, inicia la jornada doce del Torneo Clausura con el partido entre Aragua FC y Atl\u00e9tico Venezuela. Ambos tienen la obligaci\u00f3n de ganar para acortar las distancias con los equipos que se encuentran en los primeros lugares de la tabla y aspirar a lograr un cupo internacional.<\/p>\n<p dir=\"ltr\" style=\"text-align: justify;\">El estadio Hermanos Ghersi de Maracay fue la casa hace algunos a\u00f1os del delantero Daniel Febles, quien en esta oportunidad visitar\u00e1 la ciudad que lo acogi\u00f3 con su actual club,\u00a0 el Atl\u00e9tico Venezuela.\u00a0<strong>\u00abEs una fecha muy especial,\u00a0 desde que se dio el calendario esperaba este d\u00eda. Visitar Maracay me trae bonitos recuerdos por lo que me toc\u00f3 vivir all\u00e1,\u00a0 aunque fue una estancia corta\u00a0 dej\u00e9\u00a0 buenas relaciones y fueron momentos productivos para m\u00ed\u00bb<\/strong>, coment\u00f3 el due\u00f1o del dorsal n\u00famero diez.<\/p>\n<p dir=\"ltr\" style=\"text-align: justify;\">La \u00faltima vez que Febles jug\u00f3 en el Ghersi visti\u00f3 la camiseta del Caracas FC y consigui\u00f3 marcar el gol que le dio la victoria a \u00abLos Rojos del \u00c1vila\u00bb\u00a0 En esta cancha al jugador le ha ido muy bien y espera que se repita:\u00a0<strong>\u00abTuve la fortuna de marcar en ese partido de Copa Venezuela,\u00a0 aparte del tanto me quedo con el juego que para m\u00ed fue muy bueno.\u00a0 Siempre he tenido buen rendimiento cuando juego en Maracay,\u00a0 Dios quiera se repita en esta jornada y pueda darle los tres puntos al Atl\u00e9tico\u00bb.<\/strong><\/p>\n<p dir=\"ltr\" style=\"text-align: justify;\">Con respecto a lo que se disputan en esta fecha, \u00e9l est\u00e1 muy claro que no pueden dejar escapar nada si desean trascender y reconoci\u00f3 que los arag\u00fce\u00f1os tienen el mismo objetivo:\u00a0<strong>\u00abTiene ese plus de que ambos equipos ven\u00edamos sin ganar y el domingo pasado conseguimos salir de ese bache.\u00a0 Para los dos es importante mantener la racha de victorias,\u00a0 esperemos que los beneficiados all\u00e1 seamos nosotros\u00bb.<\/strong><\/p>\n<p dir=\"ltr\" style=\"text-align: justify;\">Son pocos los duelos que quedan para bajar el tel\u00f3n del Clausura, cualquier error puede ser vital y el cuadro nacional aspira a no tener m\u00e1s traspi\u00e9s.\u00a0 Su meta siempre fue obtener el boleto internacional,\u00a0 actualmente piensan en llegar lo mejor posible a la Pre-Sudamericana; sin embargo, no descartan que puedan alcanzar su sue\u00f1o de manera directa:\u00a0<strong>\u00abEstamos\u00a0 a cinco puntos de lo que ser\u00eda entrar a una copa internacional de manera directa,\u00a0 pero en este torneo puede pasar cualquier cosa, en los \u00faltimos todo se ha determinado en la \u00faltima fecha, pero lo m\u00e1s sensato para nuestro grupo es ir partido tras partido para mejorar de cara al octogonal. Si tenemos la oportunidad de clasificar directamente,\u00a0 bienvenido sea\u00bb<\/strong>, finaliz\u00f3 el atacante.<\/p>\n","protected":false},"excerpt":{"rendered":"<p>Prensa Maggs Producciones. &#8211;\u00a0Este s\u00e1bado, a las 7 de la noche, inicia la jornada doce del Torneo Clausura con el partido entre Aragua FC y Atl\u00e9tico Venezuela. Ambos tienen la obligaci\u00f3n de ganar para acortar las distancias con los equipos que se encuentran en los primeros lugares de la tabla y aspirar a lograr un &#8230;<\/p>\n","protected":false},"author":4,"featured_media":10608,"comment_status":"closed","ping_status":"closed","sticky":false,"template":"","format":"standard","meta":{"footnotes":""},"categories":[7,5,31],"tags":[1835,276,275,82,216],"class_list":["post-10607","post","type-post","status-publish","format-standard","has-post-thumbnail","hentry","category-atletico-venezuela","category-futbol-nacional","category-primera-division","tag-aragua-fc","tag-daniel-febles","tag-danny-febles","tag-futbol-venezolano","tag-futve"],"_links":{"self":[{"href":"http:\/\/gradadigital.com\/home\/wp-json\/wp\/v2\/posts\/10607","targetHints":{"allow":["GET"]}}],"collection":[{"href":"http:\/\/gradadigital.com\/home\/wp-json\/wp\/v2\/posts"}],"about":[{"href":"http:\/\/gradadigital.com\/home\/wp-json\/wp\/v2\/types\/post"}],"author":[{"embeddable":true,"href":"http:\/\/gradadigital.com\/home\/wp-json\/wp\/v2\/users\/4"}],"replies":[{"embeddable":true,"href":"http:\/\/gradadigital.com\/home\/wp-json\/wp\/v2\/comments?post=10607"}],"version-history":[{"count":1,"href":"http:\/\/gradadigital.com\/home\/wp-json\/wp\/v2\/posts\/10607\/revisions"}],"predecessor-version":[{"id":10609,"href":"http:\/\/gradadigital.com\/home\/wp-json\/wp\/v2\/posts\/10607\/revisions\/10609"}],"wp:featuredmedia":[{"embeddable":true,"href":"http:\/\/gradadigital.com\/home\/wp-json\/wp\/v2\/media\/10608"}],"wp:attachment":[{"href":"http:\/\/gradadigital.com\/home\/wp-json\/wp\/v2\/media?parent=10607"}],"wp:term":[{"taxonomy":"category","embeddable":true,"href":"http:\/\/gradadigital.com\/home\/wp-json\/wp\/v2\/categories?post=10607"},{"taxonomy":"post_tag","embeddable":true,"href":"http:\/\/gradadigital.com\/home\/wp-json\/wp\/v2\/tags?post=10607"}],"curies":[{"name":"wp","href":"https:\/\/api.w.org\/{rel}","templated":true}]}}