{"id":1054,"date":"2013-06-01T17:27:57","date_gmt":"2013-06-01T21:57:57","guid":{"rendered":"http:\/\/gradadigital.com\/home\/?p=1054"},"modified":"2013-06-05T00:12:43","modified_gmt":"2013-06-05T04:42:43","slug":"mauricio-parra-se-pondra-la-rojinegra-del-cd-lara","status":"publish","type":"post","link":"http:\/\/gradadigital.com\/home\/mauricio-parra-se-pondra-la-rojinegra-del-cd-lara\/","title":{"rendered":"Mauricio Parra se pondr\u00e1 la rojinegra del CD Lara"},"content":{"rendered":"<p style=\"text-align: center;\"><img decoding=\"async\" alt=\"http:\/\/www.gradadigital.com\/principal\/images\/stories\/mauricio_parra_tachira_zulia_20052012.jpg\" src=\"http:\/\/www.gradadigital.com\/principal\/images\/stories\/mauricio_parra_tachira_zulia_20052012.jpg\" \/><\/p>\n<p style=\"text-align: justify;\"><strong>Tomy Arguelles &#8211;<\/strong> El volante tachirense Mauricio Parra firm\u00f3 con el Deportivo Lara por las pr\u00f3ximas tres temporadas y se pondr\u00e1 a las \u00f3rdenes del timonel Len\u00edn Bastidas para la pretemporada.<\/p>\n<p style=\"text-align: justify;\">El jugador que ten\u00eda seis a\u00f1os jugando con la camiseta aurinegra, manifest\u00f3 sentirse agradecido por esta nueva etapa que vivir\u00e1 en su carrera. <strong>\u201cEstoy muy agradecido con la junta directiva por esta oportunidad de ir al Deportivo Lara a demostrar lo que uno puede dar, estar\u00e9 con el equipo por las pr\u00f3ximas tres temporadas\u201d<\/strong>, anunci\u00f3 el volante que puede fungir tanto como volante de primera como de segunda l\u00ednea.<\/p>\n<p style=\"text-align: justify;\">En lo referente a la calidad de jugadores que posee dentro de su n\u00f3mina el Deportivo Lara, el andino revel\u00f3. <strong>\u201cHay muchos jugadores, por no decirlos todos, que tienen mucho recorrido a nivel nacional y hasta internacional, con buen pie y lo m\u00e1s importante es que son ganadores y les gusta hacer las cosas bien\u201d<\/strong>.<\/p>\n<p style=\"text-align: justify;\">Inquietado, en lo concerniente a si los resultados que a nivel deportivo ha obtenido el equipo en su corta historia fue lo que lo motiv\u00f3 a venirse a la capital musical de Venezuela, agreg\u00f3. <strong>\u201cPor supuesto que s\u00ed, soy un tipo que me gusta ganar y estar peleando t\u00edtulos todas las temporadas, y si te pones a ver los jugadores que hay en el Deportivo Lara han ganado mucho\u201d<\/strong>.<\/p>\n<p style=\"text-align: justify;\">Por \u00faltimo, anticip\u00f3 lo que, a nivel general, puede ser la temporada 2013-2014. <strong>\u201cCreo que los \u00faltimos dos campeonatos han sido muy peleados y este creo que ser\u00e1 muy cerrado tambi\u00e9n, lo ideal es que empecemos con buen pie, al Deportivo Lara lo veo muy bien, la \u00faltima imagen que tengo de este equipo fue cuando vinieron hace poco a jugar en San Crist\u00f3bal (3-3) y la verdad que jugaron a un gran nivel\u201d<\/strong>, finaliz\u00f3.<\/p>\n<p style=\"text-align: justify;\">Este es el cuarto jugador tachirense del club, uni\u00e9ndose a Edgar P\u00e9rez Greco, Marlon Fern\u00e1ndez y Bladimir Morales.<\/p>\n<p style=\"text-align: justify;\"><strong><span style=\"text-decoration: underline;\">Ficha T\u00e9cnica:<\/span><br \/>\nNombre Completo:<\/strong> Jos\u00e9 Mauricio Parra Perdomo.<br \/>\n<strong>Posici\u00f3n:<\/strong> Mediocampista.<br \/>\n<strong>Fecha de Nacimiento:<\/strong> 06 de febrero de 1990.<br \/>\n<strong>Lugar de Nacimiento:<\/strong> San Crist\u00f3bal (T\u00e1chira).<br \/>\n<strong>Estatura:<\/strong> 1.69 mts.<br \/>\n<strong>Peso:<\/strong> 71 kgs.<br \/>\n<strong>\u00daltimo equipo:<\/strong> Deportivo T\u00e1chira FC.<\/p>\n<p style=\"text-align: justify;\">Milit\u00f3 con La Vinotinto Sub-20 tanto en el Sudamericano efectuado en Puerto La Cruz en el a\u00f1o 2009 y en el Mundial de esa categor\u00eda efectuado en Egipto en ese mismo per\u00edodo.<\/p>\n","protected":false},"excerpt":{"rendered":"<p>Tomy Arguelles &#8211; El volante tachirense Mauricio Parra firm\u00f3 con el Deportivo Lara por las pr\u00f3ximas tres temporadas y se pondr\u00e1 a las \u00f3rdenes del timonel Len\u00edn Bastidas para la pretemporada. El jugador que ten\u00eda seis a\u00f1os jugando con la camiseta aurinegra, manifest\u00f3 sentirse agradecido por esta nueva etapa que vivir\u00e1 en su carrera. \u201cEstoy &#8230;<\/p>\n","protected":false},"author":3,"featured_media":1055,"comment_status":"closed","ping_status":"closed","sticky":false,"template":"","format":"standard","meta":{"footnotes":""},"categories":[8,11,5,31],"tags":[],"class_list":["post-1054","post","type-post","status-publish","format-standard","has-post-thumbnail","hentry","category-cd-lara","category-deportivo-tachira","category-futbol-nacional","category-primera-division"],"_links":{"self":[{"href":"http:\/\/gradadigital.com\/home\/wp-json\/wp\/v2\/posts\/1054","targetHints":{"allow":["GET"]}}],"collection":[{"href":"http:\/\/gradadigital.com\/home\/wp-json\/wp\/v2\/posts"}],"about":[{"href":"http:\/\/gradadigital.com\/home\/wp-json\/wp\/v2\/types\/post"}],"author":[{"embeddable":true,"href":"http:\/\/gradadigital.com\/home\/wp-json\/wp\/v2\/users\/3"}],"replies":[{"embeddable":true,"href":"http:\/\/gradadigital.com\/home\/wp-json\/wp\/v2\/comments?post=1054"}],"version-history":[{"count":4,"href":"http:\/\/gradadigital.com\/home\/wp-json\/wp\/v2\/posts\/1054\/revisions"}],"predecessor-version":[{"id":1057,"href":"http:\/\/gradadigital.com\/home\/wp-json\/wp\/v2\/posts\/1054\/revisions\/1057"}],"wp:featuredmedia":[{"embeddable":true,"href":"http:\/\/gradadigital.com\/home\/wp-json\/wp\/v2\/media\/1055"}],"wp:attachment":[{"href":"http:\/\/gradadigital.com\/home\/wp-json\/wp\/v2\/media?parent=1054"}],"wp:term":[{"taxonomy":"category","embeddable":true,"href":"http:\/\/gradadigital.com\/home\/wp-json\/wp\/v2\/categories?post=1054"},{"taxonomy":"post_tag","embeddable":true,"href":"http:\/\/gradadigital.com\/home\/wp-json\/wp\/v2\/tags?post=1054"}],"curies":[{"name":"wp","href":"https:\/\/api.w.org\/{rel}","templated":true}]}}