{"id":10533,"date":"2014-03-27T10:56:43","date_gmt":"2014-03-27T15:26:43","guid":{"rendered":"http:\/\/gradadigital.com\/home\/?p=10533"},"modified":"2014-03-27T13:45:27","modified_gmt":"2014-03-27T18:15:27","slug":"vinotinto-femenina-buscara-el-pase-a-semifinales","status":"publish","type":"post","link":"http:\/\/gradadigital.com\/home\/vinotinto-femenina-buscara-el-pase-a-semifinales\/","title":{"rendered":"Vinotinto femenina buscar\u00e1 el pase a semifinales"},"content":{"rendered":"<p style=\"text-align: center;\"><img loading=\"lazy\" decoding=\"async\" class=\"alignnone size-full wp-image-10466\" alt=\"venezuela_italia_celebracion_22032014\" src=\"http:\/\/gradadigital.com\/home\/wp-content\/uploads\/2014\/03\/venezuela_italia_celebracion_22032014.jpg\" width=\"596\" height=\"346\" srcset=\"http:\/\/gradadigital.com\/home\/wp-content\/uploads\/2014\/03\/venezuela_italia_celebracion_22032014.jpg 596w, http:\/\/gradadigital.com\/home\/wp-content\/uploads\/2014\/03\/venezuela_italia_celebracion_22032014-300x174.jpg 300w\" sizes=\"auto, (max-width: 596px) 100vw, 596px\" \/><\/p>\n<p style=\"text-align: justify;\"><strong>Prensa FVF, Caracas. &#8211;<\/strong> Despu\u00e9s de haber disputado una primera fase perfecta, las Vinotinto Sub-17 tiene ahora la tarea\u00a0de salir victoriosas de los cuartos de final del Mundial FIFA de Costa Rica 2014, instancia en la que\u00a0se medir\u00e1n a Canad\u00e1 el pr\u00f3ximo jueves, 27 de marzo, a las 3:30 pm, en el Estadio Nacional San\u00a0Jos\u00e9.<\/p>\n<p style=\"text-align: justify;\">Las dirigidas por Kenneth Zseremeta ser\u00e1n la primera Selecci\u00f3n venezolana en competir en los\u00a0cuartos de final de un Mundial, y tienen la convicci\u00f3n de seguir avanzando en la competencia para\u00a0seguir llenando su participaci\u00f3n mundialista de records nacionales.<\/p>\n<p style=\"text-align: justify;\"><strong>\u00abVamos paso a paso, todos estamos tranquilos y enfocados, las muchachas est\u00e1n aisladas de todo\u00a0para que no pierdan el norte y est\u00e9n tranquilas\u00bb<\/strong>, cont\u00f3 Jos\u00e9 Catoya, Coordinador de la Selecci\u00f3n\u00a0Vinotinto.<\/p>\n<p style=\"text-align: justify;\">Para preparar los cuartos de final las Vinotinto tuvieron cuatro d\u00edas, que aprovecharon con\u00a0entrenamientos diarios y un partidos amistoso en el que las suplentes vieron minutos y vencieron\u00a07-0 al San Francisco FC, campe\u00f3n de la Liga costarricense.<\/p>\n<p style=\"text-align: justify;\"><strong>\u00abHemos tenidos trabajos de recuperaci\u00f3n, t\u00e9cnicos y t\u00e1cticos. Gracias a Dios todo el equipo est\u00e1\u00a0en perfectas condiciones para seguir adelante en el torneo. Le dimos minutos a las suplentes en\u00a0un amistoso ante el Campe\u00f3n de la Liga para tenerlas preparadas\u00bb<\/strong>, dijo Catoya.<\/p>\n<p style=\"text-align: justify;\">La oncena nacional cambiar\u00e1 el horario de competencia, hasta ahora las venezolanas han\u00a0competido en las \u00faltimas horas del d\u00eda, ma\u00f1ana se medir\u00e1 a las norteamericanas a las 2:00\u00a0pm (hora Costa Rica). <strong>\u00abEl clima no nos va afectar, es la misma temperatura que tenemos en\u00a0Venezuela. El cambio de hora podr\u00eda afectar a las canadienses que vienen de clima totalmente\u00a0fr\u00edo\u00bb<\/strong>, asegur\u00f3 el Coordinador Vinotinto y tambi\u00e9n Asistente T\u00e9cnico de Kenneth Zseremeta.<\/p>\n<p style=\"text-align: justify;\">En cuanto la alineaci\u00f3n se pudo conocer que, hasta ahora, no habr\u00e1 muchas variantes con\u00a0respecto a la que utiliz\u00f3 el Seleccionador Nacional en el partido ante Italia, en la que se form\u00f3\u00a0con Franyely Rodr\u00edguez en el arco; Michelle Romero, Ver\u00f3nica Herrera, B\u00e1rbara Serrano y Yuleisi\u00a0Rivero en la defensa; Daniuska Rodr\u00edguez, Tahicelis Marcano; Lourdes Moreno, Yosneidi Zambrano\u00a0y Deyna Castallenos en el medio y Gabriela Garc\u00eda en la delantera.<\/p>\n<p style=\"text-align: justify;\"><strong>Cuatro Vinotintos en el once ideal de la primera fase<\/strong><br \/>\nAyer se conoci\u00f3 el once ideal del Mundial Femenino Sub 17, Costa Rica 2014, en el que figuran\u00a0cuatro jugadoras venezolanas, destacando tambi\u00e9n que s\u00f3lo Venezuela y Jap\u00f3n repiten futbolistas\u00a0en la alineaci\u00f3n ideal de la primera fase de la competencia.<\/p>\n<p style=\"text-align: justify;\">La primera en aparecer es la guardameta criolla, Franyely Rodr\u00edguez, que mantuvo el arco nacional\u00a0en cero tras los tres primeros partidos.<\/p>\n<p style=\"text-align: justify;\">M\u00e1s abajo, en la defensa, encontramos a Sandra Luzardo quien ha destacado por sus claros\u00a0despejes en la \u00faltima l\u00ednea, y en la delantera sobresalen Deyna Castellanos y Gabriela Garc\u00eda, las\u00a0dos Vinotino que encabezan la tabla de goleadoras del Mundial.<\/p>\n<p style=\"text-align: justify;\"><strong>Top 10 de los mejores goles:<\/strong><br \/>\nAyer tambi\u00e9n se mostraron los 10 mejores goles de la fase de grupos del Mundial, colocando en el\u00a0primer lugar el tanto que anot\u00f3 la Capitana criolla Lourdes \u00abKika\u00bb Moreno en el partido del debut\u00a0ante el anfitri\u00f3n, Costa Rica.<\/p>\n<p style=\"text-align: justify;\"><strong>Cuartos de Final<\/strong><br \/>\n\u2022 Venezuela vs Canad\u00e1 &#8211; Estadio Nacional de San Jos\u00e9 \u2013 3:30pm<br \/>\n\u2022 Ghana vs Italia<br \/>\n\u2022 Jap\u00f3n vs M\u00e9xico \u2013 Estadio Edgardo Baltodano Brice\u00f1o &#8211; Liberia \u2013 6:30 pm<br \/>\n\u2022 Nigeria vs Espa\u00f1a<\/p>\n<p style=\"text-align: justify;\"><strong>Semifinales<\/strong><br \/>\n\u2022 Ganador Venezuela &#8211; Canad\u00e1 vs Ganador Jap\u00f3n &#8211; M\u00e9xico<br \/>\n\u2022 Ganador Ghana \u2013Italia vs Ganador Nigeria- Espa\u00f1a<\/p>\n","protected":false},"excerpt":{"rendered":"<p>Prensa FVF, Caracas. &#8211; Despu\u00e9s de haber disputado una primera fase perfecta, las Vinotinto Sub-17 tiene ahora la tarea\u00a0de salir victoriosas de los cuartos de final del Mundial FIFA de Costa Rica 2014, instancia en la que\u00a0se medir\u00e1n a Canad\u00e1 el pr\u00f3ximo jueves, 27 de marzo, a las 3:30 pm, en el Estadio Nacional San\u00a0Jos\u00e9. &#8230;<\/p>\n","protected":false},"author":4,"featured_media":10466,"comment_status":"closed","ping_status":"closed","sticky":false,"template":"","format":"standard","meta":{"footnotes":""},"categories":[41,26,3],"tags":[239,114,238,110,112,237,240,51,241,71,235],"class_list":["post-10533","post","type-post","status-publish","format-standard","has-post-thumbnail","hentry","category-futbol-femenino","category-seleccion-femenina","category-seleccion-nacional","tag-copa-del-mundo","tag-deyna-castellanos","tag-femenino","tag-fifa","tag-kenneth-zseremeta","tag-mundial-sub-17","tag-s-17","tag-venezuela","tag-veronica-herera","tag-vinotinto","tag-world-cup"],"_links":{"self":[{"href":"http:\/\/gradadigital.com\/home\/wp-json\/wp\/v2\/posts\/10533","targetHints":{"allow":["GET"]}}],"collection":[{"href":"http:\/\/gradadigital.com\/home\/wp-json\/wp\/v2\/posts"}],"about":[{"href":"http:\/\/gradadigital.com\/home\/wp-json\/wp\/v2\/types\/post"}],"author":[{"embeddable":true,"href":"http:\/\/gradadigital.com\/home\/wp-json\/wp\/v2\/users\/4"}],"replies":[{"embeddable":true,"href":"http:\/\/gradadigital.com\/home\/wp-json\/wp\/v2\/comments?post=10533"}],"version-history":[{"count":3,"href":"http:\/\/gradadigital.com\/home\/wp-json\/wp\/v2\/posts\/10533\/revisions"}],"predecessor-version":[{"id":10537,"href":"http:\/\/gradadigital.com\/home\/wp-json\/wp\/v2\/posts\/10533\/revisions\/10537"}],"wp:featuredmedia":[{"embeddable":true,"href":"http:\/\/gradadigital.com\/home\/wp-json\/wp\/v2\/media\/10466"}],"wp:attachment":[{"href":"http:\/\/gradadigital.com\/home\/wp-json\/wp\/v2\/media?parent=10533"}],"wp:term":[{"taxonomy":"category","embeddable":true,"href":"http:\/\/gradadigital.com\/home\/wp-json\/wp\/v2\/categories?post=10533"},{"taxonomy":"post_tag","embeddable":true,"href":"http:\/\/gradadigital.com\/home\/wp-json\/wp\/v2\/tags?post=10533"}],"curies":[{"name":"wp","href":"https:\/\/api.w.org\/{rel}","templated":true}]}}