{"id":10522,"date":"2014-03-26T02:50:02","date_gmt":"2014-03-26T07:20:02","guid":{"rendered":"http:\/\/gradadigital.com\/home\/?p=10522"},"modified":"2014-03-26T03:57:52","modified_gmt":"2014-03-26T08:27:52","slug":"video-asi-fueron-los-goles-del-zamora-fc-ante-nacional-por-la-copa-libertadores","status":"publish","type":"post","link":"http:\/\/gradadigital.com\/home\/video-asi-fueron-los-goles-del-zamora-fc-ante-nacional-por-la-copa-libertadores\/","title":{"rendered":"VIDEO | As\u00ed fueron los goles del Zamora FC ante Nacional por la Copa Libertadores"},"content":{"rendered":"<p style=\"text-align: center;\"><iframe loading=\"lazy\" width=\"682\" height=\"348\" src=\"http:\/\/www.youtube.com\/embed\/YdbpuHKSIS0?rel=0\" frameborder=\"0\" allowfullscreen><\/iframe>\n<p style=\"text-align: justify;\"><strong>GradaDigital.com &#8211;<\/strong> Un nuevo triunfo para un equipo que sigue venciendo las adversidades, y dejando asombrados a quienes no le daban alg\u00fan punto en la lucha por el Grupo 4. As\u00ed, con los goles de Juan Falc\u00f3n y John Murillo, el Zamora F\u00fatbol Club logr\u00f3 su segunda victoria en la Copa Libertadores, escalando al segundo puesto de la tabla, y tener las esperanzas de cumplir el objetivo de trascender a la siguiente fase. <em><strong>\u00a1Mira los goles que hicieron vibrar a Barinas!<\/strong><\/em><\/p>\n","protected":false},"excerpt":{"rendered":"<p>GradaDigital.com &#8211; Un nuevo triunfo para un equipo que sigue venciendo las adversidades, y dejando asombrados a quienes no le daban alg\u00fan punto en la lucha por el Grupo 4. As\u00ed, con los goles de Juan Falc\u00f3n y John Murillo, el Zamora F\u00fatbol Club logr\u00f3 su segunda victoria en la Copa Libertadores, escalando al segundo &#8230;<\/p>\n","protected":false},"author":4,"featured_media":10508,"comment_status":"closed","ping_status":"closed","sticky":false,"template":"","format":"standard","meta":{"footnotes":""},"categories":[27,37,36,21],"tags":[69,233,1854,231,234,127,222,117,208,232,51,188,221],"class_list":["post-10522","post","type-post","status-publish","format-standard","has-post-thumbnail","hentry","category-video","category-copa-libertadores","category-internacional","category-zamora-fc","tag-barinas","tag-chita","tag-copa-libertadores","tag-go-pro","tag-goals","tag-goles","tag-john-murillo","tag-juan-falcon","tag-nacional","tag-noel-sanviente","tag-venezuela","tag-video-2","tag-zamora"],"_links":{"self":[{"href":"http:\/\/gradadigital.com\/home\/wp-json\/wp\/v2\/posts\/10522","targetHints":{"allow":["GET"]}}],"collection":[{"href":"http:\/\/gradadigital.com\/home\/wp-json\/wp\/v2\/posts"}],"about":[{"href":"http:\/\/gradadigital.com\/home\/wp-json\/wp\/v2\/types\/post"}],"author":[{"embeddable":true,"href":"http:\/\/gradadigital.com\/home\/wp-json\/wp\/v2\/users\/4"}],"replies":[{"embeddable":true,"href":"http:\/\/gradadigital.com\/home\/wp-json\/wp\/v2\/comments?post=10522"}],"version-history":[{"count":2,"href":"http:\/\/gradadigital.com\/home\/wp-json\/wp\/v2\/posts\/10522\/revisions"}],"predecessor-version":[{"id":10528,"href":"http:\/\/gradadigital.com\/home\/wp-json\/wp\/v2\/posts\/10522\/revisions\/10528"}],"wp:featuredmedia":[{"embeddable":true,"href":"http:\/\/gradadigital.com\/home\/wp-json\/wp\/v2\/media\/10508"}],"wp:attachment":[{"href":"http:\/\/gradadigital.com\/home\/wp-json\/wp\/v2\/media?parent=10522"}],"wp:term":[{"taxonomy":"category","embeddable":true,"href":"http:\/\/gradadigital.com\/home\/wp-json\/wp\/v2\/categories?post=10522"},{"taxonomy":"post_tag","embeddable":true,"href":"http:\/\/gradadigital.com\/home\/wp-json\/wp\/v2\/tags?post=10522"}],"curies":[{"name":"wp","href":"https:\/\/api.w.org\/{rel}","templated":true}]}}