{"id":10486,"date":"2014-03-25T13:47:18","date_gmt":"2014-03-25T18:17:18","guid":{"rendered":"http:\/\/gradadigital.com\/home\/?p=10486"},"modified":"2014-03-25T13:47:18","modified_gmt":"2014-03-25T18:17:18","slug":"rey-hay-que-pensar-en-ganarle-al-caracas","status":"publish","type":"post","link":"http:\/\/gradadigital.com\/home\/rey-hay-que-pensar-en-ganarle-al-caracas\/","title":{"rendered":"Rey: \u00abHay que pensar en ganarle al Caracas\u00bb"},"content":{"rendered":"<p style=\"text-align: center;\"><img loading=\"lazy\" decoding=\"async\" class=\"alignnone size-full wp-image-9773\" alt=\"jose_manuel_rey_deportivo_lara_tucanes_02032014\" src=\"http:\/\/gradadigital.com\/home\/wp-content\/uploads\/2014\/03\/jose_manuel_rey_deportivo_lara_tucanes_02032014.jpg\" width=\"596\" height=\"346\" srcset=\"http:\/\/gradadigital.com\/home\/wp-content\/uploads\/2014\/03\/jose_manuel_rey_deportivo_lara_tucanes_02032014.jpg 596w, http:\/\/gradadigital.com\/home\/wp-content\/uploads\/2014\/03\/jose_manuel_rey_deportivo_lara_tucanes_02032014-300x174.jpg 300w\" sizes=\"auto, (max-width: 596px) 100vw, 596px\" \/><\/p>\n<p style=\"text-align: justify;\"><strong>Lcdo. Ram\u00f3n Medina-\u00a0<\/strong>El rojinegro jug\u00f3 la jornada 11 del Torneo Clausura 2014 ante el Carabobo FC en\u00a0el Estadio Metropolitano, con saldo de 2-4 en contra para los dirigidos por Rafael\u00a0Jos\u00e9 Manuel Rey, analiz\u00f3 profundamente el rev\u00e9s como local, d\u00e1ndole fin a\u00a0una racha invicta de 10 fechas para la plantilla crepuscular en lo que va del\u00a0campeonato semestral.<\/p>\n<p style=\"text-align: justify;\">\u201cLastimosamente no estuvimos bien en defensa, nos marcaron de inicio muy r\u00e1pido,\u00a0son cosas que no deben ocurrir porque nosotros trabajamos ya sabiendo lo que iba a\u00a0ser el rival y nos hacen da\u00f1o en lo que m\u00e1s entrenamos durante la semana.\u201d Fueron las\u00a0primeras palabras del Tetero Rey.<\/p>\n<p style=\"text-align: justify;\">Para el ex vinotinto, \u00e9l y sus compa\u00f1eros mostraron una actitud ofensiva que ya\u00a0se hab\u00eda planificado durante la semana, aunque en estos 90 minutos no hubo\u00a0suerte. \u201cEl equipo siempre propuso, siempre tratando de emparejar las acciones, creo\u00a0que tuvimos tres postes, el arco no quiere mucho con nosotros, en la semana nosotros\u00a0entrenamos mucho los tiros libres y sal\u00eda iba bien, llega el partido y nos cuesta, no se si\u00a0es por el momento o ansiedad de querer marcar.\u201d<\/p>\n<p style=\"text-align: justify;\">El zaguero considera a Edgar P\u00e9rez Greco como el mejor cobrador del el punto\u00a0penal en los entrenamientos, y lament\u00f3 esa jugada que pudo haber cambiado\u00a0el destino del partido. \u201cCon todas las adversidades tuvimos una oportunidad como\u00a0un penal, Greco en los entrenamientos demuestra que es el mejor cuando los cobra\u00a0pero el palo tambi\u00e9n le dijo que no, pero no nos vamos a hundir, esto nos hace m\u00e1s\u00a0fuerte, debemos pensar en el siguiente rival, somos un equipo que da todo en los\u00a0entrenamientos, pero hoy se nos hizo esquivo.\u201d<\/p>\n<p style=\"text-align: justify;\">En la zaga defensiva, Rey hizo un mea culpa, pero en la ofensiva consider\u00f3 que el\u00a0equipo estuvo solvente durante la mayor parte del partido, aunque el Depor no\u00a0aprovech\u00f3 sus oportunidades y jugando con un hombre m\u00e1s. \u201cNosotros hoy (ayer)\u00a0en defensa fue donde no mostramos la mejor cara, de ah\u00ed en delante los apabullamos,\u00a0siempre estuvimos con llegadas, hubo claras para marcar, pero ellos tienen buen\u00a0portero, la defensa se par\u00f3 bien y los postes jugaron en favor de ellos, el f\u00fatbol es as\u00ed\u00a0a veces y no hay explicaciones, lo que si depende de nosotros es la actitud ganadora,\u00a0sabemos que cometimos errores y tenemos una semana para trabajar en ellos.\u201d<\/p>\n<p style=\"text-align: justify;\">\u201cIndependientemente de lo que sucedi\u00f3, ya debemos pensar en la semana en el\u00a0siguiente rival, debemos mejorar las cosas que hicimos mal, queremos mejorar lo hecho\u00a0de visitante porque lo hemos hecho bien, y pensar en ganarle al Caracas.\u201d Apunt\u00f3 el\u00a0rojinegro d\u00e1ndole fin a esta jornada.<\/p>\n","protected":false},"excerpt":{"rendered":"<p>Lcdo. Ram\u00f3n Medina-\u00a0El rojinegro jug\u00f3 la jornada 11 del Torneo Clausura 2014 ante el Carabobo FC en\u00a0el Estadio Metropolitano, con saldo de 2-4 en contra para los dirigidos por Rafael\u00a0Jos\u00e9 Manuel Rey, analiz\u00f3 profundamente el rev\u00e9s como local, d\u00e1ndole fin a\u00a0una racha invicta de 10 fechas para la plantilla crepuscular en lo que va del\u00a0campeonato &#8230;<\/p>\n","protected":false},"author":4,"featured_media":9773,"comment_status":"closed","ping_status":"closed","sticky":false,"template":"","format":"standard","meta":{"footnotes":""},"categories":[8,5,31],"tags":[1838,164,214,62,82,213],"class_list":["post-10486","post","type-post","status-publish","format-standard","has-post-thumbnail","hentry","category-cd-lara","category-futbol-nacional","category-primera-division","tag-caracas-fc","tag-caracas-futbol-club","tag-club-deportivo-lara","tag-deportivo-lara","tag-futbol-venezolano","tag-jose-manuel-rey"],"_links":{"self":[{"href":"http:\/\/gradadigital.com\/home\/wp-json\/wp\/v2\/posts\/10486","targetHints":{"allow":["GET"]}}],"collection":[{"href":"http:\/\/gradadigital.com\/home\/wp-json\/wp\/v2\/posts"}],"about":[{"href":"http:\/\/gradadigital.com\/home\/wp-json\/wp\/v2\/types\/post"}],"author":[{"embeddable":true,"href":"http:\/\/gradadigital.com\/home\/wp-json\/wp\/v2\/users\/4"}],"replies":[{"embeddable":true,"href":"http:\/\/gradadigital.com\/home\/wp-json\/wp\/v2\/comments?post=10486"}],"version-history":[{"count":1,"href":"http:\/\/gradadigital.com\/home\/wp-json\/wp\/v2\/posts\/10486\/revisions"}],"predecessor-version":[{"id":10487,"href":"http:\/\/gradadigital.com\/home\/wp-json\/wp\/v2\/posts\/10486\/revisions\/10487"}],"wp:featuredmedia":[{"embeddable":true,"href":"http:\/\/gradadigital.com\/home\/wp-json\/wp\/v2\/media\/9773"}],"wp:attachment":[{"href":"http:\/\/gradadigital.com\/home\/wp-json\/wp\/v2\/media?parent=10486"}],"wp:term":[{"taxonomy":"category","embeddable":true,"href":"http:\/\/gradadigital.com\/home\/wp-json\/wp\/v2\/categories?post=10486"},{"taxonomy":"post_tag","embeddable":true,"href":"http:\/\/gradadigital.com\/home\/wp-json\/wp\/v2\/tags?post=10486"}],"curies":[{"name":"wp","href":"https:\/\/api.w.org\/{rel}","templated":true}]}}