{"id":10439,"date":"2014-03-24T02:22:10","date_gmt":"2014-03-24T06:52:10","guid":{"rendered":"http:\/\/gradadigital.com\/home\/?p=10439"},"modified":"2014-03-24T02:22:10","modified_gmt":"2014-03-24T06:52:10","slug":"aragua-puso-fin-a-la-mala-racha","status":"publish","type":"post","link":"http:\/\/gradadigital.com\/home\/aragua-puso-fin-a-la-mala-racha\/","title":{"rendered":"Aragua puso fin a la mala racha"},"content":{"rendered":"<p style=\"text-align: center;\"><img loading=\"lazy\" decoding=\"async\" class=\"alignnone size-full wp-image-10440\" alt=\"jaime_bustamante_wislintos_renteria_elvigia_aragua_23032014\" src=\"http:\/\/gradadigital.com\/home\/wp-content\/uploads\/2014\/03\/jaime_bustamante_wislintos_renteria_elvigia_aragua_23032014.jpg\" width=\"596\" height=\"346\" srcset=\"http:\/\/gradadigital.com\/home\/wp-content\/uploads\/2014\/03\/jaime_bustamante_wislintos_renteria_elvigia_aragua_23032014.jpg 596w, http:\/\/gradadigital.com\/home\/wp-content\/uploads\/2014\/03\/jaime_bustamante_wislintos_renteria_elvigia_aragua_23032014-300x174.jpg 300w\" sizes=\"auto, (max-width: 596px) 100vw, 596px\" \/><\/p>\n<p style=\"text-align: justify;\"><b>Miguel Andr\u00e9s Santana \u2013 Prensa Aragua F\u00fatbol Club &#8211;\u00a0<\/b>Con un gol del juvenil Sergio \u201cCaracas\u201d Ortiz, Aragua F\u00fatbol Club venci\u00f3 0-1 al Atl\u00e9tico El Vig\u00eda en duelo v\u00e1lido por la d\u00e9cimo primera (11) jornada del Torneo Clausura 2014, que se llev\u00f3 a cabo en las instalaciones del estadio Ram\u00f3n \u201cGato\u201d Hern\u00e1ndez de la mencionada ciudad meride\u00f1a, donde los dirigidos por Modesto Gonz\u00e1lez pusieron fin a una racha de cinco encuentros consecutivos sin conocer la victoria, sumando ahora 33 unidades en lo que va de temporada, lo que les permite acercarse m\u00e1s a\u00fan a permanecer en puestos de Liguilla Pre-Sudamericana, ahora enfoc\u00e1ndose de lleno en la confrontaci\u00f3n que este pr\u00f3ximo s\u00e1bado 29 de marzo los medir\u00e1 ante Atl\u00e9tico Venezuela en el estadio Ol\u00edmpico Hermanos Ghersi P\u00e1ez de la \u201cCiudad Jard\u00edn\u201d.<\/p>\n<p style=\"text-align: justify;\">La primera acci\u00f3n clara de peligro a favor del elenco dtecnicamente dirigido por Gonz\u00e1lez se produjo por el costado izquierdo, donde el lateral Jos\u00e9 Yeg\u00fcez envi\u00f3 un centro buscando la cabeza de N\u00e9stor Bareiro, pero Jackson Mijares, defensor de la escuadra rival, despej\u00f3 el peligro.<\/p>\n<p style=\"text-align: justify;\">Al minuto 12, nuevamente apareci\u00f3 el carrilero oriental, pero esta vez enviando un disparo que Adri\u00e1n Rodr\u00edguez, portero de El Vig\u00eda, detuvo, dejando un rebote que por poco Jes\u00fas \u201cChuto\u201d Lugo transforma en gol, pero el remate del capit\u00e1n arag\u00fce\u00f1o se fue por arriba del arco meride\u00f1o.<\/p>\n<p style=\"text-align: justify;\">Con el reloj colocado en la fracci\u00f3n 20, Luis Marques, \u00e1rbitro principal del estado Portuguesa, expuls\u00f3 con tarjeta roja directa al delantero Jerry Flores, dejando con diez jugadores al elenco \u201cplatanero\u201d, situaci\u00f3n que los de la \u201cCiudad Jard\u00edn\u201d de Venezuela aprovecharon para encimarse en ataque, pero cada una de las acciones ofensivas que generaban no finalizaron en anotaci\u00f3n.<\/p>\n<p style=\"text-align: justify;\">\u201cChuto\u201d Lugo, de buen accionar en la primera mitad, se erig\u00eda como una de las figuras del compromiso al minuto 26, cuando tras hacer un recorte con el cual dej\u00f3 mal parado a su marcador, dispar\u00f3 a gol, pero su intento termin\u00f3 estrell\u00e1ndose en el travesa\u00f1o del cuadro local.<\/p>\n<p style=\"text-align: justify;\">Un disparo de volea de Gustavo Rojas a escasos segundos para la finalizaci\u00f3n del primer acto casi finaliza en gol a favor del cuadro que visti\u00f3 con uniforme alternativo, pero el remate del volante ofensivo zuliano termin\u00f3 y\u00e9ndose apenas a escasos cent\u00edmetros de la caba\u00f1a vig\u00edense, por lo cual los primeros 45 minutos del compromiso finalizaron con el gol como principal ausente.<\/p>\n<p style=\"text-align: justify;\">Pocos minutos despu\u00e9s de haber iniciado el segundo acto, al 52, Jackson L\u00f3pez fue expulsado con cartulina roja directa por una presunta falta, por lo cual Aragua F\u00fatbol Club termin\u00f3 con 10 elementos sobre el c\u00e9sped y la confrontaci\u00f3n con 20 protagonistas; no obstante, eso no amilan\u00f3 en lo m\u00e1s m\u00ednimo al elenco \u201caurirrojo\u201d, que por intermedio del joven delantero Sergio Ortiz encontr\u00f3 el camino del gol al 58, cuando \u201cCaracas\u201d recibi\u00f3 un pase del \u201cChuto\u201d Lugo por la izquierda y con su pierna derecha vulner\u00f3 la red del conjunto \u201cplatanero\u201d.<\/p>\n<p style=\"text-align: justify;\">Tras haber encontrado el camino del gol, Aragua bas\u00f3 su accionar en el buen manejo de la esf\u00e9rica para desarrollar un juego tan limpio como ordenado, cortando cada uno de los circuitos ofensivos del cuadro amo del patio, que en varias ocasiones intent\u00f3 emparejar las acciones del compromiso, pero la zaga arag\u00fce\u00f1a estuvo efectiva en cada una de las jugadas de peligro local.<\/p>\n<p style=\"text-align: justify;\">A medida que transcurr\u00edan los \u00faltimos minutos, Aragua segu\u00eda mostr\u00e1ndose s\u00f3lido en cada una de las l\u00edneas del campo, por lo cual las acciones finalizaron con 0-1 a favor del combinado arag\u00fce\u00f1o, que suma tres unidades importantes pensando en la aspiraci\u00f3n principal de la instituci\u00f3n amarilla y roja: mantenerse en puestos de Liguilla Pre-Sudamericana para disputar un lugar a la Copa Sudamericana, prestigiosa competici\u00f3n internacional a la cual quieren asistir.<\/p>\n<div style=\"text-align: center;\"><iframe loading=\"lazy\" src=\"http:\/\/gradadigital.com\/datafactory\/html\/venezuela\/ficha189621.html\" height=\"1030\" width=\"702\" frameborder=\"0\" marginwidth=\"0\" marginheight=\"0\" scrolling=\"no\"><\/iframe><\/div>\n","protected":false},"excerpt":{"rendered":"<p>Miguel Andr\u00e9s Santana \u2013 Prensa Aragua F\u00fatbol Club &#8211;\u00a0Con un gol del juvenil Sergio \u201cCaracas\u201d Ortiz, Aragua F\u00fatbol Club venci\u00f3 0-1 al Atl\u00e9tico El Vig\u00eda en duelo v\u00e1lido por la d\u00e9cimo primera (11) jornada del Torneo Clausura 2014, que se llev\u00f3 a cabo en las instalaciones del estadio Ram\u00f3n \u201cGato\u201d Hern\u00e1ndez de la mencionada ciudad &#8230;<\/p>\n","protected":false},"author":4,"featured_media":10440,"comment_status":"closed","ping_status":"closed","sticky":false,"template":"","format":"standard","meta":{"footnotes":""},"categories":[6,12,5,31],"tags":[1835,1841,177],"class_list":["post-10439","post","type-post","status-publish","format-standard","has-post-thumbnail","hentry","category-aragua-fc","category-el-vigia-fc","category-futbol-nacional","category-primera-division","tag-aragua-fc","tag-el-vigia-fc","tag-sergio-ortiz"],"_links":{"self":[{"href":"http:\/\/gradadigital.com\/home\/wp-json\/wp\/v2\/posts\/10439","targetHints":{"allow":["GET"]}}],"collection":[{"href":"http:\/\/gradadigital.com\/home\/wp-json\/wp\/v2\/posts"}],"about":[{"href":"http:\/\/gradadigital.com\/home\/wp-json\/wp\/v2\/types\/post"}],"author":[{"embeddable":true,"href":"http:\/\/gradadigital.com\/home\/wp-json\/wp\/v2\/users\/4"}],"replies":[{"embeddable":true,"href":"http:\/\/gradadigital.com\/home\/wp-json\/wp\/v2\/comments?post=10439"}],"version-history":[{"count":1,"href":"http:\/\/gradadigital.com\/home\/wp-json\/wp\/v2\/posts\/10439\/revisions"}],"predecessor-version":[{"id":10441,"href":"http:\/\/gradadigital.com\/home\/wp-json\/wp\/v2\/posts\/10439\/revisions\/10441"}],"wp:featuredmedia":[{"embeddable":true,"href":"http:\/\/gradadigital.com\/home\/wp-json\/wp\/v2\/media\/10440"}],"wp:attachment":[{"href":"http:\/\/gradadigital.com\/home\/wp-json\/wp\/v2\/media?parent=10439"}],"wp:term":[{"taxonomy":"category","embeddable":true,"href":"http:\/\/gradadigital.com\/home\/wp-json\/wp\/v2\/categories?post=10439"},{"taxonomy":"post_tag","embeddable":true,"href":"http:\/\/gradadigital.com\/home\/wp-json\/wp\/v2\/tags?post=10439"}],"curies":[{"name":"wp","href":"https:\/\/api.w.org\/{rel}","templated":true}]}}