{"id":10428,"date":"2014-03-24T02:09:51","date_gmt":"2014-03-24T06:39:51","guid":{"rendered":"http:\/\/gradadigital.com\/home\/?p=10428"},"modified":"2014-03-24T02:09:51","modified_gmt":"2014-03-24T06:39:51","slug":"carabobo-le-quito-el-invicto-al-lara","status":"publish","type":"post","link":"http:\/\/gradadigital.com\/home\/carabobo-le-quito-el-invicto-al-lara\/","title":{"rendered":"Carabobo le quit\u00f3 el invicto al Lara"},"content":{"rendered":"<p style=\"text-align: center;\"><img loading=\"lazy\" decoding=\"async\" class=\"alignnone size-full wp-image-10430\" alt=\"cristian_novoa_cdlara_carabobo_23032014\" src=\"http:\/\/gradadigital.com\/home\/wp-content\/uploads\/2014\/03\/cristian_novoa_cdlara_carabobo_23032014.jpg\" width=\"596\" height=\"346\" srcset=\"http:\/\/gradadigital.com\/home\/wp-content\/uploads\/2014\/03\/cristian_novoa_cdlara_carabobo_23032014.jpg 596w, http:\/\/gradadigital.com\/home\/wp-content\/uploads\/2014\/03\/cristian_novoa_cdlara_carabobo_23032014-300x174.jpg 300w\" sizes=\"auto, (max-width: 596px) 100vw, 596px\" \/><\/p>\n<p style=\"text-align: justify;\"><b>Rub\u00e9n Al\u00ed Coronel &#8211;\u00a0<\/b>Gallard\u00eda, garra, entrega y claridad de cara al arco fueron las claves para que Carabobo FC acabara con la sequ\u00eda de goles y con el invicto de Deportivo Lara en el Torneo Apertura 2014, al superarlo 2-4, en el Estadio Metropolitano de Cabudare, partido correspondiente a la fecha 11 del certamen de la Primera Divisi\u00f3n del f\u00fatbol profesional venezolano.<\/p>\n<p style=\"text-align: justify;\">Cristian \u201cChispa\u201d Novoa adelant\u00f3 al \u201cgranate\u201d con doblete, al anotar en los minutos\u00a0\u00a03\u2019 y 35\u2019. Luego, Pablo Olivera ampli\u00f3 la ventaja al 47\u2019, Deportivo Lara descont\u00f3 al 54\u2019 por intermedio de Iv\u00e1n Trujillo, Luis Carrillo anot\u00f3 el cuarto para la \u201cvinotino regional\u201d al 56\u2019 y finalmente Edgar P\u00e9rez Greco marc\u00f3 el segundo de los locales al 59\u2019.<\/p>\n<p style=\"text-align: justify;\">De esta manera, la escuadra industrial, que termin\u00f3 con 10 hombres en cancha despu\u00e9s de la expulsi\u00f3n del arquero Leo Morales al 45+1\u2019, lleg\u00f3 a 15 puntos en la tabla de clasificaci\u00f3n y termin\u00f3 con una sequ\u00eda de tres encuentros consecutivos sin alcanzar el triunfo ni marcar tantos.<\/p>\n<p style=\"text-align: justify;\"><b>La \u201cchispaman\u00eda\u201d se hizo presente en el primer tiempo<br \/>\n<\/b>Cuando s\u00f3lo transcurr\u00eda el minuto 3\u2019, el portero Leo Morales cobr\u00f3 falta al borde de su \u00e1rea, pas\u00f3 a Luis Roberto \u201cChicho\u201d Seijas, quien entreg\u00f3 a Carlos \u201cMono\u201d Su\u00e1rez para que trasladara el bal\u00f3n algunos metros por el centro del campo antes de cederlo a Gustavo Gonz\u00e1lez, \u00e9ste entreg\u00f3 a Luis Carrillo, para que mandara centro preciso al coraz\u00f3n del \u00e1rea, donde se encontraba Cristian \u201cChispa\u201d Novoa, quien de cabeza la mand\u00f3 a guardar. Deportivo Lara 0-1 Carabobo FC.<\/p>\n<p style=\"text-align: justify;\">La escuadra \u201crojinegra\u201d comenz\u00f3 a buscar el empate y al 8\u2019 Heiber D\u00edaz se adentr\u00f3 al \u00e1rea por el costado derecho y peg\u00f3 al primer palo, obligando al portero Leo Morales a desviar la esf\u00e9rica al tiro de esquina.<\/p>\n<p style=\"text-align: justify;\">Luego, en el 13\u2019 Hern\u00e1n Zanni sac\u00f3 disparo que pas\u00f3 cerca del horizontal del arco \u201cgranate\u201d.<\/p>\n<p style=\"text-align: justify;\">Pero la \u201cvinotinto regional\u201d no se conformaba con el resultado y en el 17\u2019 el uruguayo Pablo Olivera lo intent\u00f3 de zurda desde el borde \u00e1rea, pero a las manos del arquero Alan Liebeskind.<\/p>\n<p style=\"text-align: justify;\">Deportivo Lara se solt\u00f3 con todo su arsenal al ataque y cuando transcurr\u00eda el 19\u2019 \u201cChicho\u201d Seijas se vio obligado a sacar al tiro de esquina centro rasante, que ya hab\u00eda sobrado Morales y buscaba un c\u00f3mplice crepuscular.<\/p>\n<p style=\"text-align: justify;\">En la siguiente jugada, Heiber D\u00edaz aprovech\u00f3 el tiro de esquina para cabecear con solidez, pero la pelota fue a parar al poste derecho del arco defendido por Morales.<\/p>\n<p style=\"text-align: justify;\">Posteriormente, al 25\u2019 Hern\u00e1n Zanni dispar\u00f3 desde el borde del \u00e1rea y Leo Morales tuvo que exigirse.<\/p>\n<p style=\"text-align: justify;\">Los anfitriones continuaban atacando con toda su artiller\u00eda y en el 31\u2019 Heiber D\u00edaz tuvo una mano a mano con Morales, pero el golero sac\u00f3 la mejor parte.<\/p>\n<p style=\"text-align: justify;\">Sin embargo, Carabobo FC, dirigido por Jhonny Ferreira, no renunciaba de cara al arco rival y al 32\u2019 Gustavo Gonz\u00e1lez prob\u00f3 desde larga distancia y exigi\u00f3 al arquero Alan Liebeskind.<\/p>\n<p style=\"text-align: justify;\">En el 33\u2019, el t\u00e9cnico Ferreira se vio obligado a hacer su primera modificaci\u00f3n, luego que saliera lesionado \u201cChicho\u201d Seijas, por una contractura en su pantorrilla izquierda, dando ingreso a Leopoldo Jim\u00e9nez.<\/p>\n<p style=\"text-align: justify;\">Deportivo Lara segu\u00eda lanzado al ataque, pero las tribunas del Metropolitano de Cabudare se vieron silenciadas al 35\u2019 cuando C\u00e9sar \u201cPeluche\u201d Gonz\u00e1lez desbord\u00f3 por la izquierda y tir\u00f3 centro rasante a Novoa, quien control\u00f3 y sin pensarlo peg\u00f3 de zurda al poste contrario del arco crepuscular, para as\u00ed marcar el 0-2.<\/p>\n<p style=\"text-align: justify;\">El \u201cgranate\u201d recibi\u00f3 un duro golpe al 45+1\u2019 cuando el principal Mayker G\u00f3mez le mostr\u00f3 el cart\u00f3n amarillo al portero Leo Morales por considerar que se tard\u00f3 al momento de sacar. El guardameta se dirigi\u00f3 al colegiado para pedir una explicaci\u00f3n, acto seguido por la segunda amonestaci\u00f3n, que se tradujo en la expulsi\u00f3n del capit\u00e1n y arquero del Carabobo FC. El sacrificado fue Gustavo Gonz\u00e1lez, quien tuvo que salir para darle ingreso al golero juvenil Rafael Qui\u00f1ones, quien realiz\u00f3 su debut en la Primera Divisi\u00f3n y luego se convert\u00eda en protagonista.<\/p>\n<p style=\"text-align: justify;\">As\u00ed se fueron al camerino, con la visita arriba en el marcador 0-2, pero con un hombre menos en cancha<\/p>\n<p style=\"text-align: justify;\"><b>Reapareci\u00f3 Olivera y golazo de Carrillo<br \/>\n<\/b>A pesar de la inferioridad num\u00e9rica, el \u201cgranate\u201d sali\u00f3 a ampliar el marcador, lo que no tardar\u00eda en llegar, luego que el portero Qui\u00f1ones reanudara con saque largo, que lleg\u00f3 directo al uruguayo Pablo Olivera, quien de primera intenci\u00f3n tir\u00f3 la pelota por encima del guardameta Liebeskind, para as\u00ed marcar el 0-3 al 47\u2019 y alcanzar su d\u00e9cimo quinto tanto entre Apertura y Clausura.<\/p>\n<p style=\"text-align: justify;\">La reacci\u00f3n crepuscular lleg\u00f3. Al 54\u2019 el reci\u00e9n ingresado Iv\u00e1n Trujillo anot\u00f3 de cabeza el 1-3.<\/p>\n<p style=\"text-align: justify;\">Pero nuevamente la garra \u201cgranate\u201d volvi\u00f3 a relucir y al 56\u2019 Luis Carrillo sac\u00f3 potente disparo desde el borde del \u00e1rea, despu\u00e9s de quitarse dos rivales de encima, para dejar sin opciones al golero Liebeskind y poner cifras de 1-4.<\/p>\n<p style=\"text-align: justify;\">Lara no renunciaba y en el Lara no renunciaba y en el 58\u2019 Miguel Mea Vitali cobr\u00f3 tiro libre con potencia, pero el juvenil Qui\u00f1ones luci\u00f3, sacando la caprichosa al tiro de esquina.<\/p>\n<p style=\"text-align: justify;\">Con la superioridad num\u00e9rica a su favor, los de casa intentaban dar vuelta a la resultado y en el 59\u2019 Edgar P\u00e9rez Greco anot\u00f3 el 2-4.<\/p>\n<p style=\"text-align: justify;\">La divisa \u201crojinegra\u201d tuvo la oportunidad de acercarse al 62\u2019, cuando el principal Mayker G\u00f3mez consider\u00f3 que Novoa toc\u00f3 la pelota dentro del \u00e1rea y pit\u00f3 la pena m\u00e1xima, la cual fue cobrada por P\u00e9rez Greco, pero su disparo se estrell\u00f3 en el vertical derecho.<\/p>\n<p style=\"text-align: justify;\">Posteriormente, al 69\u2019 Trujillo peg\u00f3 y nuevamente el bal\u00f3n fue a parar en uno de los postes.<\/p>\n<p style=\"text-align: justify;\">De all\u00ed en adelante, Lara intentaba acercarse por todos los medios al \u00e1rea \u201cgranate\u201d, pero los pupilos de Ferreira supieron, con orden y gallard\u00eda, mantener el marcador para llevarse finalmente el triunfo, que los regres\u00f3 a la senda del triunfo.<\/p>\n<div style=\"text-align: center;\"><iframe loading=\"lazy\" src=\"http:\/\/gradadigital.com\/datafactory\/html\/venezuela\/ficha189624.html\" height=\"1030\" width=\"702\" frameborder=\"0\" marginwidth=\"0\" marginheight=\"0\" scrolling=\"no\"><\/iframe><\/div>\n","protected":false},"excerpt":{"rendered":"<p>Rub\u00e9n Al\u00ed Coronel &#8211;\u00a0Gallard\u00eda, garra, entrega y claridad de cara al arco fueron las claves para que Carabobo FC acabara con la sequ\u00eda de goles y con el invicto de Deportivo Lara en el Torneo Apertura 2014, al superarlo 2-4, en el Estadio Metropolitano de Cabudare, partido correspondiente a la fecha 11 del certamen de &#8230;<\/p>\n","protected":false},"author":4,"featured_media":10430,"comment_status":"closed","ping_status":"closed","sticky":false,"template":"","format":"standard","meta":{"footnotes":""},"categories":[29,8,5,31],"tags":[1851,1837,169,168,62,170,173,172,171],"class_list":["post-10428","post","type-post","status-publish","format-standard","has-post-thumbnail","hentry","category-carabobo-fc","category-cd-lara","category-futbol-nacional","category-primera-division","tag-carabobo-fc","tag-cd-lara","tag-chispa","tag-cristian-novoa","tag-deportivo-lara","tag-granate","tag-ivan-trujillo","tag-luis-carrillo","tag-pablo-olivera-fernandez"],"_links":{"self":[{"href":"http:\/\/gradadigital.com\/home\/wp-json\/wp\/v2\/posts\/10428","targetHints":{"allow":["GET"]}}],"collection":[{"href":"http:\/\/gradadigital.com\/home\/wp-json\/wp\/v2\/posts"}],"about":[{"href":"http:\/\/gradadigital.com\/home\/wp-json\/wp\/v2\/types\/post"}],"author":[{"embeddable":true,"href":"http:\/\/gradadigital.com\/home\/wp-json\/wp\/v2\/users\/4"}],"replies":[{"embeddable":true,"href":"http:\/\/gradadigital.com\/home\/wp-json\/wp\/v2\/comments?post=10428"}],"version-history":[{"count":1,"href":"http:\/\/gradadigital.com\/home\/wp-json\/wp\/v2\/posts\/10428\/revisions"}],"predecessor-version":[{"id":10432,"href":"http:\/\/gradadigital.com\/home\/wp-json\/wp\/v2\/posts\/10428\/revisions\/10432"}],"wp:featuredmedia":[{"embeddable":true,"href":"http:\/\/gradadigital.com\/home\/wp-json\/wp\/v2\/media\/10430"}],"wp:attachment":[{"href":"http:\/\/gradadigital.com\/home\/wp-json\/wp\/v2\/media?parent=10428"}],"wp:term":[{"taxonomy":"category","embeddable":true,"href":"http:\/\/gradadigital.com\/home\/wp-json\/wp\/v2\/categories?post=10428"},{"taxonomy":"post_tag","embeddable":true,"href":"http:\/\/gradadigital.com\/home\/wp-json\/wp\/v2\/tags?post=10428"}],"curies":[{"name":"wp","href":"https:\/\/api.w.org\/{rel}","templated":true}]}}