{"id":10339,"date":"2014-03-21T23:33:05","date_gmt":"2014-03-22T04:03:05","guid":{"rendered":"http:\/\/gradadigital.com\/home\/?p=10339"},"modified":"2014-03-21T23:33:05","modified_gmt":"2014-03-22T04:03:05","slug":"vinotinto-femenina-sub-17-enfrenta-a-italia-por-el-primer-lugar-del-grupo-a","status":"publish","type":"post","link":"http:\/\/gradadigital.com\/home\/vinotinto-femenina-sub-17-enfrenta-a-italia-por-el-primer-lugar-del-grupo-a\/","title":{"rendered":"Vinotinto femenina Sub-17 enfrenta a Italia por el primer lugar del Grupo A"},"content":{"rendered":"<p style=\"text-align: center;\"><img decoding=\"async\" alt=\"http:\/\/gradadigital.com\/home\/wp-content\/uploads\/2014\/03\/once_venezuela_zambia_18032014.jpg\" src=\"http:\/\/gradadigital.com\/home\/wp-content\/uploads\/2014\/03\/once_venezuela_zambia_18032014.jpg\" \/><\/p>\n<p style=\"text-align: justify;\"><strong>Prensa FVF, Caracas. &#8211;<\/strong> La Selecci\u00f3n femenina Sub-17 se medir\u00e1 ma\u00f1ana, s\u00e1bado 22 de marzo, al combinado de Italia en la \u00faltima jornada de la primera fase del Mundial de Costa Rica 2014. La oncena nacional enfrentar\u00e1 a las \u00abazzurra\u00bb a las 9:30 pm en el estadio\u00a0Alejandro Morera Soto de la ciudad de Alajuela.<\/p>\n<p style=\"text-align: justify;\">Las Vinotinto ocupan el primer lugar de la fase de grupos, igualada en puntos con las italianas, ambos conjuntos acumulan seis unidades producto de dos partidos ganados, pero las nacionales est\u00e1n arriba por diferencia de goles (+7) sobre las europeas (+3). Los dos pa\u00edses aseguraron su clasificaci\u00f3n a los cuartos de final de la competencia y ahora deber\u00e1n enfrentarse para definir el lugar en que avanza cada uno.<\/p>\n<p style=\"text-align: justify;\"><strong>\u00abItalia es un equipo ordenado y completo. Ser\u00e1 un duelo alternado, pero con humildad y gran respeto por las europeas creo que el partido se definir\u00e1 en los primeros 25 minutos. Si aguantamos el primer tiempo probablemente la segunda mitad ser\u00e1 para nosotros\u00bb<\/strong>, declar\u00f3 el seleccionador nacional femenino, Kenneth Zseremeta.<\/p>\n<p style=\"text-align: justify;\">Para el Director T\u00e9cnico Vinotinto el Grupo A le ha permitido al equipo crecer en lo deportivo y en lo psicol\u00f3gico. <strong>\u00abCompetimos en un grupo bastante parejo. Cada partido lo jugamos como una gran final y gracias a Dios y a la gran preparaci\u00f3n que tuvimos fuimos consiguiendo los resultados\u00bb<\/strong>, dijo.<\/p>\n<p style=\"text-align: justify;\">En la pr\u00f3xima ronda las Campeonas Sudamericanas deber\u00e1n enfrentarse a uno de los clasificados del Grupo B, en el que s\u00f3lo ha asegurado su pase Ghana, que es l\u00edder con seis puntos. El otro clasificado se definir\u00e1 ma\u00f1ana entre Canad\u00e1 (2 puntos), Alemania y Corea del Norte (1 punto c\/u).<\/p>\n<p style=\"text-align: justify;\">Si Venezuela se mantiene en el primer lugar se medir\u00e1n al segundo clasificado que se conocer\u00e1 ma\u00f1ana. Si avanzan en el segundo lugar se enfrentar\u00e1 a las africanas. <strong>\u00abQueremos jugar para mantener ese primer lugar, para eso nos basta con un empate. No nos vamos a desesperar, no queremos jugadoras lesionadas, ni mucho menos sumar tarjetas amarillas\u00bb<\/strong>, asegur\u00f3 Zseremeta.<\/p>\n<p style=\"text-align: justify;\">La oncena nacional ya se encuentra totalmente enfocada en el partido ante las europeas, con la tranquilidad de tener asegurada su participaci\u00f3n en los cuartos de final. <strong>\u00abYa todos estamos metidos en el partido para seguir haciendo historia en el f\u00fatbol venezolano. Cosechamos una experiencia maravillosa y podemos decir que estamos entre los ocho mejores del mundo en esta categor\u00eda. Ahora seguiremos trabajando para alcanzar la semifinal de la competencia\u00bb<\/strong>, afirm\u00f3 el DT Vinotinto.<\/p>\n<p style=\"text-align: justify;\">Sobre los cuartos de final el cuerpo t\u00e9cnico nacional tiene sus favoritos. <strong>\u00abEn nuestra preparaci\u00f3n nos medimos a M\u00e9xico y conversamos mucho con su cuerpo t\u00e9cnico, esos partidos nos sirvieron para liberar dudas y conocer al rival. M\u00e9xico tiene un juego muy parecido al de Canad\u00e1. Ghana ha sobresalido mucho en la competencia as\u00ed que preferir\u00edamos no enfrentarlas\u00bb<\/strong>, confes\u00f3 Zseremeta.<\/p>\n<p style=\"text-align: justify;\"><strong>Once Titular<\/strong><br \/>\nAnte Italia, en el \u00faltimo partido de la fase de grupos del Mundial, Venezuela saldr\u00e1 con el mismo esquema (4-2-3-1) que fue utilizado en su debut en la competencia, formado con las mismas jugadoras:\u00a0Franyely Rodr\u00edguez en el arco; Michelle Romero, Ver\u00f3nica Herrera,\u00a0B\u00e1rbara Serrano y\u00a0Sandra Luzardo en la defensa; Daniuska Rodr\u00edguez, Tahicelis Marcano; Lourdes Moreno,\u00a0Yosneidy Zambrano y Deyna Castellanos en el medio y\u00a0Gabriela Garc\u00eda en la delantera.<\/p>\n<p style=\"text-align: justify;\"><strong>Goleadoras<\/strong><br \/>\nDeyna Castellanos y Gabriela Garc\u00eda\u00a0lideran junto a\u00a0Hina Sugita (Jap\u00f3n) la tabla de goleadoras del Mundial con tres tantos cada una.<\/p>\n<p style=\"text-align: justify;\"><strong>Tarjetas amarillas<\/strong><br \/>\nLas jugadoras Ver\u00f3nica Herrera, Lourdes Moreno y\u00a0Tahicelis Marcano vieron tarjeta amarilla ante Costa Rica y la defensora Michelle Romero fue amonestada en el partido ante Zambia.<\/p>\n<p style=\"text-align: justify;\"><strong>Pr\u00f3ximos partidos de inter\u00e9s<br \/>\n<\/strong>Venezuela vs Italia \u2013 S\u00e1bado, 22 de marzo \u2013 9:30 pm.<\/p>\n<p style=\"text-align: justify;\"><strong>Grupo B \u2013 Rival de Venezuela en los cuartos de final<\/strong><br \/>\nCanad\u00e1 vs Ghana \u2013\u00a0S\u00e1bado, 22 de marzo \u2013 6:30 pm.<br \/>\nCorea del Norte\u00a0vs Alemania \u2013 S\u00e1bado, 22 de marzo \u2013 6:30 pm.<\/p>\n<p style=\"text-align: justify;\"><strong>Cuartos de Final<\/strong><br \/>\n1A vs 2B \u2013 Jueves, 27 de marzo \u2013 Estadio Nacional de San Jos\u00e9 \u2013 3:30 pm.<br \/>\nGhana (1B) vs 2A \u2013 Jueves, 27 de marzo \u2013 Estadio Nacional de San Jos\u00e9 6:30 pm.<\/p>\n","protected":false},"excerpt":{"rendered":"<p>Prensa FVF, Caracas. &#8211; La Selecci\u00f3n femenina Sub-17 se medir\u00e1 ma\u00f1ana, s\u00e1bado 22 de marzo, al combinado de Italia en la \u00faltima jornada de la primera fase del Mundial de Costa Rica 2014. La oncena nacional enfrentar\u00e1 a las \u00abazzurra\u00bb a las 9:30 pm en el estadio\u00a0Alejandro Morera Soto de la ciudad de Alajuela. Las &#8230;<\/p>\n","protected":false},"author":3,"featured_media":10215,"comment_status":"closed","ping_status":"closed","sticky":false,"template":"","format":"standard","meta":{"footnotes":""},"categories":[41,26,3],"tags":[105,110,1856,112,109,111,71],"class_list":["post-10339","post","type-post","status-publish","format-standard","has-post-thumbnail","hentry","category-futbol-femenino","category-seleccion-femenina","category-seleccion-nacional","tag-costa-rica","tag-fifa","tag-futbol-femenino","tag-kenneth-zseremeta","tag-mundial","tag-sub-17","tag-vinotinto"],"_links":{"self":[{"href":"http:\/\/gradadigital.com\/home\/wp-json\/wp\/v2\/posts\/10339","targetHints":{"allow":["GET"]}}],"collection":[{"href":"http:\/\/gradadigital.com\/home\/wp-json\/wp\/v2\/posts"}],"about":[{"href":"http:\/\/gradadigital.com\/home\/wp-json\/wp\/v2\/types\/post"}],"author":[{"embeddable":true,"href":"http:\/\/gradadigital.com\/home\/wp-json\/wp\/v2\/users\/3"}],"replies":[{"embeddable":true,"href":"http:\/\/gradadigital.com\/home\/wp-json\/wp\/v2\/comments?post=10339"}],"version-history":[{"count":2,"href":"http:\/\/gradadigital.com\/home\/wp-json\/wp\/v2\/posts\/10339\/revisions"}],"predecessor-version":[{"id":10341,"href":"http:\/\/gradadigital.com\/home\/wp-json\/wp\/v2\/posts\/10339\/revisions\/10341"}],"wp:featuredmedia":[{"embeddable":true,"href":"http:\/\/gradadigital.com\/home\/wp-json\/wp\/v2\/media\/10215"}],"wp:attachment":[{"href":"http:\/\/gradadigital.com\/home\/wp-json\/wp\/v2\/media?parent=10339"}],"wp:term":[{"taxonomy":"category","embeddable":true,"href":"http:\/\/gradadigital.com\/home\/wp-json\/wp\/v2\/categories?post=10339"},{"taxonomy":"post_tag","embeddable":true,"href":"http:\/\/gradadigital.com\/home\/wp-json\/wp\/v2\/tags?post=10339"}],"curies":[{"name":"wp","href":"https:\/\/api.w.org\/{rel}","templated":true}]}}