{"id":10291,"date":"2014-03-20T11:39:15","date_gmt":"2014-03-20T16:09:15","guid":{"rendered":"http:\/\/gradadigital.com\/home\/?p=10291"},"modified":"2014-03-22T15:58:36","modified_gmt":"2014-03-22T20:28:36","slug":"video-salomon-rondon-es-agridulce-quedamos-eliminados-pero-me-quite-la-presion-del-gol","status":"publish","type":"post","link":"http:\/\/gradadigital.com\/home\/video-salomon-rondon-es-agridulce-quedamos-eliminados-pero-me-quite-la-presion-del-gol\/","title":{"rendered":"VIDEO | Salom\u00f3n Rond\u00f3n: \u00abEs agridulce, quedamos eliminados pero me quit\u00e9 la presi\u00f3n del gol\u00bb"},"content":{"rendered":"<p style=\"text-align: center;\"><iframe loading=\"lazy\" width=\"682\" height=\"348\" src=\"http:\/\/www.youtube.com\/embed\/1hl2mpUTTyM?rel=0\" frameborder=\"0\" allowfullscreen><\/iframe>\n<p style=\"text-align: justify;\"><strong>GradaDigital.com &#8211;<\/strong> Una vez finalizado el encuentro entre el\u00a0Borussia Dortmund y el Zenit, el venezolano Jos\u00e9 Salom\u00f3n Rond\u00f3n atendi\u00f3 a los medios de comunicaci\u00f3n para exponer las sensaciones que le dej\u00f3 el partido, la eliminaci\u00f3n, y su primer gol en el equipo.<\/p>\n<p style=\"text-align: justify;\"><strong>\u00abEs una sensaci\u00f3n agridulce porque quedamos eliminados en la Champions, y dulce porque ya me quit\u00e9 la presi\u00f3n de hacer gol. Claro que estoy\u00a0contento por el gol, pero creo que lo m\u00e1s importante es como le vaya al equipo. Quedamos fuera, y ahora hay que pensar en el torneo local\u00bb<\/strong>, expres\u00f3 Salom\u00f3n, quien reconoci\u00f3 que <strong>\u00abten\u00eda ganas de marcar, ven\u00eda jugando partidos, y esperando que sean muchos ahora\u00bb<\/strong>.<\/p>\n<p style=\"text-align: justify;\">El jugador ahora deber\u00e1 reunirse con el nuevo estratega del equipo, el portugu\u00e9s Andr\u00e9 Villas-Boas. <strong>\u00abNo hemos hablado con el nuevo entrenador. El d\u00eda de ma\u00f1ana (hoy) veremos que pasa, si llega nuevo entrenador es porque viene a sumar, hay que enfocarnos en la Liga Rusa\u00bb<\/strong>, finaliz\u00f3. <em><strong>\u00a1Mira el video!<\/strong><\/em><\/p>\n","protected":false},"excerpt":{"rendered":"<p>GradaDigital.com &#8211; Una vez finalizado el encuentro entre el\u00a0Borussia Dortmund y el Zenit, el venezolano Jos\u00e9 Salom\u00f3n Rond\u00f3n atendi\u00f3 a los medios de comunicaci\u00f3n para exponer las sensaciones que le dej\u00f3 el partido, la eliminaci\u00f3n, y su primer gol en el equipo. \u00abEs una sensaci\u00f3n agridulce porque quedamos eliminados en la Champions, y dulce porque &#8230;<\/p>\n","protected":false},"author":4,"featured_media":10269,"comment_status":"closed","ping_status":"closed","sticky":false,"template":"","format":"standard","meta":{"footnotes":""},"categories":[27,36,4],"tags":[122,121,120,123],"class_list":["post-10291","post","type-post","status-publish","format-standard","has-post-thumbnail","hentry","category-video","category-internacional","category-legionarios","tag-borussia-dortmund","tag-salomon-rondon","tag-uefa-champions-league","tag-zenit"],"_links":{"self":[{"href":"http:\/\/gradadigital.com\/home\/wp-json\/wp\/v2\/posts\/10291","targetHints":{"allow":["GET"]}}],"collection":[{"href":"http:\/\/gradadigital.com\/home\/wp-json\/wp\/v2\/posts"}],"about":[{"href":"http:\/\/gradadigital.com\/home\/wp-json\/wp\/v2\/types\/post"}],"author":[{"embeddable":true,"href":"http:\/\/gradadigital.com\/home\/wp-json\/wp\/v2\/users\/4"}],"replies":[{"embeddable":true,"href":"http:\/\/gradadigital.com\/home\/wp-json\/wp\/v2\/comments?post=10291"}],"version-history":[{"count":3,"href":"http:\/\/gradadigital.com\/home\/wp-json\/wp\/v2\/posts\/10291\/revisions"}],"predecessor-version":[{"id":10360,"href":"http:\/\/gradadigital.com\/home\/wp-json\/wp\/v2\/posts\/10291\/revisions\/10360"}],"wp:featuredmedia":[{"embeddable":true,"href":"http:\/\/gradadigital.com\/home\/wp-json\/wp\/v2\/media\/10269"}],"wp:attachment":[{"href":"http:\/\/gradadigital.com\/home\/wp-json\/wp\/v2\/media?parent=10291"}],"wp:term":[{"taxonomy":"category","embeddable":true,"href":"http:\/\/gradadigital.com\/home\/wp-json\/wp\/v2\/categories?post=10291"},{"taxonomy":"post_tag","embeddable":true,"href":"http:\/\/gradadigital.com\/home\/wp-json\/wp\/v2\/tags?post=10291"}],"curies":[{"name":"wp","href":"https:\/\/api.w.org\/{rel}","templated":true}]}}