{"id":10236,"date":"2014-03-19T02:49:19","date_gmt":"2014-03-19T07:19:19","guid":{"rendered":"http:\/\/gradadigital.com\/home\/?p=10236"},"modified":"2014-03-19T11:52:14","modified_gmt":"2014-03-19T16:22:14","slug":"anzoategui-sufrio-dura-caida-en-torreon","status":"publish","type":"post","link":"http:\/\/gradadigital.com\/home\/anzoategui-sufrio-dura-caida-en-torreon\/","title":{"rendered":"Anzo\u00e1tegui sufri\u00f3 dura ca\u00edda en Torre\u00f3n"},"content":{"rendered":"<p style=\"text-align: center;\"><a href=\"http:\/\/gradadigital.com\/home\/wp-content\/uploads\/2014\/03\/alejandro_cichero_santoslaguna_anzoategui_18032014.jpg\"><img loading=\"lazy\" decoding=\"async\" class=\"alignnone size-full wp-image-10237\" alt=\"alejandro_cichero_santoslaguna_anzoategui_18032014\" src=\"http:\/\/gradadigital.com\/home\/wp-content\/uploads\/2014\/03\/alejandro_cichero_santoslaguna_anzoategui_18032014.jpg\" width=\"596\" height=\"346\" srcset=\"http:\/\/gradadigital.com\/home\/wp-content\/uploads\/2014\/03\/alejandro_cichero_santoslaguna_anzoategui_18032014.jpg 596w, http:\/\/gradadigital.com\/home\/wp-content\/uploads\/2014\/03\/alejandro_cichero_santoslaguna_anzoategui_18032014-300x174.jpg 300w\" sizes=\"auto, (max-width: 596px) 100vw, 596px\" \/><\/a><\/p>\n<p style=\"text-align: justify;\"><strong>C\u00e9sar Aular\/Prensa DANZ.-<\/strong> El Deportivo Anzo\u00e1tegui carg\u00f3 con su segunda derrota en la Copa Libertadores de\u00a0Am\u00e9rica tras caer por un tres a cero ante el Santos Laguna en el Estadio Corona de Torre\u00f3n, en lo que fue la\u00a0apertura de la fecha cuatro del grupo ocho del torneo continental.<\/p>\n<p style=\"text-align: justify;\">El cuadro local sali\u00f3 desde los primeros minutos a imponer su local\u00eda y su f\u00fatbol ante un conjunto que una\u00a0semana atr\u00e1s lo hab\u00eda puesto en aprietos, as\u00ed el equipo mexicano plante\u00f3 de arranque el partido bastante arriba\u00a0en zona del Anzo\u00e1tegui.<\/p>\n<p style=\"text-align: justify;\">Apenas al minuto 13\u2019 los locales consiguieron abrir el marcador por intermedio del colombiano de Andr\u00e9s\u00a0Renteria para el 1-0 que dio al Santos una ventaja tempranera para afrontar el resto del partido.<\/p>\n<p style=\"text-align: justify;\">Luego de los primeros veinte minutos y de verse abajo en el marcador el cuadro aurirrojo comenz\u00f3 a ganar\u00a0espacios tras asentarse mejor en la cancha y con remates de media distancia de Ricardo Martins avisaba al rival,\u00a0Framber Villegas y Jaime Moreno muy movedisos en el frente de ataque sacaban faltas constantes para dejar\u00a0opciones a los cobradores del DANZ que fallaron en sus intentos.<\/p>\n<p style=\"text-align: justify;\">A pesar de comenzar a llegar algo m\u00e1s, la claridad no aparec\u00eda en ataque para los aurirrojos y terminar\u00edan\u00a0marchandose a los camerinos abajo por una minima diferencia.<\/p>\n<p style=\"text-align: justify;\">Al inicio de la segunda mitad el director t\u00e9cnico Juvencio Betancourt movi\u00f3 el banquillo dando ingreso a David\u00a0Moreno por Enmanuel Calzadilla buscando mucha m\u00e1s fluidez en el juego de los orientales.<\/p>\n<p style=\"text-align: justify;\">Al 55\u2019 Javier Orozco aument\u00f3 la ventaja para los santitas, el esf\u00e9rico se estrell\u00f3 en el palo y el rebote qued\u00f3\u00a0pagando para que el mexicano la empujara al fondo de la red.<\/p>\n<p style=\"text-align: justify;\">El tercero fue obra de Oribe Peralta a los 65\u2019 y ya no hab\u00eda nada que hace para los aurirrojos, Edwin Aguilar y\u00a0Robert Hernandez tambien ingresaron al campo y junto a Jaime Moreno y Framber Villegas fueron al frente de\u00a0ataque buscando el descuento que nunca lleg\u00f3.<\/p>\n<p style=\"text-align: justify;\">Jaime Moreno se perdi\u00f3 una clara ante el portero Oswaldo S\u00e1nchez, pero mand\u00f3 desviado su remate y no\u00a0qued\u00f3 tiempo para m\u00e1s. El DANZ afrotar\u00e1 ahora la fecha correspondiente de este fin de semana por el Torneo\u00a0Clausura cuando reciba al Deportivo La Guaira antes de poner la mirada nuevamente en la Libertadores para\u00a0chocar como local ante Arsenal de Sarand\u00ed.<\/p>\n<div style=\"text-align: center;\"><iframe loading=\"lazy\" src=\"http:\/\/gradadigital.com\/datafactory\/html\/libertadores\/ficha187361.html\" height=\"1030\" width=\"702\" frameborder=\"0\" marginwidth=\"0\" marginheight=\"0\" scrolling=\"no\"><\/iframe><\/div>\n","protected":false},"excerpt":{"rendered":"<p>C\u00e9sar Aular\/Prensa DANZ.- El Deportivo Anzo\u00e1tegui carg\u00f3 con su segunda derrota en la Copa Libertadores de\u00a0Am\u00e9rica tras caer por un tres a cero ante el Santos Laguna en el Estadio Corona de Torre\u00f3n, en lo que fue la\u00a0apertura de la fecha cuatro del grupo ocho del torneo continental. El cuadro local sali\u00f3 desde los primeros &#8230;<\/p>\n","protected":false},"author":4,"featured_media":10237,"comment_status":"closed","ping_status":"closed","sticky":false,"template":"","format":"standard","meta":{"footnotes":""},"categories":[37,10,36],"tags":[],"class_list":["post-10236","post","type-post","status-publish","format-standard","has-post-thumbnail","hentry","category-copa-libertadores","category-deportivo-anzoategui","category-internacional"],"_links":{"self":[{"href":"http:\/\/gradadigital.com\/home\/wp-json\/wp\/v2\/posts\/10236","targetHints":{"allow":["GET"]}}],"collection":[{"href":"http:\/\/gradadigital.com\/home\/wp-json\/wp\/v2\/posts"}],"about":[{"href":"http:\/\/gradadigital.com\/home\/wp-json\/wp\/v2\/types\/post"}],"author":[{"embeddable":true,"href":"http:\/\/gradadigital.com\/home\/wp-json\/wp\/v2\/users\/4"}],"replies":[{"embeddable":true,"href":"http:\/\/gradadigital.com\/home\/wp-json\/wp\/v2\/comments?post=10236"}],"version-history":[{"count":2,"href":"http:\/\/gradadigital.com\/home\/wp-json\/wp\/v2\/posts\/10236\/revisions"}],"predecessor-version":[{"id":10239,"href":"http:\/\/gradadigital.com\/home\/wp-json\/wp\/v2\/posts\/10236\/revisions\/10239"}],"wp:featuredmedia":[{"embeddable":true,"href":"http:\/\/gradadigital.com\/home\/wp-json\/wp\/v2\/media\/10237"}],"wp:attachment":[{"href":"http:\/\/gradadigital.com\/home\/wp-json\/wp\/v2\/media?parent=10236"}],"wp:term":[{"taxonomy":"category","embeddable":true,"href":"http:\/\/gradadigital.com\/home\/wp-json\/wp\/v2\/categories?post=10236"},{"taxonomy":"post_tag","embeddable":true,"href":"http:\/\/gradadigital.com\/home\/wp-json\/wp\/v2\/tags?post=10236"}],"curies":[{"name":"wp","href":"https:\/\/api.w.org\/{rel}","templated":true}]}}