{"id":10202,"date":"2014-03-18T03:55:52","date_gmt":"2014-03-18T08:25:52","guid":{"rendered":"http:\/\/gradadigital.com\/home\/?p=10202"},"modified":"2014-03-18T16:20:33","modified_gmt":"2014-03-18T20:50:33","slug":"zamora-con-la-conviccion-por-los-tres-puntos-en-bogota","status":"publish","type":"post","link":"http:\/\/gradadigital.com\/home\/zamora-con-la-conviccion-por-los-tres-puntos-en-bogota\/","title":{"rendered":"Zamora con la convicci\u00f3n por los tres puntos en Bogot\u00e1"},"content":{"rendered":"<p style=\"text-align: center;\"><img loading=\"lazy\" decoding=\"async\" class=\"alignnone size-full wp-image-10203\" alt=\"entrenamiento_zamora_santafe_18032014\" src=\"http:\/\/gradadigital.com\/home\/wp-content\/uploads\/2014\/03\/entrenamiento_zamora_santafe_18032014.jpg\" width=\"596\" height=\"346\" srcset=\"http:\/\/gradadigital.com\/home\/wp-content\/uploads\/2014\/03\/entrenamiento_zamora_santafe_18032014.jpg 596w, http:\/\/gradadigital.com\/home\/wp-content\/uploads\/2014\/03\/entrenamiento_zamora_santafe_18032014-300x174.jpg 300w\" sizes=\"auto, (max-width: 596px) 100vw, 596px\" \/><\/p>\n<p style=\"text-align: justify;\"><strong>Peter Herrera \/ Prensa Zamora FC,\u00a0Bogot\u00e1.<\/strong> El Zamora F\u00fatbol Club disputar\u00e1 este martes la cuarta fecha del grupo cuatro de la\u00a0Copa Libertadores de Am\u00e9rica 2014, cuando visite el m\u00edtico estadio del Campin de Bogot\u00e1-\u00a0Colombia para enfrentar al Independiente de Santa Fe.<\/p>\n<p style=\"text-align: justify;\">El encuentro reunir\u00e1 a dos equipos que comparten la misma cantidad de puntos (3) en\u00a0esta zafra internacional, lo que adelanta que se jugar\u00e1 a una gran intensidad futbol\u00edstica.<\/p>\n<p style=\"text-align: justify;\">Los blanquinegros que seg\u00fan el \u00faltimo estudio realizado por la consultora estad\u00edstica Pluri,\u00a0sobre el valor de mercado de los 38 clubes que disputan la Libertadores, ocupan la \u00faltima\u00a0posici\u00f3n con la plantilla menos costosa; no se han amilanado ante tal situaci\u00f3n. Siendo el\u00a0rival de turno el equipo que m\u00e1s reforz\u00f3 su plantilla y que en los estudios ocupa la d\u00e9cima\u00a0quinta casilla, los llaneros picaron adelante y ganaron la ida en La Carolina.<\/p>\n<p style=\"text-align: justify;\">Con un gran ambiente se recibi\u00f3 a los barineses en la capital colombiana, siendo uno\u00a0de los principales atractivos el polivalente defensor Hugo Soto. Previo al cotejo el\u00a0experimentado jugador zamorano solt\u00f3 la importancia de sumar de visitante \u201cun partido\u00a0importante y vital en las aspiraciones que nosotros tenemos, es fundamental sumar para\u00a0los objetivos que nosotros nos hemos trazados y vamos a colocar toda nuestra disposici\u00f3n\u00a0y entrega para conseguirlo\u201d. Adem\u00e1s agreg\u00f3 una de las claves para salir airosos del duelo\u00a0copero \u201clo m\u00e1s importante es tener la disposici\u00f3n, la mentalidad siempre puesta en que\u00a0todo va a salir bien. Sumado al trabajo tenemos la certeza que todo llegar\u00e1, este es un\u00a0club bastante joven pero que ha sabido madurar. Estamos conscientes de que ser\u00e1 un gran\u00a0marco ante un gran rival\u201d.<\/p>\n<p style=\"text-align: justify;\">Refiri\u00e9ndose directamente al Santa Fe, Soto coment\u00f3 que \u201ces un equipo con jugadores\u00a0de jerarqu\u00eda, de mucho nombre, el equipo que m\u00e1s ha hecho contrataciones en el f\u00fatbol\u00a0colombiano con 14, van a estar con su afici\u00f3n que los motiva. Un club que no se le puede\u00a0dar espacios, as\u00ed que nosotros debemos estar pendientes hacer nuestro f\u00fatbol y esperamos\u00a0cerrar con un marcador positivo\u201d. Para cerrar el colombiano, enfatiz\u00f3 la concentraci\u00f3n\u00a0que debe tener la \u2018furia llanera\u2019 para sumar de tres \u201csabemos que los dos equipos\u00a0tenemos necesidad de sumar, pero ah\u00ed debemos ser m\u00e1s inteligentes, compactos, s\u00f3lidos y\u00a0contundentes en la parte de arriba los 90\u2019 minutos\u201d.<\/p>\n<p style=\"text-align: justify;\">El encuentro dar\u00e1 inicio a las 8 de la noche hora colombiana, 8:30 hora venezolana con\u00a0arbitraje boliviano conformado por: Oscar Maldonado (Arbitro Principal), Wilson Arellanos\u00a0y Javier Bustillos (Asistentes).<\/p>\n","protected":false},"excerpt":{"rendered":"<p>Peter Herrera \/ Prensa Zamora FC,\u00a0Bogot\u00e1. El Zamora F\u00fatbol Club disputar\u00e1 este martes la cuarta fecha del grupo cuatro de la\u00a0Copa Libertadores de Am\u00e9rica 2014, cuando visite el m\u00edtico estadio del Campin de Bogot\u00e1-\u00a0Colombia para enfrentar al Independiente de Santa Fe. El encuentro reunir\u00e1 a dos equipos que comparten la misma cantidad de puntos (3) &#8230;<\/p>\n","protected":false},"author":4,"featured_media":10203,"comment_status":"closed","ping_status":"closed","sticky":false,"template":"","format":"standard","meta":{"footnotes":""},"categories":[37,36,21],"tags":[95,1854,113,51,1847],"class_list":["post-10202","post","type-post","status-publish","format-standard","has-post-thumbnail","hentry","category-copa-libertadores","category-internacional","category-zamora-fc","tag-colombia","tag-copa-libertadores","tag-independiente-santa-fe","tag-venezuela","tag-zamora-fc"],"_links":{"self":[{"href":"http:\/\/gradadigital.com\/home\/wp-json\/wp\/v2\/posts\/10202","targetHints":{"allow":["GET"]}}],"collection":[{"href":"http:\/\/gradadigital.com\/home\/wp-json\/wp\/v2\/posts"}],"about":[{"href":"http:\/\/gradadigital.com\/home\/wp-json\/wp\/v2\/types\/post"}],"author":[{"embeddable":true,"href":"http:\/\/gradadigital.com\/home\/wp-json\/wp\/v2\/users\/4"}],"replies":[{"embeddable":true,"href":"http:\/\/gradadigital.com\/home\/wp-json\/wp\/v2\/comments?post=10202"}],"version-history":[{"count":1,"href":"http:\/\/gradadigital.com\/home\/wp-json\/wp\/v2\/posts\/10202\/revisions"}],"predecessor-version":[{"id":10204,"href":"http:\/\/gradadigital.com\/home\/wp-json\/wp\/v2\/posts\/10202\/revisions\/10204"}],"wp:featuredmedia":[{"embeddable":true,"href":"http:\/\/gradadigital.com\/home\/wp-json\/wp\/v2\/media\/10203"}],"wp:attachment":[{"href":"http:\/\/gradadigital.com\/home\/wp-json\/wp\/v2\/media?parent=10202"}],"wp:term":[{"taxonomy":"category","embeddable":true,"href":"http:\/\/gradadigital.com\/home\/wp-json\/wp\/v2\/categories?post=10202"},{"taxonomy":"post_tag","embeddable":true,"href":"http:\/\/gradadigital.com\/home\/wp-json\/wp\/v2\/tags?post=10202"}],"curies":[{"name":"wp","href":"https:\/\/api.w.org\/{rel}","templated":true}]}}